{"id":9405,"date":"2026-04-26T08:49:20","date_gmt":"2026-04-26T05:19:20","guid":{"rendered":"https:\/\/fajr.news\/?p=9405"},"modified":"2026-04-26T08:49:20","modified_gmt":"2026-04-26T05:19:20","slug":"orta-doguda-savas-son-gelismeler-4","status":"publish","type":"post","link":"https:\/\/fajr.news\/?p=9405&lang=tr","title":{"rendered":"Orta Do\u011fu&#8217;da Sava\u015f: Son Geli\u015fmeler"},"content":{"rendered":"<p>Orta Do\u011fu&#8217;daki sava\u015fta ya\u015fanan son geli\u015fmeler:<\/p>\n<p>*   **\u0130srail G\u00fcney L\u00fcbnan&#8217;\u0131 Vurdu:** \u0130srail Ba\u015fbakan\u0131 Binyamin Netanyahu&#8217;nun, ate\u015fkes ihlali iddialar\u0131n\u0131n ard\u0131ndan ordusuna Hizbullah&#8217;a sald\u0131rma emri vermesiyle L\u00fcbnan devlet medyas\u0131, Cumartesi ge\u00e7 saatlerde \u00fclkenin g\u00fcneyindeki en az d\u00f6rt farkl\u0131 noktaya yeni \u0130srail sald\u0131r\u0131lar\u0131 d\u00fczenlendi\u011fini bildirdi. Daha \u00f6nce g\u00fcn i\u00e7inde d\u00fczenlenen sald\u0131r\u0131larda, yak\u0131n zamanda uzat\u0131lan ate\u015fkese ra\u011fmen alt\u0131 ki\u015finin hayat\u0131n\u0131 kaybetti\u011fi belirtildi.<\/p>\n<p>*   **\u0130ran D\u0131\u015fi\u015fleri Bakan\u0131 Pakistan&#8217;a Geri D\u00f6n\u00fcyor:** ABD-\u0130ran bar\u0131\u015f g\u00f6r\u00fc\u015fmelerinin iptal edilmesiyle birlikte, \u0130ran D\u0131\u015fi\u015fleri Bakan\u0131 Abbas Araghchi&#8217;nin Umman ziyaretinin ard\u0131ndan Pakistan&#8217;a geri d\u00f6nece\u011fi, ard\u0131ndan Rusya&#8217;ya ge\u00e7ece\u011fi devlet medyas\u0131 taraf\u0131ndan Cumartesi g\u00fcn\u00fc bildirildi. IRNA haber ajans\u0131, \u0130ran d\u0131\u015fi\u015fleri bakanl\u0131\u011f\u0131na at\u0131fta bulunarak, g\u00fcn\u00fcn erken saatlerinde \u0130slamabad&#8217;dan ayr\u0131lan Araghchi&#8217;nin &#8220;Umman gezisini tamamlad\u0131ktan sonra ve Rusya&#8217;ya gitmeden \u00f6nce Pakistan&#8217;\u0131 tekrar ziyaret etmesinin planland\u0131\u011f\u0131n\u0131&#8221; aktard\u0131.<\/p>\n<p>*   **Pakistan Rol\u00fcne &#8216;Ba\u011fl\u0131&#8217;:** Pakistan Ba\u015fbakan\u0131 \u015eehbaz \u015eerif, \u0130slamabad&#8217;daki ABD-\u0130ran bar\u0131\u015f g\u00f6r\u00fc\u015fmeleri iptal edildikten sonra \u0130ran Cumhurba\u015fkan\u0131 Mesud Peze\u015fkian ile telefonla g\u00f6r\u00fc\u015ft\u00fc\u011f\u00fcn\u00fc s\u00f6yledi. \u015eerif, X platformunda yapt\u0131\u011f\u0131 payla\u015f\u0131mda, &#8220;Pakistan, b\u00f6lgede kal\u0131c\u0131 bar\u0131\u015f ve istikrar\u0131 ilerletmek i\u00e7in yorulmadan \u00e7al\u0131\u015farak d\u00fcr\u00fcst ve samimi bir kolayla\u015ft\u0131r\u0131c\u0131 olarak hizmet etmeye kararl\u0131d\u0131r&#8221; ifadelerini kulland\u0131.<\/p>\n<p>*   **ABD &#8216;Ger\u00e7ekten Ciddi mi&#8217;?** \u0130ran D\u0131\u015fi\u015fleri Bakan\u0131 Abbas Araghchi, Amerika Birle\u015fik Devletleri&#8217;nin &#8220;diplomasi konusunda ger\u00e7ekten ciddi olup olmad\u0131\u011f\u0131n\u0131n&#8221; hen\u00fcz belli olmad\u0131\u011f\u0131n\u0131 s\u00f6yledi.<\/p>\n<p>*   **Trump El\u00e7ilerin Pakistan Seyahatini \u0130ptal Etti:** ABD Ba\u015fkan\u0131 Donald Trump, sava\u015f\u0131n sona erdirilmesi i\u00e7in \u0130ranl\u0131 yetkililerle g\u00f6r\u00fc\u015fmek \u00fczere el\u00e7ilerinin Pakistan&#8217;a gitmesini emretti. Truth Social platformundaki bir g\u00f6nderisinde Trump, &#8220;Liderlikleri i\u00e7inde muazzam bir i\u00e7 \u00e7eki\u015fme ve kafa kar\u0131\u015f\u0131kl\u0131\u011f\u0131 var. Kimin sorumlu oldu\u011funu kendileri bile bilmiyorlar&#8221; dedi. Trump, bu hamlenin sava\u015f\u0131n yeniden ba\u015flamas\u0131 anlam\u0131na gelmedi\u011fini belirtti.<\/p>\n<p>*   **Alman May\u0131n Tarama Gemisi:** Bir savunma bakanl\u0131\u011f\u0131 s\u00f6zc\u00fcs\u00fc AFP&#8217;ye verdi\u011fi deme\u00e7te, Almanya&#8217;n\u0131n ABD-\u0130ran sava\u015f\u0131n\u0131n sona ermesinin ard\u0131ndan H\u00fcrm\u00fcz Bo\u011faz\u0131&#8217;nda olas\u0131 bir g\u00f6rev i\u00e7in Akdeniz&#8217;e yak\u0131nda bir may\u0131n tarama gemisi g\u00f6nderece\u011fini s\u00f6yledi.<\/p>\n<p>*   **ABD &#8216;\u00c7\u0131kmazda&#8217;:** \u0130ran savunma bakanl\u0131\u011f\u0131 s\u00f6zc\u00fcs\u00fc, Amerika Birle\u015fik Devletleri&#8217;nin &#8220;i\u00e7ine d\u00fc\u015ft\u00fc\u011f\u00fc sava\u015f batakl\u0131\u011f\u0131ndan onurlu bir \u015fekilde kurtulman\u0131n yollar\u0131n\u0131 arad\u0131\u011f\u0131n\u0131&#8221; s\u00f6yledi. \u0130ran ordusu ayr\u0131ca, ABD&#8217;nin \u0130ran limanlar\u0131na uygulad\u0131\u011f\u0131 ablukay\u0131 s\u00fcrd\u00fcrmesi halinde kar\u015f\u0131l\u0131k verece\u011fi uyar\u0131s\u0131nda bulunarak, bunu &#8220;haydutluk&#8221; olarak nitelendirdi.<\/p>\n<p>*   **\u0130ran&#8217;da \u0130nfaz:** \u0130ran, sava\u015f s\u0131ras\u0131nda ger\u00e7ekle\u015ftirdi\u011fi infaz serisine bir yenisini ekleyerek, yarg\u0131s\u0131n\u0131n Ocak ay\u0131ndaki kitlesel protestolar s\u0131ras\u0131nda \u0130srail&#8217;in casusluk te\u015fkilat\u0131 ad\u0131na bir &#8220;g\u00f6rev&#8221; y\u00fcr\u00fctt\u00fc\u011f\u00fcn\u00fc s\u00f6yledi\u011fi bir adam\u0131 idam etti.<\/p>\n<p>*   **Kuveyt Gazeteciyi Serbest B\u0131rakt\u0131:** Bir ABD D\u0131\u015fi\u015fleri Bakanl\u0131\u011f\u0131 yetkilisi, ABD-\u0130ran sava\u015f\u0131n\u0131n g\u00f6r\u00fcnt\u00fclerini payla\u015fmaya y\u00f6nelik bask\u0131lar s\u0131ras\u0131nda haftalarca Kuveyt&#8217;te tutulan Amerikal\u0131-Kuveytli gazetecinin serbest b\u0131rak\u0131ld\u0131\u011f\u0131n\u0131 s\u00f6yledi. The New York Times, PBS ve Al Jazeera English&#8217;e katk\u0131da bulunan Ahmed Shihab-Eldin, 3 Mart&#8217;ta yanl\u0131\u015f bilgi yaymak, ulusal g\u00fcvenli\u011fe zarar vermek ve cep telefonunu k\u00f6t\u00fcye kullanmak su\u00e7lamalar\u0131yla tutuklanm\u0131\u015ft\u0131.<\/p>\n<p>#OrtaDo\u011fuSava\u015f\u0131 #\u0130srailL\u00fcbnan #\u0130ranDiplomasisi #ABD\u0130ranGerilimi #PakistanBar\u0131\u015f #H\u00fcrm\u00fczBo\u011faz\u0131 #\u0130ran\u0130nfaz #KuveytGazeteci #Diplomasi #B\u00f6lgeselGeli\u015fmeler<\/p>\n","protected":false},"excerpt":{"rendered":"<p>Orta Do\u011fu&#8217;daki sava\u015fta ya\u015fanan son geli\u015fmeler: * **\u0130srail G\u00fcney L\u00fcbnan&#8217;\u0131 Vurdu:** \u0130srail Ba\u015fbakan\u0131 Binyamin Netanyahu&#8217;nun, ate\u015fkes ihlali iddialar\u0131n\u0131n ard\u0131ndan ordusuna Hizbullah&#8217;a sald\u0131rma emri vermesiyle L\u00fcbnan devlet medyas\u0131, Cumartesi ge\u00e7 saatlerde \u00fclkenin g\u00fcneyindeki en az d\u00f6rt farkl\u0131 noktaya yeni \u0130srail sald\u0131r\u0131lar\u0131 d\u00fczenlendi\u011fini bildirdi. Daha \u00f6nce g\u00fcn i\u00e7inde d\u00fczenlenen sald\u0131r\u0131larda, yak\u0131n zamanda uzat\u0131lan ate\u015fkese ra\u011fmen alt\u0131 ki\u015finin [&hellip;]<\/p>\n","protected":false},"author":2,"featured_media":9406,"comment_status":"open","ping_status":"open","sticky":false,"template":"","format":"standard","meta":{"footnotes":""},"categories":[37],"tags":[],"class_list":["post-9405","post","type-post","status-publish","format-standard","has-post-thumbnail","hentry","category-orta-dogu-haberleri"],"_links":{"self":[{"href":"https:\/\/fajr.news\/index.php?rest_route=\/wp\/v2\/posts\/9405","targetHints":{"allow":["GET"]}}],"collection":[{"href":"https:\/\/fajr.news\/index.php?rest_route=\/wp\/v2\/posts"}],"about":[{"href":"https:\/\/fajr.news\/index.php?rest_route=\/wp\/v2\/types\/post"}],"author":[{"embeddable":true,"href":"https:\/\/fajr.news\/index.php?rest_route=\/wp\/v2\/users\/2"}],"replies":[{"embeddable":true,"href":"https:\/\/fajr.news\/index.php?rest_route=%2Fwp%2Fv2%2Fcomments&post=9405"}],"version-history":[{"count":0,"href":"https:\/\/fajr.news\/index.php?rest_route=\/wp\/v2\/posts\/9405\/revisions"}],"wp:featuredmedia":[{"embeddable":true,"href":"https:\/\/fajr.news\/index.php?rest_route=\/wp\/v2\/media\/9406"}],"wp:attachment":[{"href":"https:\/\/fajr.news\/index.php?rest_route=%2Fwp%2Fv2%2Fmedia&parent=9405"}],"wp:term":[{"taxonomy":"category","embeddable":true,"href":"https:\/\/fajr.news\/index.php?rest_route=%2Fwp%2Fv2%2Fcategories&post=9405"},{"taxonomy":"post_tag","embeddable":true,"href":"https:\/\/fajr.news\/index.php?rest_route=%2Fwp%2Fv2%2Ftags&post=9405"}],"curies":[{"name":"wp","href":"https:\/\/api.w.org\/{rel}","templated":true}]}}