{"id":9389,"date":"2026-04-26T08:24:04","date_gmt":"2026-04-26T04:54:04","guid":{"rendered":"https:\/\/fajr.news\/?p=9389"},"modified":"2026-04-26T08:24:04","modified_gmt":"2026-04-26T04:54:04","slug":"macron-ortadoguda-ateskesin-saglamlastirilmasi-ve-kapsamli-bir-baris-surecinin-baslatilmasi-cagrisi-yapti","status":"publish","type":"post","link":"https:\/\/fajr.news\/?p=9389&lang=tr","title":{"rendered":"Macron, Ortado\u011fu&#8217;da ate\u015fkesin sa\u011flamla\u015ft\u0131r\u0131lmas\u0131 ve kapsaml\u0131 bir bar\u0131\u015f s\u00fcrecinin ba\u015flat\u0131lmas\u0131 \u00e7a\u011fr\u0131s\u0131 yapt\u0131"},"content":{"rendered":"<p>Paris, Fransa \u2013 Fransa Cumhurba\u015fkan\u0131 Emmanuel Macron, Ortado\u011fu&#8217;daki ate\u015fkesin korunmas\u0131 \u00e7a\u011fr\u0131s\u0131nda bulundu. B\u00f6lgenin \u00e7e\u015fitli yerlerinde \u00e7at\u0131\u015fmalar\u0131 yeniden alevlendirme tehdidi olu\u015fturan devam eden gerilimler g\u00f6z \u00f6n\u00fcne al\u0131nd\u0131\u011f\u0131nda, Macron, ate\u015fkesin daha geni\u015f bir bar\u0131\u015f s\u00fcrecine ger\u00e7ek bir giri\u015f noktas\u0131 haline getirilmesi i\u00e7in \u00e7aba g\u00f6sterilmesi gerekti\u011fini vurgulad\u0131.<\/p>\n<p>**Kapsaml\u0131 Bir Siyasi S\u00fcre\u00e7 Ba\u015flat\u0131lmas\u0131**<br \/>\nMacron&#8217;un a\u00e7\u0131klamalar\u0131, son aylardaki tekrarlanan gerilimlerin ard\u0131ndan b\u00f6lgede temkinli bir sakinli\u011fin ya\u015fand\u0131\u011f\u0131 bir d\u00f6neme denk geliyor. Bu geli\u015fmeler, bir\u00e7ok Avrupa ba\u015fkentini mevcut anla\u015fmalar\u0131n \u00e7\u00f6kmesini \u00f6nlemek i\u00e7in diplomatik \u00e7abalar\u0131n\u0131 yo\u011funla\u015ft\u0131rmaya sevk etti. Frans\u0131z Cumhurba\u015fkan\u0131, son a\u00e7\u0131klamalar\u0131nda ate\u015fkesin yaln\u0131zca ge\u00e7ici bir m\u00fctareke olarak kalmamas\u0131 gerekti\u011fini vurgulad\u0131. Aksine, krizlerin temel nedenlerini ele alan kapsaml\u0131 bir siyasi s\u00fcreci ba\u015flatmak i\u00e7in \u00fczerine in\u015fa edilmesi gerekti\u011fini belirtti. Ayr\u0131ca, t\u00fcm taraflar i\u00e7in g\u00fcvenlik ve istikrar\u0131 garanti eden adil \u00e7\u00f6z\u00fcmler kavram\u0131n\u0131n yeniden canland\u0131r\u0131lmas\u0131n\u0131n \u00f6nemini de vurgulad\u0131.<\/p>\n<p>**Ekonomik ve G\u00fcvenlik Yans\u0131malar\u0131**<br \/>\nFransa, diplomatik \u00e7\u00f6z\u00fcmlerin te\u015fvik edilmesinde Avrupa Birli\u011fi i\u00e7inde aktif bir rol oynamaktad\u0131r. Paris, b\u00f6lgesel konularda Bat\u0131&#8217;n\u0131n pozisyonlar\u0131n\u0131 koordine etmeyi hedeflemektedir. Fransa ayr\u0131ca askeri t\u0131rman\u0131\u015f yerine \u00e7at\u0131\u015fmalar\u0131 azaltmaya ve siyasi ileti\u015fim kanallar\u0131n\u0131 a\u00e7maya odaklanm\u0131\u015ft\u0131r. G\u00f6zlemciler, Macron&#8217;un \u00e7a\u011fr\u0131s\u0131n\u0131n, \u00e7at\u0131\u015fman\u0131n geni\u015fleyen kapsam\u0131na ili\u015fkin artan Avrupa endi\u015fesini yans\u0131tt\u0131\u011f\u0131na inan\u0131yor. Bu endi\u015fe, Ortado\u011fu&#8217;nun \u00f6tesine uzanan ekonomik ve g\u00fcvenlik yans\u0131malar\u0131, enerji piyasalar\u0131, g\u00f6\u00e7 ve b\u00f6lgesel g\u00fcvenlik gibi konularla daha da artmaktad\u0131r.<\/p>\n<p>Bu arada, kal\u0131c\u0131 bir ate\u015fkesin sa\u011flanma \u015fans\u0131, kilit oyuncular aras\u0131ndaki daha derin anlay\u0131\u015flara ba\u011fl\u0131 olmaya devam ediyor. Bu durum, herhangi bir uzun vadeli bar\u0131\u015f s\u00fcrecini son derece zorla\u015ft\u0131ran siyasi ve saha karma\u015f\u0131kl\u0131klar\u0131 aras\u0131nda ger\u00e7ekle\u015fiyor. Bununla birlikte, daha fazla t\u0131rman\u0131\u015f turunu \u00f6nlemek i\u00e7in bu se\u00e7enek masada kalmaya devam ediyor.<\/p>\n<p>#Macron #Ortado\u011fuBar\u0131\u015f\u0131 #Ate\u015fkes #Diplomasi #Fransa #AvrupaBirli\u011fi #SiyasiS\u00fcre\u00e7 #B\u00f6lgeselG\u00fcvenlik #Bar\u0131\u015f\u00c7a\u011fr\u0131s\u0131 #Kriz\u00c7\u00f6z\u00fcm\u00fc<\/p>\n","protected":false},"excerpt":{"rendered":"<p>Paris, Fransa \u2013 Fransa Cumhurba\u015fkan\u0131 Emmanuel Macron, Ortado\u011fu&#8217;daki ate\u015fkesin korunmas\u0131 \u00e7a\u011fr\u0131s\u0131nda bulundu. B\u00f6lgenin \u00e7e\u015fitli yerlerinde \u00e7at\u0131\u015fmalar\u0131 yeniden alevlendirme tehdidi olu\u015fturan devam eden gerilimler g\u00f6z \u00f6n\u00fcne al\u0131nd\u0131\u011f\u0131nda, Macron, ate\u015fkesin daha geni\u015f bir bar\u0131\u015f s\u00fcrecine ger\u00e7ek bir giri\u015f noktas\u0131 haline getirilmesi i\u00e7in \u00e7aba g\u00f6sterilmesi gerekti\u011fini vurgulad\u0131. **Kapsaml\u0131 Bir Siyasi S\u00fcre\u00e7 Ba\u015flat\u0131lmas\u0131** Macron&#8217;un a\u00e7\u0131klamalar\u0131, son aylardaki tekrarlanan gerilimlerin [&hellip;]<\/p>\n","protected":false},"author":2,"featured_media":9390,"comment_status":"open","ping_status":"open","sticky":false,"template":"","format":"standard","meta":{"footnotes":""},"categories":[37],"tags":[],"class_list":["post-9389","post","type-post","status-publish","format-standard","has-post-thumbnail","hentry","category-orta-dogu-haberleri"],"_links":{"self":[{"href":"https:\/\/fajr.news\/index.php?rest_route=\/wp\/v2\/posts\/9389","targetHints":{"allow":["GET"]}}],"collection":[{"href":"https:\/\/fajr.news\/index.php?rest_route=\/wp\/v2\/posts"}],"about":[{"href":"https:\/\/fajr.news\/index.php?rest_route=\/wp\/v2\/types\/post"}],"author":[{"embeddable":true,"href":"https:\/\/fajr.news\/index.php?rest_route=\/wp\/v2\/users\/2"}],"replies":[{"embeddable":true,"href":"https:\/\/fajr.news\/index.php?rest_route=%2Fwp%2Fv2%2Fcomments&post=9389"}],"version-history":[{"count":0,"href":"https:\/\/fajr.news\/index.php?rest_route=\/wp\/v2\/posts\/9389\/revisions"}],"wp:featuredmedia":[{"embeddable":true,"href":"https:\/\/fajr.news\/index.php?rest_route=\/wp\/v2\/media\/9390"}],"wp:attachment":[{"href":"https:\/\/fajr.news\/index.php?rest_route=%2Fwp%2Fv2%2Fmedia&parent=9389"}],"wp:term":[{"taxonomy":"category","embeddable":true,"href":"https:\/\/fajr.news\/index.php?rest_route=%2Fwp%2Fv2%2Fcategories&post=9389"},{"taxonomy":"post_tag","embeddable":true,"href":"https:\/\/fajr.news\/index.php?rest_route=%2Fwp%2Fv2%2Ftags&post=9389"}],"curies":[{"name":"wp","href":"https:\/\/api.w.org\/{rel}","templated":true}]}}