{"id":9378,"date":"2026-04-26T08:03:39","date_gmt":"2026-04-26T04:33:39","guid":{"rendered":"https:\/\/fajr.news\/?p=9378"},"modified":"2026-04-26T08:03:39","modified_gmt":"2026-04-26T04:33:39","slug":"trump-iran-ile-gorusmeleri-iptal-ettigini-dogruladi","status":"publish","type":"post","link":"https:\/\/fajr.news\/?p=9378&lang=tr","title":{"rendered":"Trump, \u0130ran ile g\u00f6r\u00fc\u015fmeleri iptal etti\u011fini do\u011frulad\u0131"},"content":{"rendered":"<p>Amerika Birle\u015fik Devletleri Ba\u015fkan\u0131 Donald Trump Cumartesi g\u00fcn\u00fc yapt\u0131\u011f\u0131 a\u00e7\u0131klamada, Pakistan&#8217;da \u0130ran heyetiyle m\u00fczakere etmek \u00fczere el\u00e7ilerini g\u00f6ndermekten vazge\u00e7ti\u011fini do\u011frulad\u0131.<br \/>\nTruth Social&#8217;da yapt\u0131\u011f\u0131 payla\u015f\u0131mda, &#8220;Seyahat i\u00e7in \u00e7ok fazla zaman kayb\u0131, \u00e7ok fazla i\u015f!&#8221; ifadelerini kullanan Trump, Tahran&#8217;da kimin sorumlu oldu\u011fu konusunda &#8220;kafa kar\u0131\u015f\u0131kl\u0131\u011f\u0131&#8221; oldu\u011funu da s\u00f6zlerine ekledi. &#8220;Liderlikleri i\u00e7inde muazzam bir i\u00e7 \u00e7eki\u015fme ve kafa kar\u0131\u015f\u0131kl\u0131\u011f\u0131 var. Onlar da dahil olmak \u00fczere kimin sorumlu oldu\u011funu kimse bilmiyor,&#8221; diye yazd\u0131.<br \/>\nS\u00f6zlerini, &#8220;Ayr\u0131ca, t\u00fcm kartlar bizde, onlarda hi\u00e7 yok! Konu\u015fmak isterlerse, tek yapmalar\u0131 gereken aramak!!!&#8221; diyerek tamamlad\u0131.<\/p>\n<p>#Trump #\u0130ran #M\u00fczakereler #Diplomasi #ABD #Ortado\u011fu #Siyaset #TruthSocial #\u0130ranLiderli\u011fi #Uluslararas\u0131\u0130li\u015fkiler<\/p>\n","protected":false},"excerpt":{"rendered":"<p>Amerika Birle\u015fik Devletleri Ba\u015fkan\u0131 Donald Trump Cumartesi g\u00fcn\u00fc yapt\u0131\u011f\u0131 a\u00e7\u0131klamada, Pakistan&#8217;da \u0130ran heyetiyle m\u00fczakere etmek \u00fczere el\u00e7ilerini g\u00f6ndermekten vazge\u00e7ti\u011fini do\u011frulad\u0131. Truth Social&#8217;da yapt\u0131\u011f\u0131 payla\u015f\u0131mda, &#8220;Seyahat i\u00e7in \u00e7ok fazla zaman kayb\u0131, \u00e7ok fazla i\u015f!&#8221; ifadelerini kullanan Trump, Tahran&#8217;da kimin sorumlu oldu\u011fu konusunda &#8220;kafa kar\u0131\u015f\u0131kl\u0131\u011f\u0131&#8221; oldu\u011funu da s\u00f6zlerine ekledi. &#8220;Liderlikleri i\u00e7inde muazzam bir i\u00e7 \u00e7eki\u015fme ve kafa [&hellip;]<\/p>\n","protected":false},"author":2,"featured_media":9379,"comment_status":"open","ping_status":"open","sticky":false,"template":"","format":"standard","meta":{"footnotes":""},"categories":[31],"tags":[],"class_list":["post-9378","post","type-post","status-publish","format-standard","has-post-thumbnail","hentry","category-iran-haberleri"],"_links":{"self":[{"href":"https:\/\/fajr.news\/index.php?rest_route=\/wp\/v2\/posts\/9378","targetHints":{"allow":["GET"]}}],"collection":[{"href":"https:\/\/fajr.news\/index.php?rest_route=\/wp\/v2\/posts"}],"about":[{"href":"https:\/\/fajr.news\/index.php?rest_route=\/wp\/v2\/types\/post"}],"author":[{"embeddable":true,"href":"https:\/\/fajr.news\/index.php?rest_route=\/wp\/v2\/users\/2"}],"replies":[{"embeddable":true,"href":"https:\/\/fajr.news\/index.php?rest_route=%2Fwp%2Fv2%2Fcomments&post=9378"}],"version-history":[{"count":0,"href":"https:\/\/fajr.news\/index.php?rest_route=\/wp\/v2\/posts\/9378\/revisions"}],"wp:featuredmedia":[{"embeddable":true,"href":"https:\/\/fajr.news\/index.php?rest_route=\/wp\/v2\/media\/9379"}],"wp:attachment":[{"href":"https:\/\/fajr.news\/index.php?rest_route=%2Fwp%2Fv2%2Fmedia&parent=9378"}],"wp:term":[{"taxonomy":"category","embeddable":true,"href":"https:\/\/fajr.news\/index.php?rest_route=%2Fwp%2Fv2%2Fcategories&post=9378"},{"taxonomy":"post_tag","embeddable":true,"href":"https:\/\/fajr.news\/index.php?rest_route=%2Fwp%2Fv2%2Ftags&post=9378"}],"curies":[{"name":"wp","href":"https:\/\/api.w.org\/{rel}","templated":true}]}}