{"id":9350,"date":"2026-04-26T07:19:35","date_gmt":"2026-04-26T03:49:35","guid":{"rendered":"https:\/\/fajr.news\/?p=9350"},"modified":"2026-04-26T07:19:35","modified_gmt":"2026-04-26T03:49:35","slug":"siyonist-isgal-gucleri-suriye-topraklarina-saldirdi-kuneytra-kirsalinda-kontrol-noktalari-kuruldu","status":"publish","type":"post","link":"https:\/\/fajr.news\/?p=9350&lang=tr","title":{"rendered":"Siyonist \u0130\u015fgal G\u00fc\u00e7leri Suriye Topraklar\u0131na Sald\u0131rd\u0131: Kuneytra K\u0131rsal\u0131nda Kontrol Noktalar\u0131 Kuruldu"},"content":{"rendered":"<p><strong>\u015eam \/ Kuneytra \u2013<\/strong> Siyonist i\u015fgal rejiminin Suriye topraklar\u0131na y\u00f6nelik sald\u0131r\u0131lar\u0131 h\u0131z kesmeden devam ediyor. B\u00f6lgedeki kaynaklardan al\u0131nan bilgilere g\u00f6re, i\u015fgal g\u00fc\u00e7leri Cumartesi g\u00fcn\u00fc Suriye\u2019nin g\u00fcneyindeki Kuneytra k\u0131rsal\u0131nda iki farkl\u0131 b\u00f6lgeye bask\u0131n d\u00fczenleyerek ge\u00e7ici kontrol noktalar\u0131 kurdu ve sivil halk\u0131 taciz ettikten sonra geri \u00e7ekildi.<\/p>\n<h2><a id=\"kuneytra-isgal\">Kuneytra K\u0131rsal\u0131nda Yeni \u0130hlaller<\/a><\/h2>\n<p>Suriye Arap Haber Ajans\u0131 (SANA) taraf\u0131ndan aktar\u0131lan bilgilere g\u00f6re, \u00fc\u00e7 askeri ara\u00e7tan olu\u015fan Siyonist i\u015fgal g\u00fcc\u00fc, Kuneytra k\u0131rsal\u0131n\u0131n kuzeyindeki El-Kasarat Yolu \u00fczerinde ilerleyerek ge\u00e7ici bir kontrol noktas\u0131 olu\u015fturdu. Burada yoldan ge\u00e7en sivilleri keyfi bir \u015fekilde arayan i\u015fgalciler, daha sonra Cubata el-Ha\u015fab orman\u0131na do\u011fru geri \u00e7ekildi. Bu <em>provokatif<\/em> eylem, b\u00f6lgedeki gerilimi bir kez daha t\u0131rmand\u0131rd\u0131.<\/p>\n<p>Ayn\u0131 g\u00fcn, Siyonist g\u00fc\u00e7ler Kuneytra\u2019n\u0131n kuzeyindeki el-Ma\u015firfa k\u00f6y\u00fcne de girdi. Burada da benzer \u015fekilde bir ba\u015fka ge\u00e7ici kontrol noktas\u0131 kuran i\u015fgalciler, masum sivilleri arayarak b\u00f6lge halk\u0131na korku sald\u0131. Ajans, i\u015fgal g\u00fc\u00e7lerinin bu hukuksuz eylemlerinin ard\u0131ndan b\u00f6lgeden ayr\u0131ld\u0131\u011f\u0131n\u0131 bildirdi.<\/p>\n<h3><a id=\"uluslararasi-sessizlik\">Uluslararas\u0131 Hukukun \u0130hlali ve Uluslararas\u0131 Sessizlik<\/a><\/h3>\n<p>Suriye makamlar\u0131ndan bu son ihlallerle ilgili hen\u00fcz resmi bir a\u00e7\u0131klama gelmezken, Siyonist rejimin Suriye topraklar\u0131ndaki <strong>s\u00fcrekli ihlalleri<\/strong> uluslararas\u0131 hukuku hi\u00e7e sayd\u0131\u011f\u0131n\u0131 bir kez daha g\u00f6zler \u00f6n\u00fcne seriyor. Suriye Devlet Ba\u015fkan\u0131 Ahmed e\u015f-\u015earaa, daha \u00f6nce Anadolu Ajans\u0131&#8217;na verdi\u011fi bir r\u00f6portajda, \u0130srail ile m\u00fczakerelerin &#8220;sona ermedi\u011fini ancak \u0130srail&#8217;in Suriye topraklar\u0131ndaki varl\u0131\u011f\u0131n\u0131 s\u00fcrd\u00fcrme konusundaki \u0131srar\u0131 nedeniyle son derece zorlu&#8221; oldu\u011funu belirtmi\u015fti. Bu durum, i\u015fgal rejiminin bar\u0131\u015f\u00e7\u0131l \u00e7\u00f6z\u00fcmlere yana\u015fmad\u0131\u011f\u0131n\u0131 ve b\u00f6lgedeki istikrars\u0131zl\u0131\u011f\u0131 k\u00f6r\u00fckledi\u011fini g\u00f6steriyor.<\/p>\n<p>Son aylarda Siyonist rejimin g\u00fcney Suriye&#8217;deki operasyonlar\u0131 <em>yo\u011funla\u015fm\u0131\u015f<\/em> durumda. B\u00f6lgeden neredeyse her g\u00fcn bask\u0131nlar, ev aramalar\u0131, kontrol noktalar\u0131 kurulmas\u0131 ve aralar\u0131nda \u00e7ocuklar\u0131n ve \u00e7obanlar\u0131n da bulundu\u011fu sivillerin tutuklanmas\u0131na dair haberler gelmekte. Bu insanl\u0131k d\u0131\u015f\u0131 uygulamalar, i\u015fgal rejiminin b\u00f6lgedeki zulm\u00fcn\u00fc g\u00f6zler \u00f6n\u00fcne seriyor.<\/p>\n<h4><a id=\"1974-anlasmasi-gecersiz\">1974 Ayr\u0131\u015fma Anla\u015fmas\u0131 ve \u0130\u015fgalin Geni\u015flemesi<\/a><\/h4>\n<p>8 Aral\u0131k 2024&#8217;te Be\u015far Esad rejiminin devrilmesinin ard\u0131ndan Siyonist rejim, 1974 ayr\u0131\u015fma anla\u015fmas\u0131n\u0131 tek tarafl\u0131 olarak ge\u00e7ersiz ilan ederek Suriye tampon b\u00f6lgesine girdi. Yeni Suriye y\u00f6netiminin \u0130srail&#8217;e kar\u015f\u0131 herhangi bir tehdit savurmamas\u0131na ra\u011fmen, Siyonist i\u015fgal g\u00fc\u00e7leri Suriye&#8217;deki hava sald\u0131r\u0131lar\u0131n\u0131 s\u00fcrd\u00fcrd\u00fc. Bu sald\u0131r\u0131larda masum siviller hayat\u0131n\u0131 kaybederken, askeri tesisler, ara\u00e7lar ve m\u00fchimmat depolar\u0131 da hedef al\u0131narak b\u00fcy\u00fck y\u0131k\u0131ma yol a\u00e7\u0131ld\u0131.<\/p>\n<p>Bu geli\u015fmeler, Siyonist rejimin b\u00f6lgedeki yay\u0131lmac\u0131 politikalar\u0131n\u0131n bir par\u00e7as\u0131 olarak de\u011ferlendirilmekte ve Orta Do\u011fu haritas\u0131n\u0131 yeniden \u00e7izme \u00e7abalar\u0131n\u0131n bir g\u00f6stergesi olarak g\u00f6r\u00fclmektedir. Uluslararas\u0131 toplumun bu <strong>a\u00e7\u0131k ihlallere<\/strong> kar\u015f\u0131 sessiz kalmas\u0131, i\u015fgal rejiminin c\u00fcretini art\u0131rmaktad\u0131r.<\/p>\n<p>#Suriye #Kuneytra #\u0130srailSald\u0131r\u0131lar\u0131 #Siyonist\u0130\u015fgal #SuriyeEgemenli\u011fi #Uluslararas\u0131Hukuk\u0130hlali #OrtaDo\u011fuGerilimi #SivilHaklar\u0131 #\u0130\u015fgalRejimi #SuriyeKrizi<\/p>\n","protected":false},"excerpt":{"rendered":"<p>\u015eam \/ Kuneytra \u2013 Siyonist i\u015fgal rejiminin Suriye topraklar\u0131na y\u00f6nelik sald\u0131r\u0131lar\u0131 h\u0131z kesmeden devam ediyor. B\u00f6lgedeki kaynaklardan al\u0131nan bilgilere g\u00f6re, i\u015fgal g\u00fc\u00e7leri Cumartesi g\u00fcn\u00fc Suriye\u2019nin g\u00fcneyindeki Kuneytra k\u0131rsal\u0131nda iki farkl\u0131 b\u00f6lgeye bask\u0131n d\u00fczenleyerek ge\u00e7ici kontrol noktalar\u0131 kurdu ve sivil halk\u0131 taciz ettikten sonra geri \u00e7ekildi. Kuneytra K\u0131rsal\u0131nda Yeni \u0130hlaller Suriye Arap Haber Ajans\u0131 (SANA) taraf\u0131ndan [&hellip;]<\/p>\n","protected":false},"author":2,"featured_media":9351,"comment_status":"open","ping_status":"open","sticky":false,"template":"","format":"standard","meta":{"footnotes":""},"categories":[37],"tags":[],"class_list":["post-9350","post","type-post","status-publish","format-standard","has-post-thumbnail","hentry","category-orta-dogu-haberleri"],"_links":{"self":[{"href":"https:\/\/fajr.news\/index.php?rest_route=\/wp\/v2\/posts\/9350","targetHints":{"allow":["GET"]}}],"collection":[{"href":"https:\/\/fajr.news\/index.php?rest_route=\/wp\/v2\/posts"}],"about":[{"href":"https:\/\/fajr.news\/index.php?rest_route=\/wp\/v2\/types\/post"}],"author":[{"embeddable":true,"href":"https:\/\/fajr.news\/index.php?rest_route=\/wp\/v2\/users\/2"}],"replies":[{"embeddable":true,"href":"https:\/\/fajr.news\/index.php?rest_route=%2Fwp%2Fv2%2Fcomments&post=9350"}],"version-history":[{"count":0,"href":"https:\/\/fajr.news\/index.php?rest_route=\/wp\/v2\/posts\/9350\/revisions"}],"wp:featuredmedia":[{"embeddable":true,"href":"https:\/\/fajr.news\/index.php?rest_route=\/wp\/v2\/media\/9351"}],"wp:attachment":[{"href":"https:\/\/fajr.news\/index.php?rest_route=%2Fwp%2Fv2%2Fmedia&parent=9350"}],"wp:term":[{"taxonomy":"category","embeddable":true,"href":"https:\/\/fajr.news\/index.php?rest_route=%2Fwp%2Fv2%2Fcategories&post=9350"},{"taxonomy":"post_tag","embeddable":true,"href":"https:\/\/fajr.news\/index.php?rest_route=%2Fwp%2Fv2%2Ftags&post=9350"}],"curies":[{"name":"wp","href":"https:\/\/api.w.org\/{rel}","templated":true}]}}