{"id":9318,"date":"2026-04-26T06:31:58","date_gmt":"2026-04-26T03:01:58","guid":{"rendered":"https:\/\/fajr.news\/?p=9318"},"modified":"2026-04-26T06:31:58","modified_gmt":"2026-04-26T03:01:58","slug":"iran-cumhurbaskani-pezeskiyandan-halkina-enerji-tasarrufu-cagrisi-dusmanlarin-planlarina-karsi-uyanik-olalim","status":"publish","type":"post","link":"https:\/\/fajr.news\/?p=9318&lang=tr","title":{"rendered":"\u0130ran Cumhurba\u015fkan\u0131 Peze\u015fkiyan&#8217;dan Halk\u0131na Enerji Tasarrufu \u00c7a\u011fr\u0131s\u0131: D\u00fc\u015fmanlar\u0131n Planlar\u0131na Kar\u015f\u0131 Uyan\u0131k Olal\u0131m"},"content":{"rendered":"<h1>\u0130ran Cumhurba\u015fkan\u0131 Peze\u015fkiyan&#8217;dan Halk\u0131na Enerji Tasarrufu \u00c7a\u011fr\u0131s\u0131<\/h1>\n<p>\u0130ran Cumhurba\u015fkan\u0131 Mesud Peze\u015fkiyan, Cumartesi g\u00fcn\u00fc halk\u0131na elektrik tasarrufu yapma \u00e7a\u011fr\u0131s\u0131nda bulunarak, \u015fu anda herhangi bir k\u0131tl\u0131k olmamas\u0131na ra\u011fmen <strong>ABD ve \u0130srail&#8217;in \u0130ran halk\u0131 aras\u0131nda \u201cmemnuniyetsizlik\u201d tohumlar\u0131 ekmeyi hedefledi\u011fi<\/strong> konusunda \u00f6nemli uyar\u0131larda bulundu.<\/p>\n<p>Cumhurba\u015fkan\u0131, devlet televizyonunda yapt\u0131\u011f\u0131 a\u00e7\u0131klamada, \u201c\u015eu anda sahada haz\u0131r ve naz\u0131r olan aziz halk\u0131m\u0131zdan basit bir ricam\u0131z var. O da kendi elektrik ve enerji t\u00fcketimlerini azaltmalar\u0131d\u0131r\u201d dedi. Peze\u015fkiyan, s\u00f6zlerine \u015f\u00f6yle devam etti: \u201c\u015eimdilik halk\u0131m\u0131z\u0131n fedakarl\u0131k yapmas\u0131na gerek yok, ancak t\u00fcketimi kontrol etmeliyiz. Evde 10 lamba yerine iki lamba yak\u0131lmal\u0131; bunda ne sak\u0131nca var ki?\u201d<\/p>\n<h2>D\u00fc\u015fman Giri\u015fimlerine Ra\u011fmen Kesintisiz Hizmet<\/h2>\n<p>ABD ve \u0130srail&#8217;in \u0130ran&#8217;a y\u00f6nelik d\u00fc\u015fmanca giri\u015fimlerine ra\u011fmen, son g\u00fcnlerde Tahran&#8217;da herhangi bir elektrik kesintisi ya\u015fanmad\u0131\u011f\u0131 bildirildi. Bu durum, d\u00fc\u015fmanlar\u0131n halk aras\u0131nda memnuniyetsizlik yaratma \u00e7abalar\u0131n\u0131n bo\u015fa \u00e7\u0131kt\u0131\u011f\u0131n\u0131 ve \u0130ran&#8217;\u0131n altyap\u0131sal direncini bir kez daha g\u00f6zler \u00f6n\u00fcne serdi.<\/p>\n<p>Peze\u015fkiyan, \u0130ran&#8217;\u0131n d\u00fc\u015fmanlar\u0131n\u0131 altyap\u0131y\u0131 hedef almakla ve \u201cmevcuttaki memnuniyetin memnuniyetsizli\u011fe d\u00f6n\u00fc\u015fmesi i\u00e7in\u201d abluka uygulamakla su\u00e7lad\u0131. ABD Ba\u015fkan\u0131 Donald Trump&#8217;\u0131n \u0130ran&#8217;\u0131n elektrik altyap\u0131s\u0131n\u0131 yok etme tehditlerinde bulunmas\u0131na ra\u011fmen, bu tehditlerin hen\u00fcz hayata ge\u00e7irilemedi\u011fi de vurguland\u0131.<\/p>\n<h2>Enerji Altyap\u0131s\u0131 ve Uluslararas\u0131 Yapt\u0131r\u0131mlar\u0131n Etkisi<\/h2>\n<p>Ancak ABD ve \u0130srail ile ya\u015fanan mevcut gerginliklerden \u00f6nce bile \u0130ran, k\u0131\u015f ve yaz aylar\u0131ndaki talep zirvelerinde s\u0131k s\u0131k elektrik kesintileri ya\u015f\u0131yordu. Uluslararas\u0131 Enerji Ajans\u0131&#8217;na g\u00f6re, \u0130ran elektri\u011finin yakla\u015f\u0131k be\u015fte d\u00f6rd\u00fcn\u00fc do\u011fal gaz yakarak \u00fcretiyor; geni\u015f gaz sahalar\u0131 sayesinde bu kaynakta kendi kendine yeterli durumda.<\/p>\n<p>\u00dclke, enerji \u00fcretimini eski santrallerde kullan\u0131lan mazot olarak bilinen d\u00fc\u015f\u00fck kaliteli a\u011f\u0131r akaryak\u0131t ile destekliyor. Buna ra\u011fmen, <strong>ya\u015flanan altyap\u0131, yat\u0131r\u0131m eksikli\u011fi ve teknolojiye ve yat\u0131r\u0131ma eri\u015fimi kesen a\u011f\u0131r uluslararas\u0131 yapt\u0131r\u0131mlar\u0131n etkisi<\/strong>, elektrik \u015febekesini talebi kar\u015f\u0131layamaz hale getirdi. Cumhurba\u015fkan\u0131 Peze\u015fkiyan, daha \u00f6nce de enerji kullan\u0131m\u0131n\u0131 azaltmak amac\u0131yla \u00e7e\u015fitli kamuoyu bilin\u00e7lendirme kampanyalar\u0131 ba\u015flatm\u0131\u015ft\u0131.<\/p>\n<h3>\u0130lgili Hashtagler:<\/h3>\n<ul>\n<li>#\u0130ran<\/li>\n<li>#EnerjiTasarrufu<\/li>\n<li>#MasudPeze\u015fkiyan<\/li>\n<li>#Elektrik<\/li>\n<li>#ABD\u0130srail<\/li>\n<li>#Yapt\u0131r\u0131mlar<\/li>\n<li>#Do\u011falGaz<\/li>\n<li>#Altyap\u0131<\/li>\n<li>#\u0130ranHalk\u0131<\/li>\n<li>#T\u00fcketimKontrol\u00fc<\/li>\n<\/ul>\n","protected":false},"excerpt":{"rendered":"<p>\u0130ran Cumhurba\u015fkan\u0131 Peze\u015fkiyan&#8217;dan Halk\u0131na Enerji Tasarrufu \u00c7a\u011fr\u0131s\u0131 \u0130ran Cumhurba\u015fkan\u0131 Mesud Peze\u015fkiyan, Cumartesi g\u00fcn\u00fc halk\u0131na elektrik tasarrufu yapma \u00e7a\u011fr\u0131s\u0131nda bulunarak, \u015fu anda herhangi bir k\u0131tl\u0131k olmamas\u0131na ra\u011fmen ABD ve \u0130srail&#8217;in \u0130ran halk\u0131 aras\u0131nda \u201cmemnuniyetsizlik\u201d tohumlar\u0131 ekmeyi hedefledi\u011fi konusunda \u00f6nemli uyar\u0131larda bulundu. Cumhurba\u015fkan\u0131, devlet televizyonunda yapt\u0131\u011f\u0131 a\u00e7\u0131klamada, \u201c\u015eu anda sahada haz\u0131r ve naz\u0131r olan aziz halk\u0131m\u0131zdan basit [&hellip;]<\/p>\n","protected":false},"author":2,"featured_media":9319,"comment_status":"open","ping_status":"open","sticky":false,"template":"","format":"standard","meta":{"footnotes":""},"categories":[37],"tags":[],"class_list":["post-9318","post","type-post","status-publish","format-standard","has-post-thumbnail","hentry","category-orta-dogu-haberleri"],"_links":{"self":[{"href":"https:\/\/fajr.news\/index.php?rest_route=\/wp\/v2\/posts\/9318","targetHints":{"allow":["GET"]}}],"collection":[{"href":"https:\/\/fajr.news\/index.php?rest_route=\/wp\/v2\/posts"}],"about":[{"href":"https:\/\/fajr.news\/index.php?rest_route=\/wp\/v2\/types\/post"}],"author":[{"embeddable":true,"href":"https:\/\/fajr.news\/index.php?rest_route=\/wp\/v2\/users\/2"}],"replies":[{"embeddable":true,"href":"https:\/\/fajr.news\/index.php?rest_route=%2Fwp%2Fv2%2Fcomments&post=9318"}],"version-history":[{"count":0,"href":"https:\/\/fajr.news\/index.php?rest_route=\/wp\/v2\/posts\/9318\/revisions"}],"wp:featuredmedia":[{"embeddable":true,"href":"https:\/\/fajr.news\/index.php?rest_route=\/wp\/v2\/media\/9319"}],"wp:attachment":[{"href":"https:\/\/fajr.news\/index.php?rest_route=%2Fwp%2Fv2%2Fmedia&parent=9318"}],"wp:term":[{"taxonomy":"category","embeddable":true,"href":"https:\/\/fajr.news\/index.php?rest_route=%2Fwp%2Fv2%2Fcategories&post=9318"},{"taxonomy":"post_tag","embeddable":true,"href":"https:\/\/fajr.news\/index.php?rest_route=%2Fwp%2Fv2%2Ftags&post=9318"}],"curies":[{"name":"wp","href":"https:\/\/api.w.org\/{rel}","templated":true}]}}