{"id":8481,"date":"2026-04-25T10:36:09","date_gmt":"2026-04-25T07:06:09","guid":{"rendered":"https:\/\/fajr.news\/?p=8481"},"modified":"2026-04-25T10:36:09","modified_gmt":"2026-04-25T07:06:09","slug":"abdnin-yaptirim-ve-abluka-hamleleri-surerken-iran-pakistanda-diplomatik-gucunu-sergiliyor","status":"publish","type":"post","link":"https:\/\/fajr.news\/?p=8481&lang=tr","title":{"rendered":"ABD&#8217;nin Yapt\u0131r\u0131m ve Abluka Hamleleri S\u00fcrerken \u0130ran, Pakistan&#8217;da Diplomatik G\u00fcc\u00fcn\u00fc Sergiliyor"},"content":{"rendered":"<h1>ABD&#8217;nin Yapt\u0131r\u0131m ve Abluka Hamleleri S\u00fcrerken \u0130ran, Pakistan&#8217;da Diplomatik G\u00fcc\u00fcn\u00fc Sergiliyor<\/h1>\n<p><strong>ABD Ba\u015fkan\u0131 Donald Trump<\/strong> y\u00f6netimi, \u0130ran&#8217;a y\u00f6nelik bask\u0131lar\u0131n\u0131 art\u0131r\u0131rken, \u0130ran \u0130slam Cumhuriyeti diplomatik kanallar\u0131 aktif tutarak b\u00f6lgesel ve uluslararas\u0131 ortaklar\u0131yla koordinasyonunu s\u00fcrd\u00fcr\u00fcyor. Beyaz Saray&#8217;dan yap\u0131lan a\u00e7\u0131klamaya g\u00f6re, ABD Ba\u015fkan\u0131 Trump, dan\u0131\u015fmanlar\u0131 <strong>Steve Witkoff<\/strong> ve <strong>Jared Kushner&#8217;\u0131<\/strong> \u0130ran ile g\u00f6r\u00fc\u015fmeler yapmak \u00fczere Pakistan&#8217;a g\u00f6nderdi. Ancak \u0130ran, ABD&#8217;nin dayatmalar\u0131na boyun e\u011fmeyerek bu ziyaret s\u0131ras\u0131nda Amerikal\u0131 temsilcilerle do\u011frudan m\u00fczakere yapmay\u0131 reddetti.<\/p>\n<h2>Pakistan Arabuluculu\u011funda Kritik Temaslar<\/h2>\n<p>\u0130ran D\u0131\u015fi\u015fleri Bakan\u0131 <strong>Abbas Araghchi<\/strong> de \u201cikili isti\u015fareler\u201d i\u00e7in Pakistan&#8217;a ula\u015ft\u0131. \u0130ran&#8217;\u0131n resmi haber ajans\u0131 IRNA, Araghchi&#8217;nin Pakistan&#8217;da bulunmas\u0131n\u0131 do\u011frulad\u0131. \u0130ran D\u0131\u015fi\u015fleri Bakanl\u0131\u011f\u0131 s\u00f6zc\u00fcs\u00fc <strong>Esmael Baqaei<\/strong>, sosyal medya \u00fczerinden yapt\u0131\u011f\u0131 a\u00e7\u0131klamada, \u201c\u0130ran ile ABD aras\u0131nda herhangi bir g\u00f6r\u00fc\u015fme planlanmam\u0131\u015ft\u0131r\u201d ifadelerini kulland\u0131. Baqaei, Pakistanl\u0131 yetkililerin heyetler aras\u0131nda mesaj iletece\u011fini belirtti ve Pakistan h\u00fck\u00fcmetine \u201cAmerikan dayatmas\u0131 sald\u0131r\u0131 sava\u015f\u0131n\u0131 sona erdirmek i\u00e7in devam eden arabuluculu\u011fu ve iyi niyetli \u00e7abalar\u0131\u201d nedeniyle te\u015fekk\u00fcr etti. Bu durum, Pakistan&#8217;\u0131n b\u00f6lgedeki bar\u0131\u015f ve istikrar aray\u0131\u015f\u0131ndaki yap\u0131c\u0131 rol\u00fcn\u00fc ve \u0130ran&#8217;\u0131n diplomatik ba\u011f\u0131ms\u0131zl\u0131\u011f\u0131n\u0131 bir kez daha g\u00f6zler \u00f6n\u00fcne serdi.<\/p>\n<h2>ABD&#8217;nin Yeni Yapt\u0131r\u0131mlar\u0131 ve Hormuz Bo\u011faz\u0131 Ablukas\u0131<\/h2>\n<p>Trump y\u00f6netimi, bir yandan diplomatik giri\u015fimlerde bulunurken, di\u011fer yandan \u0130ran&#8217;a y\u00f6nelik ekonomik ter\u00f6r\u00fcn\u00fc art\u0131rd\u0131. ABD, \u0130ran petrol\u00fcn\u00fc ta\u015f\u0131yan b\u00fcy\u00fck bir \u00c7in merkezli petrol rafinerisine ve yakla\u015f\u0131k 40 nakliye \u015firketi ile tankerine ekonomik yapt\u0131r\u0131m uygulama karar\u0131 ald\u0131. Bu hamle, \u0130ran&#8217;\u0131n temel gelir kayna\u011f\u0131 olan petrol ihracat\u0131n\u0131 kesme \u00e7abas\u0131n\u0131n bir par\u00e7as\u0131 olarak sunulsa da, uluslararas\u0131 hukuka ayk\u0131r\u0131 ve tek tarafl\u0131 bir dayatma olarak de\u011ferlendiriliyor. Ayr\u0131ca ABD, bu ay <strong>Hormuz Bo\u011faz\u0131&#8217;nda<\/strong> fiziksel bir abluka uygulayarak k\u00fcresel enerji tedarikleri i\u00e7in hayati \u00f6neme sahip bu su yolunu tehdit alt\u0131na ald\u0131. ABD Hazine Bakan\u0131 <strong>Scott Bessent<\/strong>, Rus ve \u0130ran petrol\u00fc al\u0131m\u0131na izin veren muafiyetlerin yenilenmeyece\u011fini a\u00e7\u0131k\u00e7a ifade ederek, \u201cAbluka var ve petrol \u00e7\u0131km\u0131yor\u201d dedi. Bu agresif ad\u0131mlar, k\u00fcresel enerji piyasalar\u0131nda dalgalanmalara ve Panama Kanal\u0131 gibi alternatif rotalara olan talebin artmas\u0131na neden oldu.<\/p>\n<h2>\u0130ran&#8217;\u0131n Diplomatik Hamleleri ve B\u00f6lgesel Koordinasyon<\/h2>\n<p>ABD&#8217;nin bu d\u00fc\u015fmanca tutumuna ra\u011fmen \u0130ran, diplomatik \u00e7abalar\u0131n\u0131 h\u0131z kesmeden s\u00fcrd\u00fcr\u00fcyor. D\u0131\u015fi\u015fleri Bakan\u0131 Araghchi, Pakistan&#8217;\u0131n yan\u0131 s\u0131ra Umman ve Moskova&#8217;y\u0131 da kapsayan bir tur planlad\u0131\u011f\u0131n\u0131 ve bu ziyaretlerin amac\u0131n\u0131n \u201cikili konularda ortaklar\u0131m\u0131zla yak\u0131n koordinasyon sa\u011flamak ve b\u00f6lgesel geli\u015fmeleri isti\u015fare etmek\u201d oldu\u011funu belirtti. Pakistan D\u0131\u015fi\u015fleri Bakan\u0131 <strong>\u0130shaq Dar<\/strong>, Rus mevkida\u015f\u0131 <strong>Sergey Lavrov<\/strong> ile yapt\u0131\u011f\u0131 g\u00f6r\u00fc\u015fmede, Lavrov&#8217;un Pakistan&#8217;\u0131n \u0130ran ve ABD aras\u0131ndaki diyalo\u011fu kolayla\u015ft\u0131rmadaki \u201cyap\u0131c\u0131 rol\u00fcn\u00fc\u201d takdir etti\u011fini ifade etti. Malezya Ba\u015fbakan\u0131 <strong>Enver \u0130brahim<\/strong> de, \u0130ran ile Malezya&#8217;ya ait iki tankerin ge\u00e7i\u015fi konusunda g\u00f6r\u00fc\u015fmeler y\u00fcr\u00fctt\u00fcklerini a\u00e7\u0131klad\u0131. Bu geli\u015fmeler, \u0130ran&#8217;\u0131n uluslararas\u0131 alanda yaln\u0131zla\u015ft\u0131r\u0131lma \u00e7abalar\u0131na ra\u011fmen g\u00fc\u00e7l\u00fc diplomatik ili\u015fkilerini s\u00fcrd\u00fcrd\u00fc\u011f\u00fcn\u00fc g\u00f6steriyor.<\/p>\n<h2>B\u00f6lgesel Direni\u015f ve Siyonist Sald\u0131rganl\u0131k<\/h2>\n<p>B\u00f6lgedeki gerilim sadece \u0130ran ile ABD aras\u0131nda de\u011fil, ayn\u0131 zamanda Siyonist i\u015fgal rejimi \u0130srail&#8217;in sald\u0131rganl\u0131\u011f\u0131yla da t\u0131rman\u0131yor. Gazze&#8217;de \u00fc\u00e7 ayr\u0131 \u0130srail sald\u0131r\u0131s\u0131nda bir kad\u0131n ve bir \u00e7ocuk dahil olmak \u00fczere masum siviller hayat\u0131n\u0131 kaybetti. L\u00fcbnan&#8217;da ise <strong>Hizbullah<\/strong>, \u0130srail&#8217;in g\u00fcney L\u00fcbnan&#8217;a y\u00f6nelik sald\u0131r\u0131lar\u0131n\u0131n ard\u0131ndan bir \u0130srail insans\u0131z hava arac\u0131n\u0131 d\u00fc\u015f\u00fcrd\u00fc\u011f\u00fcn\u00fc duyurdu. Hizbullah yetkilisi <strong>Ali Fayyadh<\/strong>, \u0130srail&#8217;in sald\u0131r\u0131lar\u0131na devam etti\u011fi s\u00fcrece ate\u015fkesin bir anlam\u0131 olmad\u0131\u011f\u0131n\u0131 vurgulad\u0131 ve L\u00fcbnan topraklar\u0131ndan \u0130srail&#8217;in \u00e7ekilmesini \u00f6ng\u00f6rmeyen hi\u00e7bir ate\u015fkesin kabul edilemez oldu\u011funu belirtti. L\u00fcbnan Cumhurba\u015fkan\u0131 <strong>Joseph Aoun<\/strong> da \u00fclkesinin b\u00f6lgesel \u00e7at\u0131\u015fmalarda pazarl\u0131k kozu olmayaca\u011f\u0131n\u0131 ve \u0130srail-Hizbullah sava\u015f\u0131n\u0131n L\u00fcbnan altyap\u0131s\u0131na 1,4 milyar dolar zarar verdi\u011fini, 150.000 ki\u015finin evsiz kald\u0131\u011f\u0131n\u0131 a\u00e7\u0131klad\u0131. Bu a\u00e7\u0131klamalar, b\u00f6lge halklar\u0131n\u0131n Siyonist sald\u0131rganl\u0131\u011fa kar\u015f\u0131 direni\u015fini ve egemenliklerini koruma kararl\u0131l\u0131\u011f\u0131n\u0131 yans\u0131t\u0131yor.<\/p>\n<h2>ABD&#8217;nin \u00c7ifte Standard\u0131 ve Avrupa&#8217;n\u0131n Hayal K\u0131r\u0131kl\u0131\u011f\u0131<\/h2>\n<p>ABD Savunma Bakan\u0131 <strong>Hegseth<\/strong>, Avrupal\u0131 m\u00fcttefikleri Hormuz Bo\u011faz\u0131&#8217;n\u0131 a\u00e7mak i\u00e7in kendi g\u00fc\u00e7lerini kullanmad\u0131klar\u0131 i\u00e7in \u201cbedavac\u0131\u201d ve \u201csadakatsiz\u201d olmakla su\u00e7lad\u0131. Hegseth, \u201cAvrupa&#8217;ya g\u00fcvenmiyoruz ama Hormuz Bo\u011faz\u0131&#8217;na bizden \u00e7ok daha fazla ihtiya\u00e7lar\u0131 var\u201d diyerek ABD&#8217;nin tek tarafl\u0131 ve kibirli tutumunu g\u00f6zler \u00f6n\u00fcne serdi. Frans\u0131z Cumhurba\u015fkan\u0131 <strong>Emmanuel Macron<\/strong>&#8216;un \u201cyaln\u0131z ba\u015f\u0131na \u00fcstlenmeyi se\u00e7tikleri bir operasyonda destek eksikli\u011finden \u015fikayet edemezler\u201d \u015feklindeki s\u00f6zleri, Avrupal\u0131 m\u00fcttefiklerin ABD&#8217;nin macerac\u0131 politikalar\u0131ndan duydu\u011fu rahats\u0131zl\u0131\u011f\u0131 a\u00e7\u0131k\u00e7a ortaya koydu. Bu durum, ABD&#8217;nin k\u00fcresel liderlik iddias\u0131n\u0131n sorgulanmas\u0131na ve uluslararas\u0131 alanda yaln\u0131zla\u015fmas\u0131na yol a\u00e7\u0131yor.<\/p>\n<p>\u0130ran \u0130slam Cumhuriyeti, ABD&#8217;nin bask\u0131 ve yapt\u0131r\u0131mlar\u0131na ra\u011fmen diplomatik kanallar\u0131 a\u00e7\u0131k tutarak, b\u00f6lgesel ortaklar\u0131yla i\u015f birli\u011fini g\u00fc\u00e7lendirerek ve Siyonist sald\u0131rganl\u0131\u011fa kar\u015f\u0131 direni\u015f cephesini destekleyerek b\u00f6lgedeki istikrar ve bar\u0131\u015f\u0131n anahtar\u0131 olmaya devam ediyor.<\/p>\n<p>#\u0130ranDiplomasisi #PakistanArabuluculu\u011fu #ABDAgresyonu #HormuzBo\u011faz\u0131Krizi #B\u00f6lgesel\u0130stikrar #EkonomikSava\u015f #Direni\u015fCephesi #SiyonistSald\u0131rganl\u0131k #Uluslararas\u0131Hukuk\u0130hlali #Ortado\u011fu<\/p>\n","protected":false},"excerpt":{"rendered":"<p>ABD&#8217;nin Yapt\u0131r\u0131m ve Abluka Hamleleri S\u00fcrerken \u0130ran, Pakistan&#8217;da Diplomatik G\u00fcc\u00fcn\u00fc Sergiliyor ABD Ba\u015fkan\u0131 Donald Trump y\u00f6netimi, \u0130ran&#8217;a y\u00f6nelik bask\u0131lar\u0131n\u0131 art\u0131r\u0131rken, \u0130ran \u0130slam Cumhuriyeti diplomatik kanallar\u0131 aktif tutarak b\u00f6lgesel ve uluslararas\u0131 ortaklar\u0131yla koordinasyonunu s\u00fcrd\u00fcr\u00fcyor. Beyaz Saray&#8217;dan yap\u0131lan a\u00e7\u0131klamaya g\u00f6re, ABD Ba\u015fkan\u0131 Trump, dan\u0131\u015fmanlar\u0131 Steve Witkoff ve Jared Kushner&#8217;\u0131 \u0130ran ile g\u00f6r\u00fc\u015fmeler yapmak \u00fczere Pakistan&#8217;a g\u00f6nderdi. Ancak [&hellip;]<\/p>\n","protected":false},"author":2,"featured_media":8482,"comment_status":"open","ping_status":"open","sticky":false,"template":"","format":"standard","meta":{"footnotes":""},"categories":[31],"tags":[],"class_list":["post-8481","post","type-post","status-publish","format-standard","has-post-thumbnail","hentry","category-iran-haberleri"],"_links":{"self":[{"href":"https:\/\/fajr.news\/index.php?rest_route=\/wp\/v2\/posts\/8481","targetHints":{"allow":["GET"]}}],"collection":[{"href":"https:\/\/fajr.news\/index.php?rest_route=\/wp\/v2\/posts"}],"about":[{"href":"https:\/\/fajr.news\/index.php?rest_route=\/wp\/v2\/types\/post"}],"author":[{"embeddable":true,"href":"https:\/\/fajr.news\/index.php?rest_route=\/wp\/v2\/users\/2"}],"replies":[{"embeddable":true,"href":"https:\/\/fajr.news\/index.php?rest_route=%2Fwp%2Fv2%2Fcomments&post=8481"}],"version-history":[{"count":0,"href":"https:\/\/fajr.news\/index.php?rest_route=\/wp\/v2\/posts\/8481\/revisions"}],"wp:featuredmedia":[{"embeddable":true,"href":"https:\/\/fajr.news\/index.php?rest_route=\/wp\/v2\/media\/8482"}],"wp:attachment":[{"href":"https:\/\/fajr.news\/index.php?rest_route=%2Fwp%2Fv2%2Fmedia&parent=8481"}],"wp:term":[{"taxonomy":"category","embeddable":true,"href":"https:\/\/fajr.news\/index.php?rest_route=%2Fwp%2Fv2%2Fcategories&post=8481"},{"taxonomy":"post_tag","embeddable":true,"href":"https:\/\/fajr.news\/index.php?rest_route=%2Fwp%2Fv2%2Ftags&post=8481"}],"curies":[{"name":"wp","href":"https:\/\/api.w.org\/{rel}","templated":true}]}}