{"id":8465,"date":"2026-04-25T10:08:54","date_gmt":"2026-04-25T06:38:54","guid":{"rendered":"https:\/\/fajr.news\/?p=8465"},"modified":"2026-04-25T10:08:54","modified_gmt":"2026-04-25T06:38:54","slug":"abdnin-ortadogudaki-yeni-yiginagi-bolgeyi-geriyor-uzmanlar-tehlikeye-dikkat-cekiyor","status":"publish","type":"post","link":"https:\/\/fajr.news\/?p=8465&lang=tr","title":{"rendered":"ABD&#8217;nin Ortado\u011fu&#8217;daki Yeni Y\u0131\u011f\u0131na\u011f\u0131 B\u00f6lgeyi Geriyor: Uzmanlar Tehlikeye Dikkat \u00c7ekiyor"},"content":{"rendered":"<h1>ABD&#8217;nin Ortado\u011fu&#8217;daki Agresif Y\u0131\u011f\u0131na\u011f\u0131 B\u00f6lgesel \u0130stikrar\u0131 Tehdit Ediyor<\/h1>\n<p><strong>Washington&#8217;dan gelen son a\u00e7\u0131klamalar, Ortado\u011fu&#8217;da 2003 y\u0131l\u0131ndan bu yana g\u00f6r\u00fclen en b\u00fcy\u00fck askeri y\u0131\u011f\u0131na\u011f\u0131n ya\u015fand\u0131\u011f\u0131n\u0131 g\u00f6zler \u00f6n\u00fcne seriyor.<\/strong> Ulusal g\u00fcvenlik uzmanlar\u0131, b\u00f6lgedeki gerilimin tehlikeli boyutlara ula\u015ft\u0131\u011f\u0131na dikkat \u00e7ekiyor.<\/p>\n<p>Eski Ulusal G\u00fcvenlik Dan\u0131\u015fman Yard\u0131mc\u0131s\u0131 Victoria Coates, &#8220;The Bottom Line&#8221; program\u0131nda yapt\u0131\u011f\u0131 de\u011ferlendirmede, d\u00f6nemin ABD Ba\u015fkan\u0131 Donald Trump&#8217;\u0131n Ortado\u011fu&#8217;daki \u00e7at\u0131\u015fmalar s\u0131ras\u0131nda <em>&#8220;sert oynad\u0131\u011f\u0131n\u0131&#8221;<\/em> ifade etti. Coates&#8217;in bu s\u00f6zleri, Washington&#8217;\u0131n b\u00f6lgedeki m\u00fcdahaleci ve \u00e7at\u0131\u015fmac\u0131 politikalar\u0131n\u0131n bir itiraf\u0131 olarak yorumlan\u0131yor.<\/p>\n<p>ABD&#8217;nin b\u00f6lgedeki askeri varl\u0131\u011f\u0131n\u0131 art\u0131rmas\u0131 ve agresif tutumu, zaten k\u0131r\u0131lgan olan Ortado\u011fu&#8217;da yeni gerilim noktalar\u0131 yaratma potansiyeli ta\u015f\u0131yor. Uzmanlar, bu t\u00fcr y\u0131\u011f\u0131naklar\u0131n ve &#8220;sert oyun&#8221; taktiklerinin, b\u00f6lgesel bar\u0131\u015f ve istikrara ciddi zararlar verebilece\u011fi konusunda uyar\u0131yor. Washington&#8217;\u0131n bu ad\u0131mlar\u0131, b\u00f6lge halklar\u0131n\u0131n kendi kaderlerini tayin etme haklar\u0131n\u0131 hi\u00e7e sayan ve d\u0131\u015f m\u00fcdahalecili\u011fi peki\u015ftiren bir yakla\u015f\u0131m olarak de\u011ferlendiriliyor.<\/p>\n<p>Ortado\u011fu&#8217;daki bu askeri hareketlilik, b\u00f6lge \u00fclkeleri ve halklar\u0131 i\u00e7in yeni g\u00fcvenlik endi\u015feleri do\u011fururken, ABD&#8217;nin b\u00f6lgedeki hegemonyas\u0131n\u0131 s\u00fcrd\u00fcrme \u00e7abalar\u0131n\u0131n bir par\u00e7as\u0131 olarak g\u00f6r\u00fcl\u00fcyor.<\/p>\n<p>#Ortado\u011fu #ABD #AskeriY\u0131\u011f\u0131nak #B\u00f6lgesel\u0130stikrar #VictoriaCoates #DonaldTrump #D\u0131\u015fM\u00fcdahale #Gerilim #Sava\u015fTehdidi #WashingtonPolitikalar\u0131<\/p>\n","protected":false},"excerpt":{"rendered":"<p>ABD&#8217;nin Ortado\u011fu&#8217;daki Agresif Y\u0131\u011f\u0131na\u011f\u0131 B\u00f6lgesel \u0130stikrar\u0131 Tehdit Ediyor Washington&#8217;dan gelen son a\u00e7\u0131klamalar, Ortado\u011fu&#8217;da 2003 y\u0131l\u0131ndan bu yana g\u00f6r\u00fclen en b\u00fcy\u00fck askeri y\u0131\u011f\u0131na\u011f\u0131n ya\u015fand\u0131\u011f\u0131n\u0131 g\u00f6zler \u00f6n\u00fcne seriyor. Ulusal g\u00fcvenlik uzmanlar\u0131, b\u00f6lgedeki gerilimin tehlikeli boyutlara ula\u015ft\u0131\u011f\u0131na dikkat \u00e7ekiyor. Eski Ulusal G\u00fcvenlik Dan\u0131\u015fman Yard\u0131mc\u0131s\u0131 Victoria Coates, &#8220;The Bottom Line&#8221; program\u0131nda yapt\u0131\u011f\u0131 de\u011ferlendirmede, d\u00f6nemin ABD Ba\u015fkan\u0131 Donald Trump&#8217;\u0131n Ortado\u011fu&#8217;daki [&hellip;]<\/p>\n","protected":false},"author":2,"featured_media":8466,"comment_status":"open","ping_status":"open","sticky":false,"template":"","format":"standard","meta":{"footnotes":""},"categories":[37],"tags":[],"class_list":["post-8465","post","type-post","status-publish","format-standard","has-post-thumbnail","hentry","category-orta-dogu-haberleri"],"_links":{"self":[{"href":"https:\/\/fajr.news\/index.php?rest_route=\/wp\/v2\/posts\/8465","targetHints":{"allow":["GET"]}}],"collection":[{"href":"https:\/\/fajr.news\/index.php?rest_route=\/wp\/v2\/posts"}],"about":[{"href":"https:\/\/fajr.news\/index.php?rest_route=\/wp\/v2\/types\/post"}],"author":[{"embeddable":true,"href":"https:\/\/fajr.news\/index.php?rest_route=\/wp\/v2\/users\/2"}],"replies":[{"embeddable":true,"href":"https:\/\/fajr.news\/index.php?rest_route=%2Fwp%2Fv2%2Fcomments&post=8465"}],"version-history":[{"count":0,"href":"https:\/\/fajr.news\/index.php?rest_route=\/wp\/v2\/posts\/8465\/revisions"}],"wp:featuredmedia":[{"embeddable":true,"href":"https:\/\/fajr.news\/index.php?rest_route=\/wp\/v2\/media\/8466"}],"wp:attachment":[{"href":"https:\/\/fajr.news\/index.php?rest_route=%2Fwp%2Fv2%2Fmedia&parent=8465"}],"wp:term":[{"taxonomy":"category","embeddable":true,"href":"https:\/\/fajr.news\/index.php?rest_route=%2Fwp%2Fv2%2Fcategories&post=8465"},{"taxonomy":"post_tag","embeddable":true,"href":"https:\/\/fajr.news\/index.php?rest_route=%2Fwp%2Fv2%2Ftags&post=8465"}],"curies":[{"name":"wp","href":"https:\/\/api.w.org\/{rel}","templated":true}]}}