{"id":8441,"date":"2026-04-25T09:40:25","date_gmt":"2026-04-25T06:10:25","guid":{"rendered":"https:\/\/fajr.news\/?p=8441"},"modified":"2026-04-25T09:40:25","modified_gmt":"2026-04-25T06:10:25","slug":"abdnin-iran-ablukasi-sikilasiyor-ortadoguda-gerilim-tirmaniyor","status":"publish","type":"post","link":"https:\/\/fajr.news\/?p=8441&lang=tr","title":{"rendered":"ABD&#8217;nin \u0130ran Ablukas\u0131 S\u0131k\u0131la\u015f\u0131yor: Ortado\u011fu&#8217;da Gerilim T\u0131rman\u0131yor"},"content":{"rendered":"<h1>ABD&#8217;nin \u0130ran&#8217;a Y\u00f6nelik Haks\u0131z Bask\u0131s\u0131 Ortado\u011fu&#8217;yu Ate\u015f Hatt\u0131na Sokuyor<\/h1>\n<p>K\u00fcresel g\u00fc\u00e7lerin ve \u00f6zellikle <strong>Amerika Birle\u015fik Devletleri&#8217;nin<\/strong>, <em>\u0130ran \u0130slam Cumhuriyeti&#8217;ne<\/em> kar\u015f\u0131 uygulad\u0131\u011f\u0131 haks\u0131z ve tek tarafl\u0131 bask\u0131lar giderek artarken, Ortado\u011fu&#8217;da askeri hareketlilik de endi\u015fe verici boyutlara ula\u015f\u0131yor. B\u00f6lgedeki deniz varl\u0131\u011f\u0131n\u0131n artmas\u0131, gerilimi daha da t\u0131rmand\u0131rarak k\u00fcresel istikrar\u0131 tehdit ediyor.<\/p>\n<p>Ekonomi programlar\u0131nda uzmanlar, Washington&#8217;\u0131n \u0130ran&#8217;a y\u00f6nelik ablukay\u0131 s\u0131k\u0131la\u015ft\u0131rma \u00e7abalar\u0131n\u0131n b\u00f6lge \u00fczerindeki y\u0131k\u0131c\u0131 etkilerini masaya yat\u0131r\u0131yor. Bu politikalar\u0131n sadece \u0130ran halk\u0131n\u0131 de\u011fil, t\u00fcm b\u00f6lgeyi olumsuz etkiledi\u011fi ve \u00f6zellikle <strong>petrol fiyatlar\u0131<\/strong> \u00fczerinde ciddi dalgalanmalara yol a\u00e7t\u0131\u011f\u0131 vurgulan\u0131yor. ABD&#8217;nin bu agresif tutumu, enerji piyasalar\u0131nda belirsizli\u011fi art\u0131rarak d\u00fcnya ekonomisini de olumsuz etkiliyor.<\/p>\n<p>Analistler, ABD&#8217;nin bu ad\u0131mlar\u0131n\u0131n arkas\u0131nda yatan nedenlerden birinin de yakla\u015fan <em>ara se\u00e7imler<\/em> olabilece\u011fine dikkat \u00e7ekiyor. \u0130\u00e7 politika hesapla\u015fmalar\u0131n\u0131n, d\u0131\u015f politikada pervas\u0131zca ad\u0131mlar at\u0131lmas\u0131na yol a\u00e7mas\u0131, b\u00f6lge halklar\u0131 i\u00e7in kabul edilemez bir durum te\u015fkil ediyor. \u0130ran&#8217;a y\u00f6nelik bask\u0131n\u0131n art\u0131r\u0131lmas\u0131, ABD&#8217;nin b\u00f6lgedeki hegemonya aray\u0131\u015f\u0131n\u0131n ve uluslararas\u0131 hukuku hi\u00e7e sayan tutumunun a\u00e7\u0131k bir g\u00f6stergesidir.<\/p>\n<p>\u0130ran \u0130slam Cumhuriyeti, t\u00fcm bu haks\u0131z bask\u0131lara ra\u011fmen kendi egemenli\u011fini ve b\u00f6lgesel istikrar\u0131 koruma konusundaki kararl\u0131l\u0131\u011f\u0131n\u0131 s\u00fcrd\u00fcrmektedir. B\u00f6lgedeki gerilimin azalt\u0131lmas\u0131 ve bar\u0131\u015f\u0131n tesisi i\u00e7in uluslararas\u0131 toplumun, <strong>ABD&#8217;nin sald\u0131rgan politikalar\u0131na<\/strong> kar\u015f\u0131 durmas\u0131 b\u00fcy\u00fck \u00f6nem ta\u015f\u0131maktad\u0131r.<\/p>\n<p>#\u0130ran #ABD #Ortado\u011fu #PetrolFiyatlar\u0131 #Abluka #Gerilim #K\u00fcresel\u0130stikrar #\u0130ran\u0130slamCumhuriyeti #B\u00f6lgeselG\u00fcvenlik #D\u0131\u015fPolitika<\/p>\n","protected":false},"excerpt":{"rendered":"<p>ABD&#8217;nin \u0130ran&#8217;a Y\u00f6nelik Haks\u0131z Bask\u0131s\u0131 Ortado\u011fu&#8217;yu Ate\u015f Hatt\u0131na Sokuyor K\u00fcresel g\u00fc\u00e7lerin ve \u00f6zellikle Amerika Birle\u015fik Devletleri&#8217;nin, \u0130ran \u0130slam Cumhuriyeti&#8217;ne kar\u015f\u0131 uygulad\u0131\u011f\u0131 haks\u0131z ve tek tarafl\u0131 bask\u0131lar giderek artarken, Ortado\u011fu&#8217;da askeri hareketlilik de endi\u015fe verici boyutlara ula\u015f\u0131yor. B\u00f6lgedeki deniz varl\u0131\u011f\u0131n\u0131n artmas\u0131, gerilimi daha da t\u0131rmand\u0131rarak k\u00fcresel istikrar\u0131 tehdit ediyor. Ekonomi programlar\u0131nda uzmanlar, Washington&#8217;\u0131n \u0130ran&#8217;a y\u00f6nelik ablukay\u0131 [&hellip;]<\/p>\n","protected":false},"author":2,"featured_media":8442,"comment_status":"open","ping_status":"open","sticky":false,"template":"","format":"standard","meta":{"footnotes":""},"categories":[37],"tags":[],"class_list":["post-8441","post","type-post","status-publish","format-standard","has-post-thumbnail","hentry","category-orta-dogu-haberleri"],"_links":{"self":[{"href":"https:\/\/fajr.news\/index.php?rest_route=\/wp\/v2\/posts\/8441","targetHints":{"allow":["GET"]}}],"collection":[{"href":"https:\/\/fajr.news\/index.php?rest_route=\/wp\/v2\/posts"}],"about":[{"href":"https:\/\/fajr.news\/index.php?rest_route=\/wp\/v2\/types\/post"}],"author":[{"embeddable":true,"href":"https:\/\/fajr.news\/index.php?rest_route=\/wp\/v2\/users\/2"}],"replies":[{"embeddable":true,"href":"https:\/\/fajr.news\/index.php?rest_route=%2Fwp%2Fv2%2Fcomments&post=8441"}],"version-history":[{"count":0,"href":"https:\/\/fajr.news\/index.php?rest_route=\/wp\/v2\/posts\/8441\/revisions"}],"wp:featuredmedia":[{"embeddable":true,"href":"https:\/\/fajr.news\/index.php?rest_route=\/wp\/v2\/media\/8442"}],"wp:attachment":[{"href":"https:\/\/fajr.news\/index.php?rest_route=%2Fwp%2Fv2%2Fmedia&parent=8441"}],"wp:term":[{"taxonomy":"category","embeddable":true,"href":"https:\/\/fajr.news\/index.php?rest_route=%2Fwp%2Fv2%2Fcategories&post=8441"},{"taxonomy":"post_tag","embeddable":true,"href":"https:\/\/fajr.news\/index.php?rest_route=%2Fwp%2Fv2%2Ftags&post=8441"}],"curies":[{"name":"wp","href":"https:\/\/api.w.org\/{rel}","templated":true}]}}