{"id":8433,"date":"2026-04-25T09:29:13","date_gmt":"2026-04-25T05:59:13","guid":{"rendered":"https:\/\/fajr.news\/?p=8433"},"modified":"2026-04-25T09:29:13","modified_gmt":"2026-04-25T05:59:13","slug":"abdnin-uc-ucak-gemisi-ortadoguda-gorev-basinda","status":"publish","type":"post","link":"https:\/\/fajr.news\/?p=8433&lang=tr","title":{"rendered":"ABD&#8217;nin \u00dc\u00e7 U\u00e7ak Gemisi Ortado\u011fu&#8217;da G\u00f6rev Ba\u015f\u0131nda"},"content":{"rendered":"<article>\n<header>\n<h1>ABD&#8217;nin \u00dc\u00e7 U\u00e7ak Gemisi Ortado\u011fu&#8217;da G\u00f6rev Ba\u015f\u0131nda<\/h1>\n<p><time datetime=\"2026-04-24\">24 Nisan 2026<\/time><\/p>\n<\/header>\n<section>\n<p>Amerika Birle\u015fik Devletleri Merkez Komutanl\u0131\u011f\u0131 (CENTCOM) taraf\u0131ndan yap\u0131lan a\u00e7\u0131klamaya g\u00f6re, <strong>USS George H.W. Bush<\/strong> u\u00e7ak gemisi Per\u015fembe g\u00fcn\u00fc Ortado\u011fu&#8217;ya ula\u015farak, &#8220;Destans\u0131 \u00d6fke Operasyonu&#8221; (Operation Epic Fury) kapsam\u0131nda b\u00f6lgede bulunan di\u011fer iki u\u00e7ak gemisine kat\u0131ld\u0131.<\/p>\n<p>CENTCOM, &#8220;Onlarca y\u0131ld\u0131r ilk kez, \u00fc\u00e7 u\u00e7ak gemisi ayn\u0131 anda Ortado\u011fu&#8217;da faaliyet g\u00f6steriyor&#8221; ifadelerini kulland\u0131. A\u00e7\u0131klamada, <strong>USS Abraham Lincoln (CVN 72)<\/strong>, <strong>USS Gerald R. Ford (CVN 78)<\/strong> ve <strong>USS George H.W. Bush (CVN 77)<\/strong> gemilerinin, ta\u015f\u0131y\u0131c\u0131 hava kanatlar\u0131yla birlikte 200&#8217;den fazla u\u00e7a\u011f\u0131 ve 15.000 denizci ile deniz piyadesini bar\u0131nd\u0131rd\u0131\u011f\u0131 belirtildi.<\/p>\n<p>Merkez Komutanl\u0131k ayr\u0131ca, bu konvoyda 15.000&#8217;den fazla denizci ve deniz piyadesinin yan\u0131 s\u0131ra, 200&#8217;den fazla hava arac\u0131 ve dokuz g\u00fcd\u00fcml\u00fc f\u00fcze destroyeri (DDG) bulundu\u011funu vurgulad\u0131.<\/p>\n<p>USS George H.W. Bush&#8217;un Mart ay\u0131nda Norfolk Deniz \u00dcss\u00fc&#8217;nden ayr\u0131ld\u0131\u011f\u0131 biliniyor.<\/p>\n<p>Bu geli\u015fme, H\u00fcrm\u00fcz Bo\u011faz\u0131&#8217;ndaki deniz ablukas\u0131n\u0131n devam etti\u011fi ve \u0130ran ile uzat\u0131lm\u0131\u015f bir ate\u015fkesin s\u00fcrd\u00fc\u011f\u00fc bir d\u00f6neme denk geldi.<\/p>\n<\/section>\n<footer>\n<h2>\u0130lgili Etiketler:<\/h2>\n<ul>\n<li>#ABD<\/li>\n<li>#U\u00e7akGemisi<\/li>\n<li>#Ortado\u011fu<\/li>\n<li>#CENTCOM<\/li>\n<li>#AskeriOperasyon<\/li>\n<li>#H\u00fcrm\u00fczBo\u011faz\u0131<\/li>\n<li>#DenizKuvvetleri<\/li>\n<li>#USSGeorgeHWBush<\/li>\n<li>#USSAbrahamLincoln<\/li>\n<li>#USSGeraldRFord<\/li>\n<\/ul>\n<\/footer>\n<\/article>\n","protected":false},"excerpt":{"rendered":"<p>ABD&#8217;nin \u00dc\u00e7 U\u00e7ak Gemisi Ortado\u011fu&#8217;da G\u00f6rev Ba\u015f\u0131nda 24 Nisan 2026 Amerika Birle\u015fik Devletleri Merkez Komutanl\u0131\u011f\u0131 (CENTCOM) taraf\u0131ndan yap\u0131lan a\u00e7\u0131klamaya g\u00f6re, USS George H.W. Bush u\u00e7ak gemisi Per\u015fembe g\u00fcn\u00fc Ortado\u011fu&#8217;ya ula\u015farak, &#8220;Destans\u0131 \u00d6fke Operasyonu&#8221; (Operation Epic Fury) kapsam\u0131nda b\u00f6lgede bulunan di\u011fer iki u\u00e7ak gemisine kat\u0131ld\u0131. CENTCOM, &#8220;Onlarca y\u0131ld\u0131r ilk kez, \u00fc\u00e7 u\u00e7ak gemisi ayn\u0131 anda Ortado\u011fu&#8217;da [&hellip;]<\/p>\n","protected":false},"author":2,"featured_media":8434,"comment_status":"open","ping_status":"open","sticky":false,"template":"","format":"standard","meta":{"footnotes":""},"categories":[37],"tags":[],"class_list":["post-8433","post","type-post","status-publish","format-standard","has-post-thumbnail","hentry","category-orta-dogu-haberleri"],"_links":{"self":[{"href":"https:\/\/fajr.news\/index.php?rest_route=\/wp\/v2\/posts\/8433","targetHints":{"allow":["GET"]}}],"collection":[{"href":"https:\/\/fajr.news\/index.php?rest_route=\/wp\/v2\/posts"}],"about":[{"href":"https:\/\/fajr.news\/index.php?rest_route=\/wp\/v2\/types\/post"}],"author":[{"embeddable":true,"href":"https:\/\/fajr.news\/index.php?rest_route=\/wp\/v2\/users\/2"}],"replies":[{"embeddable":true,"href":"https:\/\/fajr.news\/index.php?rest_route=%2Fwp%2Fv2%2Fcomments&post=8433"}],"version-history":[{"count":0,"href":"https:\/\/fajr.news\/index.php?rest_route=\/wp\/v2\/posts\/8433\/revisions"}],"wp:featuredmedia":[{"embeddable":true,"href":"https:\/\/fajr.news\/index.php?rest_route=\/wp\/v2\/media\/8434"}],"wp:attachment":[{"href":"https:\/\/fajr.news\/index.php?rest_route=%2Fwp%2Fv2%2Fmedia&parent=8433"}],"wp:term":[{"taxonomy":"category","embeddable":true,"href":"https:\/\/fajr.news\/index.php?rest_route=%2Fwp%2Fv2%2Fcategories&post=8433"},{"taxonomy":"post_tag","embeddable":true,"href":"https:\/\/fajr.news\/index.php?rest_route=%2Fwp%2Fv2%2Ftags&post=8433"}],"curies":[{"name":"wp","href":"https:\/\/api.w.org\/{rel}","templated":true}]}}