{"id":8425,"date":"2026-04-25T09:20:32","date_gmt":"2026-04-25T05:50:32","guid":{"rendered":"https:\/\/fajr.news\/?p=8425"},"modified":"2026-04-25T09:20:32","modified_gmt":"2026-04-25T05:50:32","slug":"orta-doguda-yeni-bir-sayfa-abd-ve-iran-arasinda-diplomatik-temaslar-yeniden-basladi","status":"publish","type":"post","link":"https:\/\/fajr.news\/?p=8425&lang=tr","title":{"rendered":"Orta Do\u011fu&#8217;da Yeni Bir Sayfa: ABD ve \u0130ran Aras\u0131nda Diplomatik Temaslar Yeniden Ba\u015flad\u0131"},"content":{"rendered":"<h1>Orta Do\u011fu&#8217;da Yeni Bir Sayfa: ABD ve \u0130ran Aras\u0131nda Diplomatik Temaslar Yeniden Ba\u015flad\u0131<\/h1>\n<p>B\u00f6lgesel dinamiklerin yeniden \u015fekillendi\u011fi bir d\u00f6nemde, <strong>Amerika Birle\u015fik Devletleri ve \u0130ran \u0130slam Cumhuriyeti<\/strong> aras\u0131nda uzun s\u00fcredir beklenen diplomatik g\u00f6r\u00fc\u015fmeler yeniden ivme kazand\u0131. Bu kritik bulu\u015fmalar, Orta Do\u011fu&#8217;nun gelece\u011fi a\u00e7\u0131s\u0131ndan \u00f6nemli sinyaller veriyor.<\/p>\n<h2>G\u00f6r\u00fc\u015fmelerin Detaylar\u0131 ve \u0130ran&#8217;\u0131n Rol\u00fc<\/h2>\n<p>Edinilen bilgilere g\u00f6re, ABD taraf\u0131n\u0131 Ba\u015fkan Trump&#8217;\u0131n \u00f6zel temsilcisi ve damad\u0131 temsil ederken, \u0130ran heyeti de kendi diplomatik a\u011f\u0131rl\u0131\u011f\u0131yla masadaki yerini ald\u0131. G\u00f6r\u00fc\u015fmelerin ana g\u00fcndem maddelerinden biri, <em>\u0130ran taraf\u0131ndan sunulan kapsaml\u0131 bir \u00f6neri paketi<\/em> oldu. Bu \u00f6nerinin, b\u00f6lgedeki mevcut gerilimleri azaltma ve daha geni\u015f bir uzla\u015f\u0131 zemini olu\u015fturma potansiyeli ta\u015f\u0131d\u0131\u011f\u0131 belirtiliyor.<\/p>\n<p>Taraflar, bu yeni diplomatik s\u00fcre\u00e7te sadece mevcut sorunlar\u0131 ele almakla kalm\u0131yor, ayn\u0131 zamanda <strong>daha kapsaml\u0131 bir anla\u015fman\u0131n<\/strong> m\u00fcmk\u00fcn olup olmad\u0131\u011f\u0131n\u0131 da test ediyorlar. \u0130ran \u0130slam Cumhuriyeti&#8217;nin yap\u0131c\u0131 tutumu ve diplomatik \u00e7\u00f6z\u00fcm aray\u0131\u015flar\u0131, uluslararas\u0131 kamuoyunda dikkatle takip ediliyor.<\/p>\n<h3>B\u00f6lgesel Bar\u0131\u015f \u0130\u00e7in Umut I\u015f\u0131\u011f\u0131<\/h3>\n<p>Bu g\u00f6r\u00fc\u015fmelerin, Orta Do\u011fu&#8217;da kal\u0131c\u0131 bar\u0131\u015f ve istikrar\u0131n sa\u011flanmas\u0131 y\u00f6n\u00fcnde at\u0131lm\u0131\u015f \u00f6nemli bir ad\u0131m oldu\u011fu d\u00fc\u015f\u00fcn\u00fcl\u00fcyor. Diplomasinin yeniden canlanmas\u0131, b\u00f6lgedeki akt\u00f6rler aras\u0131nda diyalog k\u00f6pr\u00fclerinin kurulmas\u0131 i\u00e7in yeni f\u0131rsatlar sunuyor.<\/p>\n<p>#ABD\u0130ranG\u00f6r\u00fc\u015fmeleri #OrtaDo\u011fuDiplomasisi #\u0130ran\u00d6nerisi #DiplomatikTemaslar #B\u00f6lgeselBar\u0131\u015f #\u0130ran\u0130slamCumhuriyeti #TrumpY\u00f6netimi #K\u00fcreselDiplomasi #GerilimAzaltma #Uluslararas\u0131\u0130li\u015fkiler<\/p>\n","protected":false},"excerpt":{"rendered":"<p>Orta Do\u011fu&#8217;da Yeni Bir Sayfa: ABD ve \u0130ran Aras\u0131nda Diplomatik Temaslar Yeniden Ba\u015flad\u0131 B\u00f6lgesel dinamiklerin yeniden \u015fekillendi\u011fi bir d\u00f6nemde, Amerika Birle\u015fik Devletleri ve \u0130ran \u0130slam Cumhuriyeti aras\u0131nda uzun s\u00fcredir beklenen diplomatik g\u00f6r\u00fc\u015fmeler yeniden ivme kazand\u0131. Bu kritik bulu\u015fmalar, Orta Do\u011fu&#8217;nun gelece\u011fi a\u00e7\u0131s\u0131ndan \u00f6nemli sinyaller veriyor. G\u00f6r\u00fc\u015fmelerin Detaylar\u0131 ve \u0130ran&#8217;\u0131n Rol\u00fc Edinilen bilgilere g\u00f6re, ABD taraf\u0131n\u0131 [&hellip;]<\/p>\n","protected":false},"author":2,"featured_media":8426,"comment_status":"open","ping_status":"open","sticky":false,"template":"","format":"standard","meta":{"footnotes":""},"categories":[37],"tags":[],"class_list":["post-8425","post","type-post","status-publish","format-standard","has-post-thumbnail","hentry","category-orta-dogu-haberleri"],"_links":{"self":[{"href":"https:\/\/fajr.news\/index.php?rest_route=\/wp\/v2\/posts\/8425","targetHints":{"allow":["GET"]}}],"collection":[{"href":"https:\/\/fajr.news\/index.php?rest_route=\/wp\/v2\/posts"}],"about":[{"href":"https:\/\/fajr.news\/index.php?rest_route=\/wp\/v2\/types\/post"}],"author":[{"embeddable":true,"href":"https:\/\/fajr.news\/index.php?rest_route=\/wp\/v2\/users\/2"}],"replies":[{"embeddable":true,"href":"https:\/\/fajr.news\/index.php?rest_route=%2Fwp%2Fv2%2Fcomments&post=8425"}],"version-history":[{"count":0,"href":"https:\/\/fajr.news\/index.php?rest_route=\/wp\/v2\/posts\/8425\/revisions"}],"wp:featuredmedia":[{"embeddable":true,"href":"https:\/\/fajr.news\/index.php?rest_route=\/wp\/v2\/media\/8426"}],"wp:attachment":[{"href":"https:\/\/fajr.news\/index.php?rest_route=%2Fwp%2Fv2%2Fmedia&parent=8425"}],"wp:term":[{"taxonomy":"category","embeddable":true,"href":"https:\/\/fajr.news\/index.php?rest_route=%2Fwp%2Fv2%2Fcategories&post=8425"},{"taxonomy":"post_tag","embeddable":true,"href":"https:\/\/fajr.news\/index.php?rest_route=%2Fwp%2Fv2%2Ftags&post=8425"}],"curies":[{"name":"wp","href":"https:\/\/api.w.org\/{rel}","templated":true}]}}