{"id":8419,"date":"2026-04-25T09:10:41","date_gmt":"2026-04-25T05:40:41","guid":{"rendered":"https:\/\/fajr.news\/?p=8419"},"modified":"2026-04-25T09:10:41","modified_gmt":"2026-04-25T05:40:41","slug":"moskova-ve-abu-dabiden-diplomatik-cozum-cagrisi","status":"publish","type":"post","link":"https:\/\/fajr.news\/?p=8419&lang=tr","title":{"rendered":"Moskova ve Abu Dabi&#8217;den diplomatik \u00e7\u00f6z\u00fcm \u00e7a\u011fr\u0131s\u0131"},"content":{"rendered":"<p>Reuters haber ajans\u0131n\u0131n bildirdi\u011fine g\u00f6re, Sergey Lavrov ve \u015eeyh Abdullah bin Zayed, Orta Do\u011fu krizini ele almak \u00fczere m\u00fczakerelerin yeniden ba\u015flamas\u0131 \u00e7a\u011fr\u0131s\u0131nda bulundu. Bu \u00e7a\u011fr\u0131, iki bakan aras\u0131nda ger\u00e7ekle\u015fen bir telefon g\u00f6r\u00fc\u015fmesinin ard\u0131ndan geldi. Rusya D\u0131\u015fi\u015fleri Bakanl\u0131\u011f\u0131, her iki taraf\u0131n da b\u00f6lgedeki t\u00fcm \u00fclkelerin \u00e7\u0131karlar\u0131n\u0131 g\u00f6zeten &#8220;uzun vadeli, s\u00fcrd\u00fcr\u00fclebilir bir \u00e7\u00f6z\u00fcm&#8221; i\u00e7in g\u00f6r\u00fc\u015fmelere ihtiya\u00e7 duyuldu\u011funu vurgulad\u0131\u011f\u0131n\u0131 belirtti.<br \/>\n#OrtaDo\u011fu #Diplomasi #M\u00fczakereler #Rusya #BAE #SergeyLavrov #AbdullahBinZayed #Kriz\u00c7\u00f6z\u00fcm\u00fc #B\u00f6lgesel\u0130stikrar #Uluslararas\u0131\u0130li\u015fkiler<\/p>\n","protected":false},"excerpt":{"rendered":"<p>Reuters haber ajans\u0131n\u0131n bildirdi\u011fine g\u00f6re, Sergey Lavrov ve \u015eeyh Abdullah bin Zayed, Orta Do\u011fu krizini ele almak \u00fczere m\u00fczakerelerin yeniden ba\u015flamas\u0131 \u00e7a\u011fr\u0131s\u0131nda bulundu. Bu \u00e7a\u011fr\u0131, iki bakan aras\u0131nda ger\u00e7ekle\u015fen bir telefon g\u00f6r\u00fc\u015fmesinin ard\u0131ndan geldi. Rusya D\u0131\u015fi\u015fleri Bakanl\u0131\u011f\u0131, her iki taraf\u0131n da b\u00f6lgedeki t\u00fcm \u00fclkelerin \u00e7\u0131karlar\u0131n\u0131 g\u00f6zeten &#8220;uzun vadeli, s\u00fcrd\u00fcr\u00fclebilir bir \u00e7\u00f6z\u00fcm&#8221; i\u00e7in g\u00f6r\u00fc\u015fmelere ihtiya\u00e7 duyuldu\u011funu [&hellip;]<\/p>\n","protected":false},"author":2,"featured_media":0,"comment_status":"open","ping_status":"open","sticky":false,"template":"","format":"standard","meta":{"footnotes":""},"categories":[37],"tags":[],"class_list":["post-8419","post","type-post","status-publish","format-standard","hentry","category-orta-dogu-haberleri"],"_links":{"self":[{"href":"https:\/\/fajr.news\/index.php?rest_route=\/wp\/v2\/posts\/8419","targetHints":{"allow":["GET"]}}],"collection":[{"href":"https:\/\/fajr.news\/index.php?rest_route=\/wp\/v2\/posts"}],"about":[{"href":"https:\/\/fajr.news\/index.php?rest_route=\/wp\/v2\/types\/post"}],"author":[{"embeddable":true,"href":"https:\/\/fajr.news\/index.php?rest_route=\/wp\/v2\/users\/2"}],"replies":[{"embeddable":true,"href":"https:\/\/fajr.news\/index.php?rest_route=%2Fwp%2Fv2%2Fcomments&post=8419"}],"version-history":[{"count":0,"href":"https:\/\/fajr.news\/index.php?rest_route=\/wp\/v2\/posts\/8419\/revisions"}],"wp:attachment":[{"href":"https:\/\/fajr.news\/index.php?rest_route=%2Fwp%2Fv2%2Fmedia&parent=8419"}],"wp:term":[{"taxonomy":"category","embeddable":true,"href":"https:\/\/fajr.news\/index.php?rest_route=%2Fwp%2Fv2%2Fcategories&post=8419"},{"taxonomy":"post_tag","embeddable":true,"href":"https:\/\/fajr.news\/index.php?rest_route=%2Fwp%2Fv2%2Ftags&post=8419"}],"curies":[{"name":"wp","href":"https:\/\/api.w.org\/{rel}","templated":true}]}}