{"id":8413,"date":"2026-04-25T08:48:35","date_gmt":"2026-04-25T05:18:35","guid":{"rendered":"https:\/\/fajr.news\/?p=8413"},"modified":"2026-04-25T08:48:35","modified_gmt":"2026-04-25T05:18:35","slug":"avrupa-orta-dogunun-irana-karsi-savasi-cozmesine-yardim-edebilir-mi","status":"publish","type":"post","link":"https:\/\/fajr.news\/?p=8413&lang=tr","title":{"rendered":"Avrupa, Orta Do\u011fu&#8217;nun \u0130ran&#8217;a kar\u015f\u0131 sava\u015f\u0131 \u00e7\u00f6zmesine yard\u0131m edebilir mi?"},"content":{"rendered":"<p>El Cezire muhabiri Rory Challands, M\u0131s\u0131r, Suriye, L\u00fcbnan ve \u00dcrd\u00fcn liderlerinin Avrupal\u0131 liderlerle bir araya gelerek ABD-\u0130srail&#8217;in \u0130ran&#8217;a kar\u015f\u0131 sava\u015f\u0131 nedeniyle ortaya \u00e7\u0131kan b\u00f6lgesel krizi g\u00f6r\u00fc\u015ft\u00fc\u011f\u00fc K\u0131br\u0131s&#8217;taki AB zirvesinden bildiriyor. #OrtaDo\u011fuKrizi #\u0130ranSava\u015f\u0131 #AvrupaDiplomasisi #K\u0131br\u0131sZirvesi #ABOrtaDo\u011fu #B\u00f6lgesel\u00c7at\u0131\u015fma #ABD\u0130srail\u0130ran #LiderlerToplant\u0131s\u0131 #K\u00fcreselG\u00fcvenlik #Bar\u0131\u015fG\u00f6r\u00fc\u015fmeleri<\/p>\n","protected":false},"excerpt":{"rendered":"<p>El Cezire muhabiri Rory Challands, M\u0131s\u0131r, Suriye, L\u00fcbnan ve \u00dcrd\u00fcn liderlerinin Avrupal\u0131 liderlerle bir araya gelerek ABD-\u0130srail&#8217;in \u0130ran&#8217;a kar\u015f\u0131 sava\u015f\u0131 nedeniyle ortaya \u00e7\u0131kan b\u00f6lgesel krizi g\u00f6r\u00fc\u015ft\u00fc\u011f\u00fc K\u0131br\u0131s&#8217;taki AB zirvesinden bildiriyor. #OrtaDo\u011fuKrizi #\u0130ranSava\u015f\u0131 #AvrupaDiplomasisi #K\u0131br\u0131sZirvesi #ABOrtaDo\u011fu #B\u00f6lgesel\u00c7at\u0131\u015fma #ABD\u0130srail\u0130ran #LiderlerToplant\u0131s\u0131 #K\u00fcreselG\u00fcvenlik #Bar\u0131\u015fG\u00f6r\u00fc\u015fmeleri<\/p>\n","protected":false},"author":2,"featured_media":8414,"comment_status":"open","ping_status":"open","sticky":false,"template":"","format":"standard","meta":{"footnotes":""},"categories":[37],"tags":[],"class_list":["post-8413","post","type-post","status-publish","format-standard","has-post-thumbnail","hentry","category-orta-dogu-haberleri"],"_links":{"self":[{"href":"https:\/\/fajr.news\/index.php?rest_route=\/wp\/v2\/posts\/8413","targetHints":{"allow":["GET"]}}],"collection":[{"href":"https:\/\/fajr.news\/index.php?rest_route=\/wp\/v2\/posts"}],"about":[{"href":"https:\/\/fajr.news\/index.php?rest_route=\/wp\/v2\/types\/post"}],"author":[{"embeddable":true,"href":"https:\/\/fajr.news\/index.php?rest_route=\/wp\/v2\/users\/2"}],"replies":[{"embeddable":true,"href":"https:\/\/fajr.news\/index.php?rest_route=%2Fwp%2Fv2%2Fcomments&post=8413"}],"version-history":[{"count":0,"href":"https:\/\/fajr.news\/index.php?rest_route=\/wp\/v2\/posts\/8413\/revisions"}],"wp:featuredmedia":[{"embeddable":true,"href":"https:\/\/fajr.news\/index.php?rest_route=\/wp\/v2\/media\/8414"}],"wp:attachment":[{"href":"https:\/\/fajr.news\/index.php?rest_route=%2Fwp%2Fv2%2Fmedia&parent=8413"}],"wp:term":[{"taxonomy":"category","embeddable":true,"href":"https:\/\/fajr.news\/index.php?rest_route=%2Fwp%2Fv2%2Fcategories&post=8413"},{"taxonomy":"post_tag","embeddable":true,"href":"https:\/\/fajr.news\/index.php?rest_route=%2Fwp%2Fv2%2Ftags&post=8413"}],"curies":[{"name":"wp","href":"https:\/\/api.w.org\/{rel}","templated":true}]}}