{"id":8405,"date":"2026-04-25T08:39:29","date_gmt":"2026-04-25T05:09:29","guid":{"rendered":"https:\/\/fajr.news\/?p=8405"},"modified":"2026-04-25T08:39:29","modified_gmt":"2026-04-25T05:09:29","slug":"iran-savasi-trumpin-ateskesi-uzatmasinin-56-gununde-neler-oluyor","status":"publish","type":"post","link":"https:\/\/fajr.news\/?p=8405&lang=tr","title":{"rendered":"\u0130ran sava\u015f\u0131: Trump&#8217;\u0131n ate\u015fkesi uzatmas\u0131n\u0131n 56. g\u00fcn\u00fcnde neler oluyor?"},"content":{"rendered":"<p>ABD Ba\u015fkan\u0131 Donald Trump, Beyaz Saray&#8217;da \u0130srailli ve L\u00fcbnanl\u0131 temsilcilerle yapt\u0131\u011f\u0131 g\u00f6r\u00fc\u015fmelerin ard\u0131ndan \u0130srail ile L\u00fcbnan aras\u0131ndaki ate\u015fkesin \u00fc\u00e7 hafta uzat\u0131ld\u0131\u011f\u0131n\u0131 duyurdu.<br \/>\nB\u00f6lgede gerilimler devam ederken, Trump \u0130ran ile &#8220;\u015fu an bir anla\u015fma yapabilece\u011fini&#8221; ancak &#8220;sonsuz&#8221; bir anla\u015fma i\u00e7in beklemeye istekli oldu\u011funu belirtti.<br \/>\nG\u00fcney L\u00fcbnan&#8217;da d\u00fczenlenen bir \u0130srail sald\u0131r\u0131s\u0131nda \u00fc\u00e7 ki\u015fi hayat\u0131n\u0131 kaybederken, Tahran&#8217;daki \u00fcst d\u00fczey yetkililer, ABD&#8217;nin \u0130ran limanlar\u0131na uygulad\u0131\u011f\u0131 deniz ablukas\u0131n\u0131 gerek\u00e7e g\u00f6stererek durmu\u015f m\u00fczakerelerden Washington&#8217;\u0131 sorumlu tuttu.<br \/>\n\u0130\u015fte bildiklerimiz:<\/p>\n<p>\u0130ran&#8217;da<br \/>\nTrump&#8217;\u0131n H\u00fcrm\u00fcz emri: Ba\u015fkan Trump, ABD ordusunun da ablukaya ald\u0131\u011f\u0131 hayati deniz ge\u00e7idini yeniden a\u00e7mas\u0131 i\u00e7in \u0130ran \u00fczerindeki bask\u0131y\u0131 art\u0131r\u0131rken, H\u00fcrm\u00fcz Bo\u011faz\u0131&#8217;nda may\u0131n d\u00f6\u015feyen herhangi bir gemiyi imha edece\u011fine yemin etti.<br \/>\nH\u00fcrm\u00fcz&#8217;deki abluka tart\u0131\u015fmas\u0131: Analist Hasan Ahmadian, ABD&#8217;nin H\u00fcrm\u00fcz Bo\u011faz\u0131&#8217;ndaki hamlesinin bir &#8220;ekonomik ku\u015fatma&#8221; olmad\u0131\u011f\u0131n\u0131, aksine &#8220;olas\u0131 yeni bir \u00e7at\u0131\u015fma turu i\u00e7in&#8221; g\u00fc\u00e7leri yeniden konumland\u0131rma \u00f6rt\u00fcs\u00fc oldu\u011funu s\u00f6yledi.<br \/>\n\u0130ran liderleri ayr\u0131l\u0131k iddialar\u0131n\u0131 reddetti: Cumhurba\u015fkan\u0131 Mesud Peze\u015fkiyan, \u0130ran parlamentosu ba\u015fkan\u0131 Muhammed Bak\u0131r Galibaf ve \u0130ran yarg\u0131 erki ba\u015fkan\u0131 Gulamh\u00fcseyin Muhseni Ejei, Trump&#8217;\u0131n i\u00e7 \u00e7atlaklara ili\u015fkin iddialar\u0131n\u0131 reddederek, \u0130ran liderli\u011fi i\u00e7indeki birli\u011fi vurgulayan koordineli mesajlar verdiler.<br \/>\n\u0130ran ABD ablukas\u0131ndan daha uzun s\u00fcre dayanabilir: ABD&#8217;nin Bahreyn eski b\u00fcy\u00fckel\u00e7isi Adam Ereli, Tahran&#8217;\u0131n yapt\u0131r\u0131mlara haz\u0131r oldu\u011funu ve petrol\u00fc alternatif yollarla depolayabilece\u011fini veya satabilece\u011fini belirterek, d\u0131\u015f politika hedefleri ile i\u00e7 siyasi ger\u00e7ekliklerin \u00e7at\u0131\u015fmas\u0131 nedeniyle bask\u0131 kampanyas\u0131n\u0131n hem Trump&#8217;\u0131n sabr\u0131n\u0131 hem de ABD kamuoyunun deste\u011fini a\u015fabilece\u011fi uyar\u0131s\u0131nda bulundu.<\/p>\n<p>Sava\u015f diplomasisi<br \/>\nK\u00fcresel tepkiler: Papa Leo XIV, \u0130ran&#8217;daki protestocular\u0131n \u00f6ld\u00fcr\u00fclmesini k\u0131nayarak itidal \u00e7a\u011fr\u0131s\u0131nda bulunurken, Marco Rubio ABD&#8217;nin \u0130ran milli tak\u0131m\u0131n\u0131n futbol D\u00fcnya Kupas\u0131&#8217;na kat\u0131lmas\u0131n\u0131 engellemeyece\u011fini do\u011frulad\u0131 ve Washington&#8217;\u0131n kat\u0131l\u0131mlar\u0131n\u0131 engellemeye \u00e7al\u0131\u015ft\u0131\u011f\u0131na dair spek\u00fclasyonlar\u0131 reddetti.<br \/>\nABD u\u00e7ak gemisi Orta Do\u011fu&#8217;ya ula\u015ft\u0131: ABD ordusu, USS George H.W. Bush u\u00e7ak gemisinin Orta Do\u011fu&#8217;ya ula\u015ft\u0131\u011f\u0131n\u0131 ve b\u00f6lgede faaliyet g\u00f6steren devasa Amerikan sava\u015f gemilerinin say\u0131s\u0131n\u0131 \u00fc\u00e7e \u00e7\u0131kard\u0131\u011f\u0131n\u0131 bildirdi.<\/p>\n<p>ABD&#8217;de<br \/>\nTrump&#8217;\u0131n bas\u0131n toplant\u0131s\u0131: ABD Ba\u015fkan\u0131 Per\u015fembe g\u00fcn\u00fc yapt\u0131\u011f\u0131 a\u00e7\u0131klamada, Amerikan g\u00fc\u00e7lerinin yeniden in\u015fa edilen herhangi bir \u0130ran askeri kapasitesini h\u0131zla &#8220;etkisiz hale getirebilece\u011fini&#8221; iddia ederek, uzun vadeli bir anla\u015fma konusunda acelesi olmad\u0131\u011f\u0131n\u0131 belirtti: &#8220;Beni acele ettirmeyin.&#8221;<br \/>\nTrump, g\u00fcnlerce ne yapabilece\u011fine dair yo\u011fun spek\u00fclasyonlar\u0131n ard\u0131ndan, \u0130ran medeniyetini yok etmekle tehdit etti\u011fi ve soyk\u0131r\u0131m niyeti ta\u015f\u0131d\u0131\u011f\u0131 gerek\u00e7esiyle geni\u015f \u00e7apta k\u0131nanan bir sosyal medya payla\u015f\u0131m\u0131ndan sonra, ilk kez ABD&#8217;nin \u0130ran&#8217;da n\u00fckleer silah kullanmayaca\u011f\u0131n\u0131 a\u00e7\u0131k\u00e7a s\u00f6yledi.<br \/>\nABD&#8217;li politikac\u0131lar \u0130ranl\u0131lar i\u00e7in koruma istiyor: Bir d\u00fczineden fazla Demokrat, Trump y\u00f6netimine \u0130ranl\u0131lar\u0131n s\u0131n\u0131r d\u0131\u015f\u0131 edilmesini durdurmas\u0131 \u00e7a\u011fr\u0131s\u0131nda bulunarak, yakla\u015f\u0131k 12.000 \u00f6\u011frenci ve di\u011ferlerinin geri d\u00f6nmeye zorlanmalar\u0131 halinde zul\u00fcm veya \u00e7at\u0131\u015fmayla kar\u015f\u0131la\u015fabilece\u011fi uyar\u0131s\u0131nda bulundu ve g\u00fcvenli bir \u015fekilde evlerine d\u00f6nemeyenler i\u00e7in acil koruma talep etti.<\/p>\n<p>\u0130srail&#8217;de<br \/>\n\u0130srail &#8216;ye\u015fil \u0131\u015f\u0131k&#8217; bekliyor: Savunma Bakan\u0131 Israel Katz, \u0130srail&#8217;in &#8220;sava\u015fa devam etmeye haz\u0131r oldu\u011funu&#8221; ve \u0130ran&#8217;\u0131 &#8220;Ta\u015f Devri&#8217;ne&#8221; geri d\u00f6nd\u00fcrmek i\u00e7in Washington&#8217;dan ye\u015fil \u0131\u015f\u0131k bekledi\u011fini s\u00f6yledi.<br \/>\n\u0130srail \u0130ran sald\u0131r\u0131s\u0131n\u0131 reddetti: \u0130ran devlet medyas\u0131n\u0131n ba\u015fkent Tahran \u00fczerinde hava savunma sistemlerinin aktive edildi\u011fi y\u00f6n\u00fcndeki haberlerinin ard\u0131ndan, bir \u0130srailli g\u00fcvenlik kayna\u011f\u0131 Per\u015fembe g\u00fcn\u00fc AFP&#8217;ye yapt\u0131\u011f\u0131 a\u00e7\u0131klamada, \u0130ran&#8217;da hava sald\u0131r\u0131lar\u0131 d\u00fczenlenmedi\u011fini belirtti.<br \/>\nHizbullah kuzey \u0130srail&#8217;e ate\u015f a\u00e7t\u0131: Hizbullah Per\u015fembe g\u00fcn\u00fc kuzey \u0130srail&#8217;e roket att\u0131\u011f\u0131n\u0131 ve \u00fclkeyi ate\u015fkese uymamakla su\u00e7lad\u0131\u011f\u0131n\u0131 bildirdi. Grup, &#8220;L\u00fcbnan ve halk\u0131n\u0131 savunmak amac\u0131yla ve \u0130srail d\u00fc\u015fman\u0131n\u0131n ate\u015fkesi ihlal etmesine ve g\u00fcney L\u00fcbnan&#8217;daki Yater kasabas\u0131n\u0131 hedef almas\u0131na kar\u015f\u0131l\u0131k olarak,&#8221; Hizbullah&#8217;\u0131n &#8220;\u015etula yerle\u015fimini roket salvosuyla hedef ald\u0131\u011f\u0131n\u0131&#8221; belirtti.<\/p>\n<p>L\u00fcbnan&#8217;da<br \/>\n\u0130srail sald\u0131r\u0131s\u0131 \u00fc\u00e7 ki\u015fiyi \u00f6ld\u00fcrd\u00fc: L\u00fcbnan sa\u011fl\u0131k bakanl\u0131\u011f\u0131, g\u00fcney L\u00fcbnan&#8217;a d\u00fczenlenen bir \u0130srail sald\u0131r\u0131s\u0131nda \u00fc\u00e7 ki\u015finin hayat\u0131n\u0131 kaybetti\u011fini duyurdu \u2013 bu, \u015fimdi \u00fc\u00e7 hafta uzat\u0131lan 10 g\u00fcnl\u00fck ate\u015fkese ra\u011fmen ger\u00e7ekle\u015fti.<br \/>\nBeyrutlu d\u00fckkan sahibi b\u00f6l\u00fcnmeleri yans\u0131t\u0131yor: Beyrut&#8217;taki bir d\u00fckkan sahibi, Washington&#8217;daki \u0130srail-L\u00fcbnan g\u00f6r\u00fc\u015fmeleri hakk\u0131ndaki sorular\u0131 g\u00fclerek ge\u00e7i\u015ftirdi ve El Cezire&#8217;ye konu\u015fmaktan \u00e7ekindi\u011fini, bunun L\u00fcbnan&#8217;daki derin b\u00f6l\u00fcnmeleri vurgulad\u0131\u011f\u0131n\u0131 belirtti; zira baz\u0131lar\u0131 m\u00fczakereleri gerekli g\u00f6r\u00fcrken, di\u011ferleri Hizbullah&#8217;\u0131n silahl\u0131 direni\u015fini tek yol olarak g\u00f6r\u00fcyor.<\/p>\n<p>Petrol ve k\u00fcresel piyasalar<br \/>\nPetrol fiyatlar\u0131 y\u00fckseldi: H\u00fcrm\u00fcz Bo\u011faz\u0131&#8217;nda kar\u015f\u0131l\u0131kl\u0131 gemi ele ge\u00e7irmelerinin ard\u0131ndan Brent petrol varil ba\u015f\u0131na 106 dolar\u0131 a\u015ft\u0131 ve iki haftada ilk kez 100 dolar\u0131n \u00fczerine \u00e7\u0131kt\u0131ktan sonra GMT 01:00 itibar\u0131yla yakla\u015f\u0131k y\u00fczde be\u015f art\u0131\u015fla 106.80 dolara y\u00fckseldi.<\/p>\n<p>#\u0130ranSava\u015f\u0131 #Trump #Ate\u015fkes #H\u00fcrm\u00fczBo\u011faz\u0131 #OrtaDo\u011fu #\u0130srailL\u00fcbnan #Hizbullah #PetrolFiyatlar\u0131 #ABD\u0130ranGerilimi #Diplomasi<\/p>\n","protected":false},"excerpt":{"rendered":"<p>ABD Ba\u015fkan\u0131 Donald Trump, Beyaz Saray&#8217;da \u0130srailli ve L\u00fcbnanl\u0131 temsilcilerle yapt\u0131\u011f\u0131 g\u00f6r\u00fc\u015fmelerin ard\u0131ndan \u0130srail ile L\u00fcbnan aras\u0131ndaki ate\u015fkesin \u00fc\u00e7 hafta uzat\u0131ld\u0131\u011f\u0131n\u0131 duyurdu. B\u00f6lgede gerilimler devam ederken, Trump \u0130ran ile &#8220;\u015fu an bir anla\u015fma yapabilece\u011fini&#8221; ancak &#8220;sonsuz&#8221; bir anla\u015fma i\u00e7in beklemeye istekli oldu\u011funu belirtti. G\u00fcney L\u00fcbnan&#8217;da d\u00fczenlenen bir \u0130srail sald\u0131r\u0131s\u0131nda \u00fc\u00e7 ki\u015fi hayat\u0131n\u0131 kaybederken, Tahran&#8217;daki \u00fcst [&hellip;]<\/p>\n","protected":false},"author":2,"featured_media":8406,"comment_status":"open","ping_status":"open","sticky":false,"template":"","format":"standard","meta":{"footnotes":""},"categories":[37],"tags":[],"class_list":["post-8405","post","type-post","status-publish","format-standard","has-post-thumbnail","hentry","category-orta-dogu-haberleri"],"_links":{"self":[{"href":"https:\/\/fajr.news\/index.php?rest_route=\/wp\/v2\/posts\/8405","targetHints":{"allow":["GET"]}}],"collection":[{"href":"https:\/\/fajr.news\/index.php?rest_route=\/wp\/v2\/posts"}],"about":[{"href":"https:\/\/fajr.news\/index.php?rest_route=\/wp\/v2\/types\/post"}],"author":[{"embeddable":true,"href":"https:\/\/fajr.news\/index.php?rest_route=\/wp\/v2\/users\/2"}],"replies":[{"embeddable":true,"href":"https:\/\/fajr.news\/index.php?rest_route=%2Fwp%2Fv2%2Fcomments&post=8405"}],"version-history":[{"count":0,"href":"https:\/\/fajr.news\/index.php?rest_route=\/wp\/v2\/posts\/8405\/revisions"}],"wp:featuredmedia":[{"embeddable":true,"href":"https:\/\/fajr.news\/index.php?rest_route=\/wp\/v2\/media\/8406"}],"wp:attachment":[{"href":"https:\/\/fajr.news\/index.php?rest_route=%2Fwp%2Fv2%2Fmedia&parent=8405"}],"wp:term":[{"taxonomy":"category","embeddable":true,"href":"https:\/\/fajr.news\/index.php?rest_route=%2Fwp%2Fv2%2Fcategories&post=8405"},{"taxonomy":"post_tag","embeddable":true,"href":"https:\/\/fajr.news\/index.php?rest_route=%2Fwp%2Fv2%2Ftags&post=8405"}],"curies":[{"name":"wp","href":"https:\/\/api.w.org\/{rel}","templated":true}]}}