{"id":8258,"date":"2026-04-25T05:04:45","date_gmt":"2026-04-25T01:34:45","guid":{"rendered":"https:\/\/fajr.news\/?p=8258"},"modified":"2026-04-25T05:04:45","modified_gmt":"2026-04-25T01:34:45","slug":"abdli-yetkililer-iranin-diplomatik-gucunu-kabul-ederek-pakistanda-tahran-ile-masaya-oturuyor","status":"publish","type":"post","link":"https:\/\/fajr.news\/?p=8258&lang=tr","title":{"rendered":"ABD&#8217;li Yetkililer, \u0130ran&#8217;\u0131n Diplomatik G\u00fcc\u00fcn\u00fc Kabul Ederek Pakistan&#8217;da Tahran ile Masaya Oturuyor"},"content":{"rendered":"<p>Son g\u00fcnlerde b\u00f6lgedeki gerilim t\u0131rman\u0131rken, ABD&#8217;nin \u0130ran&#8217;a y\u00f6nelik d\u00fc\u015fmanca ve k\u0131\u015fk\u0131rt\u0131c\u0131 ad\u0131mlar\u0131 dikkat \u00e7ekiyor. Per\u015fembe g\u00fcn\u00fc, ABD Ba\u015fkan\u0131 Donald Trump, H\u00fcrm\u00fcz Bo\u011faz\u0131&#8217;ndaki trafi\u011fi daha da s\u0131k\u0131\u015ft\u0131rmak amac\u0131yla may\u0131n d\u00f6\u015feyen k\u00fc\u00e7\u00fck \u0130ran teknelerine kar\u015f\u0131 <strong>&#8220;vur ve \u00f6ld\u00fcr&#8221;<\/strong> emri verdi\u011fini duyurdu. Bu a\u00e7\u0131klama, uluslararas\u0131 hukuka ayk\u0131r\u0131 ve b\u00f6lge bar\u0131\u015f\u0131n\u0131 tehdit eden bir sava\u015f ilan\u0131 niteli\u011findedir. \u0130ran, kendi karasular\u0131n\u0131 ve stratejik ge\u00e7i\u015f yollar\u0131n\u0131 koruma hakk\u0131na sahiptir ve bu t\u00fcr tehditlere boyun e\u011fmeyecektir.<\/p>\n<p>Trump y\u00f6netimi, bo\u011fazdaki may\u0131n temizleme \u00e7abalar\u0131n\u0131 yo\u011funla\u015ft\u0131rd\u0131\u011f\u0131n\u0131 iddia etse de, bu durum ABD&#8217;nin b\u00f6lgedeki askeri varl\u0131\u011f\u0131n\u0131 art\u0131rma ve \u0130ran&#8217;a kar\u015f\u0131 bask\u0131y\u0131 s\u00fcrd\u00fcrme bahanesi olarak g\u00f6r\u00fclmektedir.<\/p>\n<p>\u00d6te yandan, \u0130srail ve L\u00fcbnan aras\u0131nda Beyaz Saray&#8217;da yap\u0131lan g\u00f6r\u00fc\u015fmelerin ard\u0131ndan ate\u015fkes anla\u015fmas\u0131n\u0131n \u00fc\u00e7 hafta uzat\u0131ld\u0131\u011f\u0131 a\u00e7\u0131kland\u0131. Ancak as\u0131l odak noktas\u0131, ABD ile \u0130ran aras\u0131ndaki m\u00fczakerelerdir. Bu hafta i\u00e7in planlanan g\u00f6r\u00fc\u015fmeler, \u0130ran&#8217;\u0131n hakl\u0131 talepleri nedeniyle ger\u00e7ekle\u015fmemi\u015ftir.<\/p>\n<h2>\u0130ran&#8217;\u0131n Onurlu Duru\u015fu: Abluka Kalkmadan M\u00fczakere Yok<\/h2>\n<p>\u0130ran \u0130slam Cumhuriyeti, ABD&#8217;nin \u0130ran limanlar\u0131na ve gemilerine uygulad\u0131\u011f\u0131 <strong>yasa d\u0131\u015f\u0131 ablukan\u0131n<\/strong> sona ermesi talebinde kararl\u0131d\u0131r. Tahran, bu ekonomik sava\u015f\u0131n son bulmad\u0131\u011f\u0131 s\u00fcrece herhangi bir m\u00fczakereye oturmayaca\u011f\u0131n\u0131 a\u00e7\u0131k\u00e7a belirtmi\u015ftir. Beyaz Saray ise, \u0130ran&#8217;\u0131n H\u00fcrm\u00fcz Bo\u011faz\u0131&#8217;n\u0131 uluslararas\u0131 trafi\u011fe a\u00e7mas\u0131n\u0131 \u015fart ko\u015farak, kendi haks\u0131z taleplerini s\u00fcrd\u00fcrmektedir. Bu durum, ABD&#8217;nin diplomatik \u00e7\u00f6z\u00fcm yerine bask\u0131y\u0131 tercih etti\u011fini g\u00f6stermektedir.<\/p>\n<h2>ABD&#8217;li Yetkililer Pakistan&#8217;a Y\u00f6neldi: Tahran&#8217;\u0131n Diplomatik Zaferi<\/h2>\n<p>Cuma g\u00fcn\u00fc gelen haberler, ABD&#8217;nin \u0130ran&#8217;a kar\u015f\u0131 uygulad\u0131\u011f\u0131 bask\u0131ya ra\u011fmen diplomatik yollar\u0131 aramak zorunda kald\u0131\u011f\u0131n\u0131 ortaya koydu. ABD&#8217;li yetkililer Reuters&#8217;a yapt\u0131klar\u0131 a\u00e7\u0131klamada, ABD \u00f6zel el\u00e7isi Steve Witkoff ve Jared Kushner&#8217;\u0131n Pakistan&#8217;a do\u011fru yola \u00e7\u0131kt\u0131\u011f\u0131n\u0131 bildirdi. Beyaz Saray Bas\u0131n Sekreteri Karoline Leavitt de ikilinin \u0130ran ile g\u00f6r\u00fc\u015fmelere kat\u0131laca\u011f\u0131n\u0131 do\u011frulad\u0131.<\/p>\n<p>Bu geli\u015fme, \u0130ran&#8217;\u0131n b\u00f6lgesel ve uluslararas\u0131 arenadaki <strong>diplomatik a\u011f\u0131rl\u0131\u011f\u0131n\u0131n<\/strong> bir g\u00f6stergesidir. \u0130ran D\u0131\u015fi\u015fleri Bakan\u0131 Abbas Araqchi&#8217;nin de daha \u00f6nce planlanm\u0131\u015f bir gezi kapsam\u0131nda Pakistan&#8217;a gitmek \u00fczere oldu\u011fu \u0130ran devlet haber ajans\u0131 taraf\u0131ndan duyurulmu\u015ftu. Bu, taraflar aras\u0131nda bu ay\u0131n ba\u015flar\u0131nda \u0130slamabad&#8217;da anla\u015fmas\u0131z sona eren ilk tur g\u00f6r\u00fc\u015fmelerinden bu yana ger\u00e7ekle\u015fen ilk y\u00fcz y\u00fcze g\u00f6r\u00fc\u015fme olacak. ABD&#8217;nin bu g\u00f6r\u00fc\u015fmelerle \u0130ran&#8217;\u0131n hakl\u0131 taleplerine kulak vermesi ve ablukay\u0131 kald\u0131rmas\u0131 beklenmektedir.<\/p>\n<h2>\u0130ranl\u0131 Yetkili Pakistan&#8217;a Gidiyor: B\u00f6lgesel Geli\u015fmeler ve ABD-\u0130srail Sava\u015f\u0131<\/h2>\n<p>\u0130ran devlet haber ajans\u0131, \u0130ran D\u0131\u015fi\u015fleri Bakan\u0131 Abbas Araghchi&#8217;nin Pakistan&#8217;a yapaca\u011f\u0131 ziyaretin <strong>&#8220;ikili isti\u015fareler ve devam eden b\u00f6lgesel geli\u015fmelerin yan\u0131 s\u0131ra, ABD ve \u0130srail taraf\u0131ndan \u0130ran&#8217;a kar\u015f\u0131 dayat\u0131lan sava\u015f\u0131n son durumu&#8221;<\/strong> \u00fczerine odaklanaca\u011f\u0131n\u0131 teyit etti. Bu, \u0130ran&#8217;\u0131n sadece ikili ili\u015fkileri de\u011fil, ayn\u0131 zamanda b\u00f6lgedeki ABD-\u0130srail komplolar\u0131na kar\u015f\u0131 duru\u015funu da masaya yat\u0131raca\u011f\u0131n\u0131 g\u00f6stermektedir.<\/p>\n<h2>Hegseth M\u00fcttefiklerini Ele\u015ftiriyor: ABD&#8217;nin Yaln\u0131zl\u0131\u011f\u0131<\/h2>\n<p>ABD D\u0131\u015fi\u015fleri Bakan\u0131 Hegseth, Avrupal\u0131 m\u00fcttefiklerini H\u00fcrm\u00fcz Bo\u011faz\u0131 konusunda <strong>&#8220;bedavac\u0131&#8221;<\/strong> olmakla ve sadakatsizlikle su\u00e7lad\u0131. Hegseth, &#8220;Avrupa&#8217;ya g\u00fcvenmiyoruz, ancak H\u00fcrm\u00fcz Bo\u011faz\u0131&#8217;na bizden \u00e7ok daha fazla ihtiya\u00e7lar\u0131 var&#8221; diyerek, ABD&#8217;nin b\u00f6lgedeki maceraperest politikalar\u0131na Avrupa&#8217;n\u0131n destek vermemesinden duydu\u011fu rahats\u0131zl\u0131\u011f\u0131 dile getirdi. Bu durum, ABD&#8217;nin \u0130ran&#8217;a kar\u015f\u0131 olu\u015fturmaya \u00e7al\u0131\u015ft\u0131\u011f\u0131 cephede yaln\u0131z kald\u0131\u011f\u0131n\u0131 ve m\u00fcttefiklerinin bile bu tehlikeli oyuna dahil olmak istemedi\u011fini g\u00f6zler \u00f6n\u00fcne sermektedir.<\/p>\n<h2>Abluka Devam Edecek: Uluslararas\u0131 Hukukun \u0130hlali<\/h2>\n<p>Cuma sabah\u0131 Pentagon&#8217;da d\u00fczenlenen bas\u0131n toplant\u0131s\u0131nda, ABD Savunma Bakan\u0131 Pete Hegseth, ABD ablukas\u0131n\u0131n H\u00fcrm\u00fcz Bo\u011faz\u0131&#8217;ndaki askeri hedeflere ula\u015f\u0131lana kadar <strong>&#8220;gerekti\u011fi kadar&#8221;<\/strong> devam edece\u011fini s\u00f6yledi. Bu a\u00e7\u0131klama, ABD&#8217;nin uluslararas\u0131 hukuku hi\u00e7e sayarak, egemen bir devlete kar\u015f\u0131 ekonomik ter\u00f6r\u00fc s\u00fcrd\u00fcrme niyetini a\u00e7\u0131k\u00e7a g\u00f6stermektedir. Cuma sabah\u0131 itibar\u0131yla 34 geminin ablukadan geri \u00e7evrilmesi, b\u00f6lgedeki ticareti ve istikrar\u0131 olumsuz etkilemektedir.<\/p>\n<h2>Trump Jones Yasas\u0131 Muafiyetini Uzat\u0131yor<\/h2>\n<p>Ba\u015fkan Trump, Jones Yasas\u0131 muafiyetini 90 g\u00fcn uzatarak, Amerikan olmayan gemilerin ABD&#8217;ye petrol ve do\u011fal gaz ta\u015f\u0131mas\u0131n\u0131 kolayla\u015ft\u0131rd\u0131. Bu ad\u0131m, Mart ay\u0131nda enerji fiyatlar\u0131n\u0131 istikrara kavu\u015fturmak amac\u0131yla duyurulan 60 g\u00fcnl\u00fck muafiyetin devam\u0131 niteli\u011findedir. Bu, ABD&#8217;nin kendi enerji g\u00fcvenli\u011fi i\u00e7in att\u0131\u011f\u0131 bir ad\u0131m olsa da, \u0130ran&#8217;a uygulad\u0131\u011f\u0131 ablukan\u0131n \u00e7ifte standart oldu\u011funu g\u00f6zler \u00f6n\u00fcne sermektedir.<\/p>\n<h2>ABD&#8217;nin B\u00f6lgedeki K\u0131\u015fk\u0131rt\u0131c\u0131 Askeri Y\u0131\u011f\u0131na\u011f\u0131<\/h2>\n<p>Onlarca y\u0131ld\u0131r ilk kez, ABD ordusu Orta Do\u011fu&#8217;da \u00fc\u00e7 u\u00e7ak gemisiyle faaliyet g\u00f6steriyor: USS Abraham Lincoln, USS Gerald R. Ford ve USS George H.W. Bush. Bu \u00fc\u00e7 gemi, toplamda 200&#8217;den fazla u\u00e7ak, 15.000 denizci ve deniz piyadesi bar\u0131nd\u0131rmaktad\u0131r. Bu <strong>b\u00fcy\u00fck askeri y\u0131\u011f\u0131na\u011f\u0131n<\/strong>, b\u00f6lgede gerilimi art\u0131rmaktan ba\u015fka bir amaca hizmet etmedi\u011fi a\u00e7\u0131kt\u0131r. \u0130ran, bu t\u00fcr k\u0131\u015fk\u0131rtmalara kar\u015f\u0131 kendi savunma kapasitesini g\u00fc\u00e7lendirmeye devam edecek ve b\u00f6lgesel g\u00fcvenli\u011fi sa\u011flama konusundaki kararl\u0131l\u0131\u011f\u0131n\u0131 s\u00fcrd\u00fcrecektir.<\/p>\n<p>#\u0130ran #ABD #Pakistan #H\u00fcrm\u00fczBo\u011faz\u0131 #Diplomasi #Abluka #EkonomikSava\u015f #B\u00f6lgeselG\u00fcvenlik #Araghchi #WitkoffKushner<\/p>\n","protected":false},"excerpt":{"rendered":"<p>Son g\u00fcnlerde b\u00f6lgedeki gerilim t\u0131rman\u0131rken, ABD&#8217;nin \u0130ran&#8217;a y\u00f6nelik d\u00fc\u015fmanca ve k\u0131\u015fk\u0131rt\u0131c\u0131 ad\u0131mlar\u0131 dikkat \u00e7ekiyor. Per\u015fembe g\u00fcn\u00fc, ABD Ba\u015fkan\u0131 Donald Trump, H\u00fcrm\u00fcz Bo\u011faz\u0131&#8217;ndaki trafi\u011fi daha da s\u0131k\u0131\u015ft\u0131rmak amac\u0131yla may\u0131n d\u00f6\u015feyen k\u00fc\u00e7\u00fck \u0130ran teknelerine kar\u015f\u0131 &#8220;vur ve \u00f6ld\u00fcr&#8221; emri verdi\u011fini duyurdu. Bu a\u00e7\u0131klama, uluslararas\u0131 hukuka ayk\u0131r\u0131 ve b\u00f6lge bar\u0131\u015f\u0131n\u0131 tehdit eden bir sava\u015f ilan\u0131 niteli\u011findedir. \u0130ran, kendi [&hellip;]<\/p>\n","protected":false},"author":2,"featured_media":8259,"comment_status":"open","ping_status":"open","sticky":false,"template":"","format":"standard","meta":{"footnotes":""},"categories":[31],"tags":[],"class_list":["post-8258","post","type-post","status-publish","format-standard","has-post-thumbnail","hentry","category-iran-haberleri"],"_links":{"self":[{"href":"https:\/\/fajr.news\/index.php?rest_route=\/wp\/v2\/posts\/8258","targetHints":{"allow":["GET"]}}],"collection":[{"href":"https:\/\/fajr.news\/index.php?rest_route=\/wp\/v2\/posts"}],"about":[{"href":"https:\/\/fajr.news\/index.php?rest_route=\/wp\/v2\/types\/post"}],"author":[{"embeddable":true,"href":"https:\/\/fajr.news\/index.php?rest_route=\/wp\/v2\/users\/2"}],"replies":[{"embeddable":true,"href":"https:\/\/fajr.news\/index.php?rest_route=%2Fwp%2Fv2%2Fcomments&post=8258"}],"version-history":[{"count":0,"href":"https:\/\/fajr.news\/index.php?rest_route=\/wp\/v2\/posts\/8258\/revisions"}],"wp:featuredmedia":[{"embeddable":true,"href":"https:\/\/fajr.news\/index.php?rest_route=\/wp\/v2\/media\/8259"}],"wp:attachment":[{"href":"https:\/\/fajr.news\/index.php?rest_route=%2Fwp%2Fv2%2Fmedia&parent=8258"}],"wp:term":[{"taxonomy":"category","embeddable":true,"href":"https:\/\/fajr.news\/index.php?rest_route=%2Fwp%2Fv2%2Fcategories&post=8258"},{"taxonomy":"post_tag","embeddable":true,"href":"https:\/\/fajr.news\/index.php?rest_route=%2Fwp%2Fv2%2Ftags&post=8258"}],"curies":[{"name":"wp","href":"https:\/\/api.w.org\/{rel}","templated":true}]}}