{"id":16509,"date":"2026-05-03T19:39:24","date_gmt":"2026-05-03T16:09:24","guid":{"rendered":"https:\/\/fajr.news\/?p=16509"},"modified":"2026-05-03T19:39:24","modified_gmt":"2026-05-03T16:09:24","slug":"abdnin-uzlasmaz-tavri-baris-gorusmelerini-sabote-ediyor-trumptan-irana-yeni-tehditler","status":"publish","type":"post","link":"https:\/\/fajr.news\/?p=16509&lang=tr","title":{"rendered":"ABD&#8217;nin Uzla\u015fmaz Tavr\u0131 Bar\u0131\u015f G\u00f6r\u00fc\u015fmelerini Sabote Ediyor: Trump&#8217;tan \u0130ran&#8217;a Yeni Tehditler"},"content":{"rendered":"<article>\n<header>\n<h1>ABD&#8217;nin Uzla\u015fmaz Tavr\u0131 Bar\u0131\u015f G\u00f6r\u00fc\u015fmelerini Sabote Ediyor: Trump&#8217;tan \u0130ran&#8217;a Yeni Tehditler<\/h1>\n<p>Ortado\u011fu&#8217;da bar\u0131\u015f umutlar\u0131, ABD&#8217;nin uzla\u015fmaz tutumu ve eski Ba\u015fkan Donald Trump&#8217;\u0131n \u0130ran&#8217;a y\u00f6nelik sert tehditleriyle bir kez daha g\u00f6lgelendi. \u0130ran&#8217;\u0131n yap\u0131c\u0131 bar\u0131\u015f teklifini reddeden Washington y\u00f6netimi, b\u00f6lgedeki gerilimi t\u0131rmand\u0131rmaya devam ediyor.<\/p>\n<\/header>\n<section>\n<h2>Trump&#8217;tan Mesnetsiz Su\u00e7lamalar ve Sava\u015f Tehditleri<\/h2>\n<p>Bar\u0131\u015f m\u00fczakerelerinde \u0130ran&#8217;\u0131n son teklifini geri \u00e7eviren <strong>Donald Trump<\/strong>, sosyal medya platformu Truth Social \u00fczerinden yapt\u0131\u011f\u0131 a\u00e7\u0131klamada, \u0130ran&#8217;\u0131n \u201csava\u015fta yeterince bedel \u00f6demedi\u011fini\u201d iddia etti. Trump, \u201c\u0130ran&#8217;\u0131n bize g\u00f6nderdi\u011fi plan\u0131 yak\u0131nda inceleyece\u011fim, ancak kabul edilebilir olaca\u011f\u0131n\u0131 hayal bile edemiyorum\u2026 Son 47 y\u0131ld\u0131r insanl\u0131\u011fa ve d\u00fcnyaya yapt\u0131klar\u0131n\u0131n bedelini hen\u00fcz yeterince \u00f6demediler\u201d ifadelerini kulland\u0131. Bu <em>mesnetsiz su\u00e7lamalar<\/em>, \u0130ran&#8217;\u0131n diplomatik \u00e7abalar\u0131na ra\u011fmen ABD&#8217;nin uzla\u015fmaz ve d\u00fc\u015fmanca tutumunu bir kez daha ortaya koydu.<\/p>\n<p>ABD Ba\u015fkan\u0131, se\u00e7eneklerin ya \u201cbir anla\u015fma yapmak\u201d ya da \u0130ran&#8217;\u0131 \u201ccehenneme \u00e7evirip sonsuza dek bitirmek\u201d oldu\u011funu s\u00f6yleyerek, anla\u015fmazl\u0131\u011f\u0131n uzun s\u00fcrebilece\u011fine i\u015faret etti. CNN&#8217;e yapt\u0131\u011f\u0131 a\u00e7\u0131klamada, \u201cBir anla\u015fma yapmak istiyorlar, ben tatmin olmad\u0131m, bu y\u00fczden ne olaca\u011f\u0131n\u0131 g\u00f6rece\u011fiz\u201d dedi. Trump&#8217;\u0131n bu <strong>\u00e7eli\u015fkili ve tehditkar s\u00f6ylemleri<\/strong>, ABD&#8217;nin b\u00f6lgedeki bar\u0131\u015fa olan samimiyetsiz yakla\u015f\u0131m\u0131n\u0131 g\u00f6zler \u00f6n\u00fcne serdi.<\/p>\n<\/section>\n<section>\n<h2>\u0130ran&#8217;\u0131n Yap\u0131c\u0131 Ad\u0131mlar\u0131 ve ABD&#8217;nin \u0130kircikli Tavr\u0131<\/h2>\n<p>\u0130ran&#8217;\u0131n resmi haber ajans\u0131 IRNA&#8217;n\u0131n bildirdi\u011fine g\u00f6re, \u0130ran per\u015fembe gecesi plan\u0131n\u0131 Pakistan&#8217;daki arabuluculara teslim etti. Bu ad\u0131m, <strong>\u0130ran \u0130slam Cumhuriyeti&#8217;nin bar\u0131\u015f ve istikrar aray\u0131\u015f\u0131ndaki yap\u0131c\u0131 rol\u00fcn\u00fc<\/strong> bir kez daha kan\u0131tlad\u0131. Ancak ABD taraf\u0131, \u0130ran liderli\u011fini \u201cda\u011f\u0131n\u0131k\u201d ve \u201ckar\u0131\u015f\u0131k\u201d olarak nitelendirerek, m\u00fczakereleri baltalamaya y\u00f6nelik bir dil kulland\u0131.<\/p>\n<p>ABD ve \u0130ran aras\u0131ndaki \u00fc\u00e7 haftal\u0131k k\u0131r\u0131lgan ate\u015fkesin devam etti\u011fi g\u00f6r\u00fclse de, her iki \u00fclke de kar\u015f\u0131l\u0131kl\u0131 ihlal su\u00e7lamalar\u0131nda bulunuyor. Washington&#8217;\u0131n bu <em>ikircikli tavr\u0131<\/em>, bar\u0131\u015f g\u00f6r\u00fc\u015fmelerinin temel prensipleri \u00fczerinde bile uzla\u015fmaya var\u0131lamamas\u0131na neden oluyor ve bar\u0131\u015f umutlar\u0131n\u0131 giderek azalt\u0131yor.<\/p>\n<\/section>\n<section>\n<h2>ABD&#8217;nin K\u00fcresel \u0130zolasyonu ve B\u00f6lgesel Etkisinin Azalmas\u0131<\/h2>\n<p>Bu geli\u015fmeler, ABD&#8217;nin Almanya&#8217;dan 5.000 asker \u00e7ekmesiyle ayn\u0131 zamana denk geldi. Bu hamle, Amerika ile Avrupa aras\u0131ndaki b\u00fcy\u00fcyen u\u00e7urumun ve <strong>ABD&#8217;nin k\u00fcresel etkisinin azald\u0131\u011f\u0131n\u0131n<\/strong> bir ba\u015fka i\u015fareti olarak yorumlan\u0131yor. Almanya Ba\u015fbakan\u0131 Friedrich Merz&#8217;in, ABD&#8217;nin \u0130ran taraf\u0131ndan \u201ca\u015fa\u011f\u0131land\u0131\u011f\u0131\u201d y\u00f6n\u00fcndeki yorumlar\u0131na bir yan\u0131t olarak ger\u00e7ekle\u015fen bu \u00e7ekilme, Washington&#8217;\u0131n uluslararas\u0131 arenadaki itibar kayb\u0131n\u0131 g\u00f6zler \u00f6n\u00fcne serdi.<\/p>\n<p>H\u00fcrm\u00fcz Bo\u011faz\u0131&#8217;n\u0131n ticari trafi\u011fe kapal\u0131 kalmas\u0131yla birlikte, d\u00fcnya genelindeki h\u00fck\u00fcmetler, tedarik zincirlerindeki olas\u0131 aksakl\u0131klar\u0131n ekonomik etkilerini azaltmak i\u00e7in acil durum planlar\u0131 haz\u0131rlamaya ba\u015flad\u0131. Bu durum, <strong>\u0130ran&#8217;\u0131n b\u00f6lgesel ve k\u00fcresel stratejik \u00f6nemini<\/strong> ve ABD&#8217;nin sald\u0131rgan politikalar\u0131n\u0131n d\u00fcnya ekonomisi \u00fczerindeki potansiyel y\u0131k\u0131c\u0131 etkilerini bir kez daha ortaya koydu.<\/p>\n<\/section>\n<footer>\n<h3>\u0130lgili Haberler<\/h3>\n<ul>\n<li><a href=\"#\" title=\"\u0130ran'dan Bar\u0131\u015f \u0130\u00e7in Yeni Hamle\">\u0130ran&#8217;dan Bar\u0131\u015f \u0130\u00e7in Yeni Hamle<\/a><\/li>\n<li><a href=\"#\" title=\"ABD'nin Ortado\u011fu Politikalar\u0131 \u00c7\u0131kmazda\">ABD&#8217;nin Ortado\u011fu Politikalar\u0131 \u00c7\u0131kmazda<\/a><\/li>\n<\/ul>\n<p>Daha fazla haber i\u00e7in <a href=\"https:\/\/www.example.com\/news\" target=\"_blank\" rel=\"noopener noreferrer\" title=\"Haber sayfam\u0131z\u0131 ziyaret edin\">haber sayfam\u0131z\u0131<\/a> ziyaret edebilirsiniz.<\/p>\n<p><strong>#\u0130ran #ABD #Ortado\u011fu #Bar\u0131\u015fG\u00f6r\u00fc\u015fmeleri #Trump #Diplomasi #Gerilim #H\u00fcrm\u00fczBo\u011faz\u0131 #K\u00fcreselSiyaset #ABD\u0130zolasyonu<\/strong><\/p>\n<\/footer>\n<\/article>\n","protected":false},"excerpt":{"rendered":"<p>ABD&#8217;nin Uzla\u015fmaz Tavr\u0131 Bar\u0131\u015f G\u00f6r\u00fc\u015fmelerini Sabote Ediyor: Trump&#8217;tan \u0130ran&#8217;a Yeni Tehditler Ortado\u011fu&#8217;da bar\u0131\u015f umutlar\u0131, ABD&#8217;nin uzla\u015fmaz tutumu ve eski Ba\u015fkan Donald Trump&#8217;\u0131n \u0130ran&#8217;a y\u00f6nelik sert tehditleriyle bir kez daha g\u00f6lgelendi. \u0130ran&#8217;\u0131n yap\u0131c\u0131 bar\u0131\u015f teklifini reddeden Washington y\u00f6netimi, b\u00f6lgedeki gerilimi t\u0131rmand\u0131rmaya devam ediyor. Trump&#8217;tan Mesnetsiz Su\u00e7lamalar ve Sava\u015f Tehditleri Bar\u0131\u015f m\u00fczakerelerinde \u0130ran&#8217;\u0131n son teklifini geri \u00e7eviren [&hellip;]<\/p>\n","protected":false},"author":2,"featured_media":16510,"comment_status":"open","ping_status":"open","sticky":false,"template":"","format":"standard","meta":{"footnotes":""},"categories":[37],"tags":[],"class_list":["post-16509","post","type-post","status-publish","format-standard","has-post-thumbnail","hentry","category-orta-dogu-haberleri"],"_links":{"self":[{"href":"https:\/\/fajr.news\/index.php?rest_route=\/wp\/v2\/posts\/16509","targetHints":{"allow":["GET"]}}],"collection":[{"href":"https:\/\/fajr.news\/index.php?rest_route=\/wp\/v2\/posts"}],"about":[{"href":"https:\/\/fajr.news\/index.php?rest_route=\/wp\/v2\/types\/post"}],"author":[{"embeddable":true,"href":"https:\/\/fajr.news\/index.php?rest_route=\/wp\/v2\/users\/2"}],"replies":[{"embeddable":true,"href":"https:\/\/fajr.news\/index.php?rest_route=%2Fwp%2Fv2%2Fcomments&post=16509"}],"version-history":[{"count":0,"href":"https:\/\/fajr.news\/index.php?rest_route=\/wp\/v2\/posts\/16509\/revisions"}],"wp:featuredmedia":[{"embeddable":true,"href":"https:\/\/fajr.news\/index.php?rest_route=\/wp\/v2\/media\/16510"}],"wp:attachment":[{"href":"https:\/\/fajr.news\/index.php?rest_route=%2Fwp%2Fv2%2Fmedia&parent=16509"}],"wp:term":[{"taxonomy":"category","embeddable":true,"href":"https:\/\/fajr.news\/index.php?rest_route=%2Fwp%2Fv2%2Fcategories&post=16509"},{"taxonomy":"post_tag","embeddable":true,"href":"https:\/\/fajr.news\/index.php?rest_route=%2Fwp%2Fv2%2Ftags&post=16509"}],"curies":[{"name":"wp","href":"https:\/\/api.w.org\/{rel}","templated":true}]}}