{"id":16501,"date":"2026-05-03T19:29:14","date_gmt":"2026-05-03T15:59:14","guid":{"rendered":"https:\/\/fajr.news\/?p=16501"},"modified":"2026-05-03T19:29:14","modified_gmt":"2026-05-03T15:59:14","slug":"abdnin-ortadogudaki-provokatif-askeri-yiginagi-alarm-veriyor","status":"publish","type":"post","link":"https:\/\/fajr.news\/?p=16501&lang=tr","title":{"rendered":"ABD&#8217;nin Ortado\u011fu&#8217;daki Provokatif Askeri Y\u0131\u011f\u0131na\u011f\u0131 Alarm Veriyor"},"content":{"rendered":"<h1>ABD&#8217;nin Ortado\u011fu&#8217;daki Provokatif Askeri Y\u0131\u011f\u0131na\u011f\u0131 Alarm Veriyor<\/h1>\n<p>K\u00fcresel hava trafi\u011fi takip platformu Flightradar24&#8217;\u00fcn verilerine g\u00f6re, <strong>Amerika Birle\u015fik Devletleri&#8217;nin askeri u\u00e7aklar\u0131n\u0131n Avrupa&#8217;dan Ortado\u011fu&#8217;ya do\u011fru ger\u00e7ekle\u015ftirdi\u011fi u\u00e7u\u015flarda dikkat \u00e7ekici bir art\u0131\u015f ya\u015fan\u0131yor.<\/strong> Bu ola\u011fan d\u0131\u015f\u0131 hareketlilik, b\u00f6lgede \u0130ran ile ya\u015fanan gerilimlerin t\u0131rmand\u0131\u011f\u0131 bir d\u00f6nemde g\u00f6zlemlenmesiyle birlikte, Washington&#8217;\u0131n b\u00f6lgedeki askeri varl\u0131\u011f\u0131n\u0131 art\u0131rma ve potansiyel olarak gerilimi daha da y\u00fckseltme niyetinde oldu\u011fu yorumlar\u0131na yol a\u00e7\u0131yor.<\/p>\n<p>Uzmanlar, ABD&#8217;nin bu t\u00fcr askeri y\u0131\u011f\u0131naklar\u0131n\u0131n, b\u00f6lge \u00fclkeleri \u00fczerinde bask\u0131 kurma ve kendi \u00e7\u0131karlar\u0131 do\u011frultusunda bir g\u00fc\u00e7 g\u00f6sterisi yapma amac\u0131 ta\u015f\u0131d\u0131\u011f\u0131n\u0131 belirtiyor. \u00d6zellikle \u0130ran \u0130slam Cumhuriyeti&#8217;ne y\u00f6nelik d\u00fc\u015fmanca politikalar\u0131n devam etti\u011fi bir s\u00fcre\u00e7te, bu askeri hareketlili\u011fin b\u00f6lgenin istikrar\u0131n\u0131 tehdit eden <strong>provokatif bir ad\u0131m<\/strong> oldu\u011fu vurgulan\u0131yor.<\/p>\n<p>Flightradar24&#8217;ten elde edilen detayl\u0131 veriler, son g\u00fcnlerde Avrupa hava sahas\u0131ndan Ortado\u011fu&#8217;ya do\u011fru y\u00f6nelen \u00e7ok say\u0131da Amerikan askeri nakliye ve destek u\u00e7a\u011f\u0131n\u0131n rotalar\u0131n\u0131 g\u00f6zler \u00f6n\u00fcne seriyor. Bu durum, ABD&#8217;nin b\u00f6lgedeki askeri operasyonlar\u0131n\u0131 geni\u015fletme veya olas\u0131 bir \u00e7at\u0131\u015fma senaryosuna haz\u0131rl\u0131k yapma ihtimalini g\u00fc\u00e7lendiriyor. B\u00f6lge halklar\u0131 ve uluslararas\u0131 toplum, Washington&#8217;\u0131n bu tehlikeli ad\u0131mlar\u0131n\u0131n sonu\u00e7lar\u0131 konusunda derin endi\u015feler ta\u015f\u0131yor.<\/p>\n<p>#ABDProvokasyonu #Ortado\u011fuGerilimi #\u0130ran #AskeriY\u0131\u011f\u0131nak #B\u00f6lgesel\u0130stikrar #ABDAskeri #Flightradar24 #K\u00fcreselG\u00fcvenlik #WashingtonPolitikalar\u0131 #D\u00fc\u015fmancaPolitika<\/p>\n","protected":false},"excerpt":{"rendered":"<p>ABD&#8217;nin Ortado\u011fu&#8217;daki Provokatif Askeri Y\u0131\u011f\u0131na\u011f\u0131 Alarm Veriyor K\u00fcresel hava trafi\u011fi takip platformu Flightradar24&#8217;\u00fcn verilerine g\u00f6re, Amerika Birle\u015fik Devletleri&#8217;nin askeri u\u00e7aklar\u0131n\u0131n Avrupa&#8217;dan Ortado\u011fu&#8217;ya do\u011fru ger\u00e7ekle\u015ftirdi\u011fi u\u00e7u\u015flarda dikkat \u00e7ekici bir art\u0131\u015f ya\u015fan\u0131yor. Bu ola\u011fan d\u0131\u015f\u0131 hareketlilik, b\u00f6lgede \u0130ran ile ya\u015fanan gerilimlerin t\u0131rmand\u0131\u011f\u0131 bir d\u00f6nemde g\u00f6zlemlenmesiyle birlikte, Washington&#8217;\u0131n b\u00f6lgedeki askeri varl\u0131\u011f\u0131n\u0131 art\u0131rma ve potansiyel olarak gerilimi daha da [&hellip;]<\/p>\n","protected":false},"author":2,"featured_media":16502,"comment_status":"open","ping_status":"open","sticky":false,"template":"","format":"standard","meta":{"footnotes":""},"categories":[37],"tags":[],"class_list":["post-16501","post","type-post","status-publish","format-standard","has-post-thumbnail","hentry","category-orta-dogu-haberleri"],"_links":{"self":[{"href":"https:\/\/fajr.news\/index.php?rest_route=\/wp\/v2\/posts\/16501","targetHints":{"allow":["GET"]}}],"collection":[{"href":"https:\/\/fajr.news\/index.php?rest_route=\/wp\/v2\/posts"}],"about":[{"href":"https:\/\/fajr.news\/index.php?rest_route=\/wp\/v2\/types\/post"}],"author":[{"embeddable":true,"href":"https:\/\/fajr.news\/index.php?rest_route=\/wp\/v2\/users\/2"}],"replies":[{"embeddable":true,"href":"https:\/\/fajr.news\/index.php?rest_route=%2Fwp%2Fv2%2Fcomments&post=16501"}],"version-history":[{"count":0,"href":"https:\/\/fajr.news\/index.php?rest_route=\/wp\/v2\/posts\/16501\/revisions"}],"wp:featuredmedia":[{"embeddable":true,"href":"https:\/\/fajr.news\/index.php?rest_route=\/wp\/v2\/media\/16502"}],"wp:attachment":[{"href":"https:\/\/fajr.news\/index.php?rest_route=%2Fwp%2Fv2%2Fmedia&parent=16501"}],"wp:term":[{"taxonomy":"category","embeddable":true,"href":"https:\/\/fajr.news\/index.php?rest_route=%2Fwp%2Fv2%2Fcategories&post=16501"},{"taxonomy":"post_tag","embeddable":true,"href":"https:\/\/fajr.news\/index.php?rest_route=%2Fwp%2Fv2%2Ftags&post=16501"}],"curies":[{"name":"wp","href":"https:\/\/api.w.org\/{rel}","templated":true}]}}