{"id":16425,"date":"2026-05-03T17:40:01","date_gmt":"2026-05-03T14:10:01","guid":{"rendered":"https:\/\/fajr.news\/?p=16425"},"modified":"2026-05-03T17:40:01","modified_gmt":"2026-05-03T14:10:01","slug":"israil-mahkemesi-gazze-filosu-aktivistlerinin-gozalti-suresini-uzatti","status":"publish","type":"post","link":"https:\/\/fajr.news\/?p=16425&lang=tr","title":{"rendered":"\u0130srail mahkemesi, Gazze filosu aktivistlerinin g\u00f6zalt\u0131 s\u00fcresini uzatt\u0131"},"content":{"rendered":"<p>\u0130srail&#8217;deki bir mahkeme Pazar g\u00fcn\u00fc, Gazze&#8217;ye giden bir filodan \u0130srail&#8217;e sorgulanmak \u00fczere getirilen iki yabanc\u0131 aktivistin g\u00f6zalt\u0131 s\u00fcresini iki g\u00fcn uzatt\u0131. Bunu, aktivistleri temsil eden bir insan haklar\u0131 grubu duyurdu. 50&#8217;den fazla gemiden olu\u015fan filo, \u0130srail&#8217;in Gazze ablukas\u0131n\u0131 k\u0131rmak ve harap olmu\u015f Filistin topraklar\u0131na malzeme ula\u015ft\u0131rmak amac\u0131yla Fransa, \u0130spanya ve \u0130talya&#8217;dan yola \u00e7\u0131km\u0131\u015ft\u0131. Per\u015fembe sabah\u0131 erken saatlerde Yunanistan a\u00e7\u0131klar\u0131ndaki uluslararas\u0131 sularda \u0130srail g\u00fc\u00e7leri taraf\u0131ndan durduruldular. \u0130srail, yakla\u015f\u0131k 175 aktivisti gemilerden indirdi\u011fini ve bunlardan ikisinin sorgulanmak \u00fczere \u0130srail&#8217;e g\u00f6t\u00fcr\u00fcld\u00fc\u011f\u00fcn\u00fc belirtti.<\/p>\n<p>\u0130spanyol vatanda\u015f\u0131 Saif Abu Keshek ve Brezilyal\u0131 Thiago Avila, Pazar g\u00fcn\u00fc g\u00fcneydeki A\u015fkelon \u015fehrinde bir mahkemeye \u00e7\u0131kar\u0131ld\u0131. AFP g\u00f6r\u00fcnt\u00fclerinde, ikilinin mahkeme salonuna g\u00f6t\u00fcr\u00fcld\u00fc\u011f\u00fc, Avila&#8217;n\u0131n ellerinin arkadan kelep\u00e7eli, Abu Keshek&#8217;in ise ayaklar\u0131n\u0131n prangal\u0131 oldu\u011fu g\u00f6r\u00fcld\u00fc. Adalah insan haklar\u0131 grubunun uluslararas\u0131 savunuculuk koordinat\u00f6r\u00fc Miriam Azem, AFP&#8217;ye yapt\u0131\u011f\u0131 a\u00e7\u0131klamada, &#8220;Mahkeme, g\u00f6zalt\u0131 s\u00fcrelerini iki g\u00fcn uzatt\u0131&#8221; dedi.<\/p>\n<p>Adalah, devlet savc\u0131s\u0131n\u0131n ikili taraf\u0131ndan i\u015flendi\u011fi iddia edilen &#8220;sava\u015f zaman\u0131nda d\u00fc\u015fmana yard\u0131m etme&#8221; ve &#8220;ter\u00f6r \u00f6rg\u00fct\u00fcne \u00fcyelik ve hizmet sa\u011flama&#8221; gibi su\u00e7lamalar\u0131 i\u00e7eren bir liste sundu\u011funu belirtti. Ancak Adalah&#8217;\u0131n avukatlar\u0131, iki aktivistin uluslararas\u0131 sularda &#8220;yasa d\u0131\u015f\u0131 ka\u00e7\u0131r\u0131lmas\u0131na&#8221; kar\u015f\u0131 \u00e7\u0131karak devletin yarg\u0131 yetkisine itiraz etti. Avukatlar\u0131 mahkemeye, Avila ve Abu Keshek&#8217;in &#8220;i\u015fkenceye varan ciddi fiziksel tacize u\u011frad\u0131klar\u0131n\u0131, denizde g\u00fcnlerce d\u00f6v\u00fcld\u00fcklerini, tecritte tutulduklar\u0131n\u0131 ve g\u00f6zleri ba\u011fl\u0131 b\u0131rak\u0131ld\u0131klar\u0131n\u0131&#8221; ifade ettiklerini s\u00f6yledi. \u0130kili hakk\u0131nda resmi bir su\u00e7lama yap\u0131lmad\u0131\u011f\u0131 belirtildi.<\/p>\n<p>Avukat Hadeel Abu Salih, duru\u015fman\u0131n ard\u0131ndan gazetecilere yapt\u0131\u011f\u0131 a\u00e7\u0131klamada, &#8220;Bizim iddiam\u0131z \u015fuydu ki&#8230; onlar Gazze&#8217;deki sivillere insani yard\u0131m sa\u011flamay\u0131 ama\u00e7layan bir insani misyonun par\u00e7as\u0131yd\u0131lar, ter\u00f6rist olsun ya da olmas\u0131n ba\u015fka hi\u00e7bir kurulu\u015fa de\u011fil&#8221; dedi. &#8220;Sunulan t\u00fcm su\u00e7lamalar\u0131 reddediyoruz&#8230; ve bu iki adam\u0131n derhal serbest b\u0131rak\u0131lmas\u0131n\u0131 talep ediyoruz&#8221; diye ekledi.<\/p>\n<p>\u0130spanya h\u00fck\u00fcmeti, Abu Keshek&#8217;in &#8220;derhal serbest b\u0131rak\u0131lmas\u0131&#8221; \u00e7a\u011fr\u0131s\u0131nda bulundu. D\u0131\u015fi\u015fleri Bakanl\u0131\u011f\u0131 AFP&#8217;ye yapt\u0131\u011f\u0131 a\u00e7\u0131klamada, \u0130spanyol konsolosunun Abu Keshek&#8217;e duru\u015fmada e\u015flik etti\u011fini belirtti. Adalah&#8217;\u0131n avukatlar\u0131, Cumartesi g\u00fcn\u00fc A\u015fkelon&#8217;daki \u015eikma Cezaevi&#8217;nde iki adamla g\u00f6r\u00fc\u015fm\u00fc\u015ft\u00fc. Avukatlar, Avila&#8217;n\u0131n gemilere el konuldu\u011funda \u0130srail g\u00fc\u00e7leri taraf\u0131ndan &#8220;a\u015f\u0131r\u0131 vah\u015fete maruz kald\u0131\u011f\u0131n\u0131&#8221; anlatt\u0131\u011f\u0131n\u0131, &#8220;y\u00fcz\u00fcst\u00fc yerde s\u00fcr\u00fcklendi\u011fini ve iki kez bay\u0131lana kadar d\u00f6v\u00fcld\u00fc\u011f\u00fcn\u00fc&#8221; s\u00f6yledi. Abu Keshek&#8217;in de &#8220;elleri ba\u011fl\u0131 ve g\u00f6zleri kapal\u0131&#8230; ve ele ge\u00e7irildi\u011fi andan \u0130srail&#8217;e ula\u015fana kadar y\u00fcz\u00fcst\u00fc yere yat\u0131r\u0131lmaya zorland\u0131\u011f\u0131&#8221; belirtildi.<\/p>\n<p>\u0130srail D\u0131\u015fi\u015fleri Bakanl\u0131\u011f\u0131, ikilinin Washington taraf\u0131ndan Filistinli militan grup Hamas ad\u0131na &#8220;gizlice hareket etmekle&#8221; su\u00e7lanan Yurtd\u0131\u015f\u0131ndaki Filistinliler Halk Konferans\u0131 (PCPA) ile ba\u011flant\u0131l\u0131 oldu\u011funu s\u00f6yledi. Bakanl\u0131k, Abu Keshek&#8217;in \u00f6nde gelen bir PCPA \u00fcyesi oldu\u011funu ve Avila&#8217;n\u0131n da grupla ba\u011flant\u0131l\u0131 oldu\u011funu ve &#8220;yasa d\u0131\u015f\u0131 faaliyetlerden \u015f\u00fcphelenildi\u011fini&#8221; belirtti.<\/p>\n<p>K\u00fcresel Sumud Filosu&#8217;nun ge\u00e7en y\u0131l Gazze&#8217;ye yapt\u0131\u011f\u0131 ilk Akdeniz yolculu\u011fu, M\u0131s\u0131r ve Gazze k\u0131y\u0131lar\u0131nda \u0130srail g\u00fc\u00e7leri taraf\u0131ndan durdurulmadan \u00f6nce d\u00fcnya \u00e7ap\u0131nda dikkat \u00e7ekmi\u015fti. Avila, \u0130srail g\u00fc\u00e7leri taraf\u0131ndan durdurulan ve aralar\u0131nda \u0130sve\u00e7li aktivist Greta Thunberg&#8217;in de bulundu\u011fu m\u00fcrettebat \u00fcyelerinin tutuklan\u0131p s\u0131n\u0131r d\u0131\u015f\u0131 edildi\u011fi o filonun organizat\u00f6rlerinden biriydi. \u0130srail, 2007&#8217;den beri \u0130srail ablukas\u0131 alt\u0131nda olan Gazze&#8217;ye t\u00fcm giri\u015f noktalar\u0131n\u0131 kontrol ediyor. Gazze sava\u015f\u0131 boyunca Filistin topraklar\u0131nda kritik malzeme s\u0131k\u0131nt\u0131lar\u0131 ya\u015fand\u0131 ve \u0130srail zaman zaman yard\u0131mlar\u0131 tamamen kesti.<\/p>\n<p>#GazzeFilosu #\u0130nsaniYard\u0131m #\u0130srailAblukas\u0131 #Filistin #Aktivistler #Uluslararas\u0131Sular #\u0130nsanHaklar\u0131 #G\u00f6zalt\u0131 #Sava\u015fSu\u00e7lar\u0131 #\u00d6zg\u00fcrGazze<\/p>\n","protected":false},"excerpt":{"rendered":"<p>\u0130srail&#8217;deki bir mahkeme Pazar g\u00fcn\u00fc, Gazze&#8217;ye giden bir filodan \u0130srail&#8217;e sorgulanmak \u00fczere getirilen iki yabanc\u0131 aktivistin g\u00f6zalt\u0131 s\u00fcresini iki g\u00fcn uzatt\u0131. Bunu, aktivistleri temsil eden bir insan haklar\u0131 grubu duyurdu. 50&#8217;den fazla gemiden olu\u015fan filo, \u0130srail&#8217;in Gazze ablukas\u0131n\u0131 k\u0131rmak ve harap olmu\u015f Filistin topraklar\u0131na malzeme ula\u015ft\u0131rmak amac\u0131yla Fransa, \u0130spanya ve \u0130talya&#8217;dan yola \u00e7\u0131km\u0131\u015ft\u0131. Per\u015fembe sabah\u0131 [&hellip;]<\/p>\n","protected":false},"author":2,"featured_media":16426,"comment_status":"open","ping_status":"open","sticky":false,"template":"","format":"standard","meta":{"footnotes":""},"categories":[37],"tags":[],"class_list":["post-16425","post","type-post","status-publish","format-standard","has-post-thumbnail","hentry","category-orta-dogu-haberleri"],"_links":{"self":[{"href":"https:\/\/fajr.news\/index.php?rest_route=\/wp\/v2\/posts\/16425","targetHints":{"allow":["GET"]}}],"collection":[{"href":"https:\/\/fajr.news\/index.php?rest_route=\/wp\/v2\/posts"}],"about":[{"href":"https:\/\/fajr.news\/index.php?rest_route=\/wp\/v2\/types\/post"}],"author":[{"embeddable":true,"href":"https:\/\/fajr.news\/index.php?rest_route=\/wp\/v2\/users\/2"}],"replies":[{"embeddable":true,"href":"https:\/\/fajr.news\/index.php?rest_route=%2Fwp%2Fv2%2Fcomments&post=16425"}],"version-history":[{"count":0,"href":"https:\/\/fajr.news\/index.php?rest_route=\/wp\/v2\/posts\/16425\/revisions"}],"wp:featuredmedia":[{"embeddable":true,"href":"https:\/\/fajr.news\/index.php?rest_route=\/wp\/v2\/media\/16426"}],"wp:attachment":[{"href":"https:\/\/fajr.news\/index.php?rest_route=%2Fwp%2Fv2%2Fmedia&parent=16425"}],"wp:term":[{"taxonomy":"category","embeddable":true,"href":"https:\/\/fajr.news\/index.php?rest_route=%2Fwp%2Fv2%2Fcategories&post=16425"},{"taxonomy":"post_tag","embeddable":true,"href":"https:\/\/fajr.news\/index.php?rest_route=%2Fwp%2Fv2%2Ftags&post=16425"}],"curies":[{"name":"wp","href":"https:\/\/api.w.org\/{rel}","templated":true}]}}