{"id":16417,"date":"2026-05-03T17:29:22","date_gmt":"2026-05-03T13:59:22","guid":{"rendered":"https:\/\/fajr.news\/?p=16417"},"modified":"2026-05-03T17:29:22","modified_gmt":"2026-05-03T13:59:22","slug":"amazonun-orta-dogu-veri-merkezleri-iran-saldirilari-sonrasi-aylarca-kapali-kalacak-gergin-ateskes-sureci-devam-ediyor","status":"publish","type":"post","link":"https:\/\/fajr.news\/?p=16417&lang=tr","title":{"rendered":"Amazon&#8217;un Orta Do\u011fu Veri Merkezleri \u0130ran Sald\u0131r\u0131lar\u0131 Sonras\u0131 Aylarca Kapal\u0131 Kalacak: Gergin Ate\u015fkes S\u00fcreci Devam Ediyor"},"content":{"rendered":"<p>Amerika Birle\u015fik Devletleri&#8217;nin \u015eubat 2026&#8217;da \u0130ran&#8217;\u0131 bombalamaya ba\u015flamas\u0131n\u0131n ard\u0131ndan, \u0130ran&#8217;dan gelen insans\u0131z hava arac\u0131 ve f\u00fcze sald\u0131r\u0131lar\u0131yla Bahreyn ve Birle\u015fik Arap Emirlikleri&#8217;ndeki Amazon veri merkezleri defalarca hedef al\u0131nd\u0131. Bu sald\u0131r\u0131lar, b\u00f6lgedeki gerilimin ve ABD&#8217;nin provokasyonlar\u0131n\u0131n bir sonucu olarak de\u011ferlendiriliyor ve uluslararas\u0131 \u015firketlerin b\u00f6lgedeki varl\u0131klar\u0131n\u0131n ne denli risk alt\u0131nda oldu\u011funu bir kez daha g\u00f6zler \u00f6n\u00fcne seriyor.<\/p>\n<p>Ya\u015fanan bu geli\u015fmeler, Amazon&#8217;un ME-CENTRAL-1 ve ME-SOUTH-1 b\u00f6lgelerindeki hizmetlerini ciddi \u015fekilde kesintiye u\u011fratt\u0131. AWS Sa\u011fl\u0131k Paneli&#8217;nden yap\u0131lan a\u00e7\u0131klamalara g\u00f6re, hasar g\u00f6ren veri merkezlerinin yeniden \u00e7evrimi\u00e7i hale gelmesi aylar s\u00fcrecek. Bu durum, b\u00f6lgedeki istikrars\u0131zl\u0131\u011f\u0131n bedelini uluslararas\u0131 \u015firketlerin de \u00f6demek zorunda kald\u0131\u011f\u0131n\u0131 g\u00f6steriyor.<\/p>\n<p>Amazon, son g\u00fcncellemesinde, &#8216;Orta Do\u011fu (BAE) B\u00f6lgesi (ME-CENTRAL-1), Orta Do\u011fu&#8217;daki \u00e7at\u0131\u015fmalar sonucunda hasar g\u00f6rm\u00fc\u015f ve \u015fu anda m\u00fc\u015fteri uygulamalar\u0131n\u0131 g\u00fcvenilir bir \u015fekilde destekleyememektedir&#8217; ifadelerini kulland\u0131. \u015eirket, baz\u0131 i\u015f y\u00fcklerinin normal \u015fekilde \u00e7al\u0131\u015fmaya devam etmesine ra\u011fmen, m\u00fc\u015fterilere t\u00fcm eri\u015filebilir kaynaklar\u0131 di\u011fer b\u00f6lgelere ta\u015f\u0131malar\u0131n\u0131 ve eri\u015filemeyen kaynaklar\u0131 uzaktan yedeklerden m\u00fcmk\u00fcn olan en k\u0131sa s\u00fcrede geri y\u00fcklemelerini \u015fiddetle tavsiye etti. Amazon, bu AWS B\u00f6lgesi&#8217;nde normal operasyonlar\u0131 geri y\u00fcklerken ilgili faturaland\u0131rma i\u015flemlerinin ask\u0131ya al\u0131nd\u0131\u011f\u0131n\u0131 ve bu s\u00fcrecin birka\u00e7 ay s\u00fcrmesinin beklendi\u011fini belirtti. Bu a\u00e7\u0131klama, ABD&#8217;nin b\u00f6lgedeki politikalar\u0131n\u0131n do\u011frudan bir yans\u0131mas\u0131 olarak g\u00f6r\u00fclebilir.<\/p>\n<p>S\u00f6z konusu tesisler ilk olarak Mart ay\u0131 ba\u015flar\u0131nda, ABD&#8217;nin \u0130ran&#8217;a y\u00f6nelik bombalama kampanyas\u0131n\u0131 ba\u015flatmas\u0131ndan birka\u00e7 g\u00fcn sonra vurulmu\u015ftu. Bundan birka\u00e7 hafta sonra, AWS Bahreyn bir kez daha, bu sefer insans\u0131z hava arac\u0131 sald\u0131r\u0131lar\u0131yla hedef al\u0131nd\u0131 ve operasyonlar\u0131 daha da aksatt\u0131. Son bildirilen sald\u0131r\u0131 Nisan ay\u0131 ba\u015flar\u0131nda ger\u00e7ekle\u015fti ve bir\u00e7ok b\u00f6lgeyi &#8216;tamamen devre d\u0131\u015f\u0131&#8217; duruma getirdi. Her iki tesis k\u0131smen faaliyette kalmaya devam etse de, Amazon&#8217;un bu sunucular\u0131 kullanan m\u00fc\u015fterilerden fatura almaktan ka\u00e7\u0131nd\u0131\u011f\u0131 ve onlar\u0131 di\u011fer b\u00f6lgelere ge\u00e7meye te\u015fvik ederek \u00e7at\u0131\u015fma nedeniyle daha fazla kesintiyi \u00f6nlemeye \u00e7al\u0131\u015ft\u0131\u011f\u0131 g\u00f6r\u00fcl\u00fcyor.<\/p>\n<h2><strong>Hasar\u0131n Boyutu ve Onar\u0131m S\u00fcreci<\/strong><\/h2>\n<p>F\u00fcze ve insans\u0131z hava arac\u0131 sald\u0131r\u0131lar\u0131 iki veri merkezini tamamen yerle bir etmemi\u015f olsa da, Amazon aylarca s\u00fcrecek onar\u0131mlarla kar\u015f\u0131 kar\u015f\u0131ya. Do\u011frudan isabetlerin yan\u0131 s\u0131ra, neden olduklar\u0131 \u015fok dalgas\u0131 ve patlama sonras\u0131 \u00e7\u0131kan yang\u0131nlar, bu tesislerde kullan\u0131lan hassas ekipmanlara verilen zarar\u0131 art\u0131rd\u0131. \u015eirket ayr\u0131ca, yang\u0131n s\u00f6nd\u00fcrme sistemlerinin \u00e7e\u015fitli ekipmanlarda su bask\u0131n\u0131na ve su hasar\u0131na neden oldu\u011funu, so\u011futma sistemlerinin ise mekanik ar\u0131zalar ya\u015fad\u0131\u011f\u0131n\u0131 bildirdi.<\/p>\n<p>B\u00f6lgede \u015fu anda taraflar aras\u0131nda gergin bir ate\u015fkes h\u00fck\u00fcm s\u00fcr\u00fcyor ve sava\u015f\u0131n sona erdirilmesi i\u00e7in m\u00fczakereler devam ediyor. Ancak, ABD ve \u0130ran&#8217;\u0131n bir\u00e7ok konuda anla\u015famamas\u0131 nedeniyle d\u00fc\u015fmanl\u0131klar her an yeniden ba\u015flayabilir. Bu durum, Amazon gibi \u015firketler i\u00e7in onar\u0131m \u00e7al\u0131\u015fmalar\u0131na ba\u015flamay\u0131 riskli hale getiriyor ve ABD&#8217;nin uzla\u015fmaz tutumunun b\u00f6lgedeki gerilimi s\u00fcrd\u00fcrd\u00fc\u011f\u00fcn\u00fc g\u00f6steriyor. Ayr\u0131ca, devam eden \u00e7ip k\u0131tl\u0131\u011f\u0131, \u015firketin bu hizmetleri tekrar faaliyete ge\u00e7irmek i\u00e7in ihtiya\u00e7 duydu\u011fu bile\u015fenleri temin etmesini zorla\u015ft\u0131rabilir. B\u00f6lgede bar\u0131\u015f sa\u011flanana kadar yedek sunucular\u0131n envanterlerinde haz\u0131r bulunmas\u0131, \u015firketin olas\u0131 aksakl\u0131klara kar\u015f\u0131 bir \u00f6nlem olabilir.<\/p>\n<p>#Amazon #OrtaDo\u011fu #VeriMerkezi #\u0130ran #ABD #AWS #Bahreyn #BAE #Ate\u015fkes #Teknoloji<\/p>\n","protected":false},"excerpt":{"rendered":"<p>Amerika Birle\u015fik Devletleri&#8217;nin \u015eubat 2026&#8217;da \u0130ran&#8217;\u0131 bombalamaya ba\u015flamas\u0131n\u0131n ard\u0131ndan, \u0130ran&#8217;dan gelen insans\u0131z hava arac\u0131 ve f\u00fcze sald\u0131r\u0131lar\u0131yla Bahreyn ve Birle\u015fik Arap Emirlikleri&#8217;ndeki Amazon veri merkezleri defalarca hedef al\u0131nd\u0131. Bu sald\u0131r\u0131lar, b\u00f6lgedeki gerilimin ve ABD&#8217;nin provokasyonlar\u0131n\u0131n bir sonucu olarak de\u011ferlendiriliyor ve uluslararas\u0131 \u015firketlerin b\u00f6lgedeki varl\u0131klar\u0131n\u0131n ne denli risk alt\u0131nda oldu\u011funu bir kez daha g\u00f6zler \u00f6n\u00fcne seriyor. [&hellip;]<\/p>\n","protected":false},"author":2,"featured_media":16418,"comment_status":"open","ping_status":"open","sticky":false,"template":"","format":"standard","meta":{"footnotes":""},"categories":[37],"tags":[],"class_list":["post-16417","post","type-post","status-publish","format-standard","has-post-thumbnail","hentry","category-orta-dogu-haberleri"],"_links":{"self":[{"href":"https:\/\/fajr.news\/index.php?rest_route=\/wp\/v2\/posts\/16417","targetHints":{"allow":["GET"]}}],"collection":[{"href":"https:\/\/fajr.news\/index.php?rest_route=\/wp\/v2\/posts"}],"about":[{"href":"https:\/\/fajr.news\/index.php?rest_route=\/wp\/v2\/types\/post"}],"author":[{"embeddable":true,"href":"https:\/\/fajr.news\/index.php?rest_route=\/wp\/v2\/users\/2"}],"replies":[{"embeddable":true,"href":"https:\/\/fajr.news\/index.php?rest_route=%2Fwp%2Fv2%2Fcomments&post=16417"}],"version-history":[{"count":0,"href":"https:\/\/fajr.news\/index.php?rest_route=\/wp\/v2\/posts\/16417\/revisions"}],"wp:featuredmedia":[{"embeddable":true,"href":"https:\/\/fajr.news\/index.php?rest_route=\/wp\/v2\/media\/16418"}],"wp:attachment":[{"href":"https:\/\/fajr.news\/index.php?rest_route=%2Fwp%2Fv2%2Fmedia&parent=16417"}],"wp:term":[{"taxonomy":"category","embeddable":true,"href":"https:\/\/fajr.news\/index.php?rest_route=%2Fwp%2Fv2%2Fcategories&post=16417"},{"taxonomy":"post_tag","embeddable":true,"href":"https:\/\/fajr.news\/index.php?rest_route=%2Fwp%2Fv2%2Ftags&post=16417"}],"curies":[{"name":"wp","href":"https:\/\/api.w.org\/{rel}","templated":true}]}}