{"id":16401,"date":"2026-05-03T16:34:49","date_gmt":"2026-05-03T13:04:49","guid":{"rendered":"https:\/\/fajr.news\/?p=16401"},"modified":"2026-05-03T16:34:49","modified_gmt":"2026-05-03T13:04:49","slug":"iran-savasi-son-gelismeler-pentagonun-almanyadan-asker-cekme-plani-cumhuriyetcileri-alarma-gecirdi","status":"publish","type":"post","link":"https:\/\/fajr.news\/?p=16401&lang=tr","title":{"rendered":"\u0130ran Sava\u015f\u0131 Son Geli\u015fmeler: Pentagon&#8217;un Almanya&#8217;dan Asker \u00c7ekme Plan\u0131 Cumhuriyet\u00e7ileri Alarma Ge\u00e7irdi"},"content":{"rendered":"<p>Ba\u015fkan Donald Trump, \u00e7at\u0131\u015fman\u0131n \u00fc\u00e7\u00fcnc\u00fc ay\u0131na girmesiyle \u0130ran&#8217;\u0131n sava\u015f\u0131 sona erdirme y\u00f6n\u00fcndeki son teklifini reddetti.<br \/>\nTrump Cuma g\u00fcn\u00fc yapt\u0131\u011f\u0131 a\u00e7\u0131klamada, &#8220;Bir anla\u015fma yapmak istiyorlar, ben bundan memnun de\u011filim, bu y\u00fczden ne olaca\u011f\u0131n\u0131 g\u00f6rece\u011fiz,&#8221; dedi. Ayr\u0131nt\u0131 vermedi ancak \u0130ran liderli\u011finden duydu\u011fu hayal k\u0131r\u0131kl\u0131\u011f\u0131n\u0131 dile getirerek, bunu &#8220;\u00e7ok da\u011f\u0131n\u0131k&#8221; olarak nitelendirdi.<br \/>\nSars\u0131nt\u0131l\u0131 bir ate\u015fkes anla\u015fmas\u0131n\u0131n uzat\u0131lmas\u0131na ra\u011fmen, \u0130ran H\u00fcrm\u00fcz Bo\u011faz\u0131 \u00fczerindeki s\u0131k\u0131 kontrol\u00fcn\u00fc s\u00fcrd\u00fcr\u00fcyor ve ABD Donanmas\u0131&#8217;n\u0131n \u0130ran limanlar\u0131na uygulad\u0131\u011f\u0131 abluka devam ediyor.<br \/>\nSava\u015f\u0131n petrol fiyatlar\u0131 \u00fczerindeki etkisi, g\u0131da, yak\u0131t ve petrolden yap\u0131lan di\u011fer \u00fcr\u00fcnlerin maliyetini art\u0131rd\u0131.<br \/>\nABD, sava\u015fa \u015fimdiye kadar tahmini 25 milyar dolar harcad\u0131.<\/p>\n<p>\u0130\u015fte Cumartesi g\u00fcn\u00fcnden son geli\u015fmeler:<\/p>\n<p>Trump, sava\u015f\u0131 sona erdirmek i\u00e7in yeni \u0130ran teklifini inceliyor<br \/>\nTS\u0130 18:45: Ba\u015fkan Donald Trump Cumartesi g\u00fcn\u00fc yapt\u0131\u011f\u0131 a\u00e7\u0131klamada, sava\u015f\u0131 sona erdirmek i\u00e7in yeni bir \u0130ran teklifini inceledi\u011fini belirtti.<br \/>\nAir Force One&#8217;a binmeden \u00f6nce, &#8220;Size daha sonra bildirece\u011fim,&#8221; dedi ve &#8220;\u015fimdi bana tam metni verecekler&#8221; diye ekledi.<br \/>\n\u0130ran&#8217;\u0131n paramiliter Devrim Muhaf\u0131zlar\u0131&#8217;na yak\u0131n oldu\u011funa inan\u0131lan yar\u0131 resmi \u0130ran yay\u0131n organlar\u0131 Tasnim ve Fars, \u0130ran&#8217;\u0131n dokuz maddelik bir ABD teklifine yan\u0131t olarak Pakistan arac\u0131l\u0131\u011f\u0131yla 14 maddelik bir teklif g\u00f6nderdi\u011fini bildirdi.<br \/>\nBa\u015fkan Donald Trump, Florida&#8217;da gazeteciler taraf\u0131ndan sorgulan\u0131rken \u0130ran ile potansiyel yeni bir anla\u015fma hakk\u0131nda konu\u015ftu. \u00c7at\u0131\u015fmay\u0131 sona erdirmek i\u00e7in en son \u0130ran teklifini inceledi\u011fini belirterek, &#8220;Size daha sonra bildirece\u011fim&#8221; dedi. Trump ayr\u0131ca, ABD&#8217;nin bir anla\u015fma olmadan daha iyi durumda olup olmayaca\u011f\u0131 konusundaki tart\u0131\u015fmaya de\u011findi ve bir anla\u015fman\u0131n hala \u00fczerinde \u00e7al\u0131\u015f\u0131l\u0131yor olabilece\u011fini do\u011frulad\u0131. &#8220;Bana anla\u015fman\u0131n konseptini anlatt\u0131lar. \u015eimdi bana tam metni verecekler,&#8221; diye a\u00e7\u0131klad\u0131.<\/p>\n<p>Cumhuriyet\u00e7i milletvekilleri Almanya&#8217;dan asker \u00e7ekilmesinden &#8216;\u00e7ok endi\u015feli&#8217;<br \/>\nTS\u0130 13:05: Pentagon&#8217;un, Trump&#8217;\u0131n \u0130ran sava\u015f\u0131 konusunda Alman liderle \u00e7at\u0131\u015fmas\u0131 \u00fczerine daha \u00f6nceki tehdidini yerine getirerek \u00f6n\u00fcm\u00fczdeki alt\u0131 ila 12 ay i\u00e7inde Almanya&#8217;dan 5.000 ABD askerini \u00e7ekme planlar\u0131n\u0131 a\u00e7\u0131klamas\u0131n\u0131n ard\u0131ndan baz\u0131 Cumhuriyet\u00e7i milletvekilleri alarm veriyor.<br \/>\nTrump, \u015eans\u00f6lye Friedrich Merz&#8217;in ABD&#8217;nin \u0130ran liderli\u011fi taraf\u0131ndan &#8220;a\u015fa\u011f\u0131land\u0131\u011f\u0131n\u0131&#8221; s\u00f6ylemesi ve Washington&#8217;un sava\u015ftaki strateji eksikli\u011fini ele\u015ftirmesinin ard\u0131ndan bu hafta ba\u015f\u0131nda NATO m\u00fcttefiki Almanya&#8217;dan baz\u0131 askerleri \u00e7ekmekle tehdit etmi\u015fti.<br \/>\nSenato ve Temsilciler Meclisi silahl\u0131 hizmetler komitelerinin Cumhuriyet\u00e7i ba\u015fkanlar\u0131 Senat\u00f6r Roger Wicker ve Temsilci Mike Rogers, &#8220;\u00e7ok endi\u015feli&#8221; olduklar\u0131n\u0131 s\u00f6ylediler.<br \/>\n\u0130ki milletvekili ortak bir a\u00e7\u0131klamada, &#8220;Almanya, Ba\u015fkan Trump&#8217;\u0131n daha fazla y\u00fck payla\u015f\u0131m\u0131 \u00e7a\u011fr\u0131s\u0131na yan\u0131t olarak savunma harcamalar\u0131n\u0131 \u00f6nemli \u00f6l\u00e7\u00fcde art\u0131rd\u0131 ve Epic Fury Operasyonu&#8217;nu desteklemek i\u00e7in ABD kuvvetlerine sorunsuz eri\u015fim, \u00fcs ve u\u00e7u\u015f hakk\u0131 sa\u011flad\u0131,&#8221; dedi.<br \/>\n&#8220;Ger\u00e7ek \u015fu ki, m\u00fcttefikler GSY\u0130H&#8217;lerinin %5&#8217;ini savunmaya harcamaya y\u00f6nelse bile, bu yat\u0131r\u0131m\u0131 geleneksel cayd\u0131r\u0131c\u0131l\u0131k i\u00e7in gereken askeri yetene\u011fe d\u00f6n\u00fc\u015ft\u00fcrmek zaman alacakt\u0131r. Bu yetenekler tam olarak ger\u00e7ekle\u015fmeden Amerika&#8217;n\u0131n Avrupa&#8217;daki ileri varl\u0131\u011f\u0131n\u0131 erken azaltmak, cayd\u0131r\u0131c\u0131l\u0131\u011f\u0131 baltalama ve Vladimir Putin&#8217;e yanl\u0131\u015f sinyal g\u00f6nderme riski ta\u015f\u0131r.&#8221;<br \/>\n\u00c7ekilme planlar\u0131, ABD&#8217;nin Almanya ve daha geni\u015f anlamda Avrupal\u0131 m\u00fcttefiklerle ili\u015fkilerinde yeni bir bozulmaya i\u015faret ediyor: Trump, NATO m\u00fcttefiklerinin \u0130srail ile birlikte \u0130ran&#8217;a kar\u015f\u0131 y\u00fcr\u00fctt\u00fc\u011f\u00fc kampanyas\u0131na kat\u0131lmaya isteksizli\u011finden duydu\u011fu \u00f6fkeyi dile getirdi ve Merz, \u0130spanya Ba\u015fbakan\u0131 Pedro S\u00e1nchez ve \u0130ngiltere Ba\u015fbakan\u0131 Keir Starmer gibi liderlere sert \u00e7\u0131kt\u0131.<br \/>\nTrump ayr\u0131ca AB&#8217;yi ABD ticaret anla\u015fmas\u0131na uymamakla su\u00e7lad\u0131 ve gelecek hafta blokta \u00fcretilen otomobil ve kamyonlara uygulanan tarifeleri %25&#8217;e \u00e7\u0131karma planlar\u0131n\u0131 duyurdu; bu hamle, b\u00fcy\u00fck bir otomobil \u00fcreticisi olan Almanya i\u00e7in \u00f6zellikle y\u0131k\u0131c\u0131 olacakt\u0131r.<\/p>\n<p>ABD, gemileri H\u00fcrm\u00fcz Bo\u011faz\u0131&#8217;n\u0131 ge\u00e7mek i\u00e7in \u0130ran&#8217;a \u00f6deme yapmamalar\u0131 konusunda uyard\u0131<br \/>\nTS\u0130 09:00: Amerika Birle\u015fik Devletleri, nakliye \u015firketlerini H\u00fcrm\u00fcz Bo\u011faz\u0131&#8217;n\u0131 g\u00fcvenli bir \u015fekilde ge\u00e7mek i\u00e7in \u0130ran&#8217;a \u00f6deme yapmamalar\u0131 konusunda uyar\u0131yor. D\u00fcnya petrol ve do\u011fal gaz ticaretinin be\u015fte birinin g\u00fcnl\u00fck olarak ge\u00e7ti\u011fi bu kritik su yolu, sava\u015f ba\u015flad\u0131\u011f\u0131ndan beri \u00e7o\u011funlukla kapal\u0131yd\u0131. \u0130ran, ABD ve \u0130srail&#8217;in sava\u015f\u0131 ba\u015flatmas\u0131n\u0131n ard\u0131ndan gemilere sald\u0131rmaya ve tehdit etmeye ba\u015flam\u0131\u015f, ancak daha sonra baz\u0131 gemilere \u00fccret kar\u015f\u0131l\u0131\u011f\u0131nda g\u00fcvenli ge\u00e7i\u015f teklif etmi\u015fti.<br \/>\n\u015eimdi ABD, nakliye \u015firketlerinin g\u00fcvenli ge\u00e7i\u015f kar\u015f\u0131l\u0131\u011f\u0131nda \u0130ran&#8217;a \u00f6deme yapmalar\u0131 halinde yapt\u0131r\u0131mlarla kar\u015f\u0131la\u015fabilece\u011fini belirtiyor.<br \/>\nABD, \u00f6deme taleplerinin sadece nakit de\u011fil, ayn\u0131 zamanda &#8220;dijital varl\u0131klar, mahsupla\u015fmalar, gayri resmi takaslar veya di\u011fer ayni \u00f6demeler&#8221; ile hay\u0131r kurumlar\u0131na yap\u0131lan ba\u011f\u0131\u015flar ve \u0130ran b\u00fcy\u00fckel\u00e7iliklerindeki \u00f6demeler gibi \u015feyleri de i\u00e7erebilece\u011fini s\u00f6yl\u00fcyor.<\/p>\n<p>Sava\u015f Yetkileri s\u00fcresi doldu, milletvekilleri oylama \u00e7a\u011fr\u0131s\u0131 yap\u0131yor<br \/>\nKongre&#8217;nin sava\u015fa m\u00fcdahale etmesi i\u00e7in 1 May\u0131s son tarihi, Cuma g\u00fcn\u00fc herhangi bir eylem olmaks\u0131z\u0131n ge\u00e7ti.<br \/>\n1973 tarihli Sava\u015f Yetkileri Karar\u0131, Kongre&#8217;nin bir sald\u0131r\u0131 bildiriminden sonra 60 g\u00fcn i\u00e7inde sava\u015f ilan etmesini veya g\u00fc\u00e7 kullan\u0131m\u0131na yetki vermesini \u00f6ng\u00f6r\u00fcyor. Kongre daha fazla eyleme yetki vermezse, karar, ba\u015fkan\u0131n silahl\u0131 kuvvetlerin &#8220;herhangi bir kullan\u0131m\u0131n\u0131 sona erdirmesini&#8221; gerektiriyor. Yasa, ba\u015fkan\u0131n kuvvetleri \u00e7at\u0131\u015fmalardan g\u00fcvenli bir \u015fekilde \u00e7ekmek i\u00e7in s\u00fcreyi ek 30 g\u00fcn uzatmas\u0131na izin veriyor, ancak bir sald\u0131r\u0131 kampanyas\u0131n\u0131 s\u00fcrd\u00fcrme yetkisi vermiyor.<br \/>\nSenato, sava\u015f\u0131 durdurmaya y\u00f6nelik ba\u015fka bir Demokratik giri\u015fimi reddetti, ancak baz\u0131 Cumhuriyet\u00e7iler \u0130ran konusunda bir oylama istediklerini belirttiler. Senat\u00f6r Susan Collins, ilk kez Demokratlarla birlikte sava\u015f\u0131 durdurmak i\u00e7in oy kulland\u0131 ve \u00e7at\u0131\u015fmay\u0131 sona erdirmek i\u00e7in tan\u0131mlanm\u0131\u015f bir strateji g\u00f6rmek istedi\u011fini s\u00f6yledi.<br \/>\nCollins, &#8220;Ba\u015fkomutan olarak ba\u015fkan\u0131n yetkisi s\u0131n\u0131rs\u0131z de\u011fildir,&#8221; dedi ve 60 g\u00fcnl\u00fck s\u00fcrenin &#8220;bir \u00f6neri de\u011fil, bir gereklilik&#8221; oldu\u011funu ekledi.<br \/>\nDi\u011fer Cumhuriyet\u00e7i senat\u00f6rler de bir oylama g\u00f6rmek istediklerini s\u00f6ylediler.<br \/>\nSenat\u00f6r John Curtis, &#8220;Hem y\u00f6netimden hem de Kongre&#8217;den karar verme zaman\u0131 geldi ve bu, \u00e7at\u0131\u015fma i\u00e7inde de\u011fil, birbirleriyle uyum i\u00e7inde ger\u00e7ekle\u015febilir,&#8221; dedi.<br \/>\nKaynak: Bu makale, Associated Press ve \u00f6nceki FOX Yerel haberlerinden bilgiler i\u00e7ermektedir.<\/p>\n<p>#\u0130ranSava\u015f\u0131 #ABD\u0130ranGerilimi #H\u00fcrm\u00fczBo\u011faz\u0131 #AlmanyaABD\u0130li\u015fkileri #Trump #Pentagon #Asker\u00c7ekme #Sava\u015fYetkileri #Cumhuriyet\u00e7iler #PetrolFiyatlar\u0131<\/p>\n","protected":false},"excerpt":{"rendered":"<p>Ba\u015fkan Donald Trump, \u00e7at\u0131\u015fman\u0131n \u00fc\u00e7\u00fcnc\u00fc ay\u0131na girmesiyle \u0130ran&#8217;\u0131n sava\u015f\u0131 sona erdirme y\u00f6n\u00fcndeki son teklifini reddetti. Trump Cuma g\u00fcn\u00fc yapt\u0131\u011f\u0131 a\u00e7\u0131klamada, &#8220;Bir anla\u015fma yapmak istiyorlar, ben bundan memnun de\u011filim, bu y\u00fczden ne olaca\u011f\u0131n\u0131 g\u00f6rece\u011fiz,&#8221; dedi. Ayr\u0131nt\u0131 vermedi ancak \u0130ran liderli\u011finden duydu\u011fu hayal k\u0131r\u0131kl\u0131\u011f\u0131n\u0131 dile getirerek, bunu &#8220;\u00e7ok da\u011f\u0131n\u0131k&#8221; olarak nitelendirdi. Sars\u0131nt\u0131l\u0131 bir ate\u015fkes anla\u015fmas\u0131n\u0131n uzat\u0131lmas\u0131na ra\u011fmen, [&hellip;]<\/p>\n","protected":false},"author":2,"featured_media":16402,"comment_status":"open","ping_status":"open","sticky":false,"template":"","format":"standard","meta":{"footnotes":""},"categories":[31],"tags":[],"class_list":["post-16401","post","type-post","status-publish","format-standard","has-post-thumbnail","hentry","category-iran-haberleri"],"_links":{"self":[{"href":"https:\/\/fajr.news\/index.php?rest_route=\/wp\/v2\/posts\/16401","targetHints":{"allow":["GET"]}}],"collection":[{"href":"https:\/\/fajr.news\/index.php?rest_route=\/wp\/v2\/posts"}],"about":[{"href":"https:\/\/fajr.news\/index.php?rest_route=\/wp\/v2\/types\/post"}],"author":[{"embeddable":true,"href":"https:\/\/fajr.news\/index.php?rest_route=\/wp\/v2\/users\/2"}],"replies":[{"embeddable":true,"href":"https:\/\/fajr.news\/index.php?rest_route=%2Fwp%2Fv2%2Fcomments&post=16401"}],"version-history":[{"count":0,"href":"https:\/\/fajr.news\/index.php?rest_route=\/wp\/v2\/posts\/16401\/revisions"}],"wp:featuredmedia":[{"embeddable":true,"href":"https:\/\/fajr.news\/index.php?rest_route=\/wp\/v2\/media\/16402"}],"wp:attachment":[{"href":"https:\/\/fajr.news\/index.php?rest_route=%2Fwp%2Fv2%2Fmedia&parent=16401"}],"wp:term":[{"taxonomy":"category","embeddable":true,"href":"https:\/\/fajr.news\/index.php?rest_route=%2Fwp%2Fv2%2Fcategories&post=16401"},{"taxonomy":"post_tag","embeddable":true,"href":"https:\/\/fajr.news\/index.php?rest_route=%2Fwp%2Fv2%2Ftags&post=16401"}],"curies":[{"name":"wp","href":"https:\/\/api.w.org\/{rel}","templated":true}]}}