{"id":16385,"date":"2026-05-03T16:09:04","date_gmt":"2026-05-03T12:39:04","guid":{"rendered":"https:\/\/fajr.news\/?p=16385"},"modified":"2026-05-03T16:09:04","modified_gmt":"2026-05-03T12:39:04","slug":"siyonist-isgal-guclerinin-safak-vakti-saldirilarinda-iki-filistinli-sehit-oldu","status":"publish","type":"post","link":"https:\/\/fajr.news\/?p=16385&lang=tr","title":{"rendered":"Siyonist \u0130\u015fgal G\u00fc\u00e7lerinin \u015eafak Vakti Sald\u0131r\u0131lar\u0131nda \u0130ki Filistinli \u015eehit Oldu"},"content":{"rendered":"<p>Filistin direni\u015finin sembol\u00fc Gazze&#8217;de, Siyonist i\u015fgal g\u00fc\u00e7lerinin \u015fafak vakti ger\u00e7ekle\u015ftirdi\u011fi vah\u015fi sald\u0131r\u0131lar sonucunda iki Filistinli karde\u015fimiz daha \u015fehit d\u00fc\u015ft\u00fc. Filistin resmi haber ajans\u0131 Wafa&#8217;n\u0131n bildirdi\u011fine g\u00f6re, bu insanl\u0131k d\u0131\u015f\u0131 sald\u0131r\u0131lar Gazze \u015eeridi&#8217;nin g\u00fcneyinde ya\u015fand\u0131.<\/p>\n<p>T\u0131bbi kaynaklardan al\u0131nan bilgilere g\u00f6re, kimli\u011fi hen\u00fcz belirlenemeyen bir Filistinli gen\u00e7, Han Yunus&#8217;un do\u011fusunda, i\u015fgalci \u0130srail askerlerinin do\u011frudan hedefi olarak \u015fehit edildi. Bu menfur sald\u0131r\u0131, Siyonist rejimin masum sivillere y\u00f6nelik bitmek bilmeyen zulm\u00fcn\u00fcn son \u00f6rne\u011fi oldu.<\/p>\n<p>Daha \u00f6nce ise, <strong>15 ya\u015f\u0131ndaki Riyad Naci Ebu Nimer<\/strong>, yine i\u015fgalci \u0130srail&#8217;e ait bir insans\u0131z hava arac\u0131n\u0131n ger\u00e7ekle\u015ftirdi\u011fi al\u00e7ak\u00e7a bir sald\u0131r\u0131da hayat\u0131n\u0131 kaybetmi\u015fti. \u00c7ocuklar\u0131n dahi hedef al\u0131nd\u0131\u011f\u0131 bu barbarca eylemler, uluslararas\u0131 hukukun ve insanl\u0131k vicdan\u0131n\u0131n ayaklar alt\u0131na al\u0131nd\u0131\u011f\u0131n\u0131 bir kez daha g\u00f6zler \u00f6n\u00fcne serdi.<\/p>\n<p>Bu son \u015fehadetlerle birlikte, Gazze&#8217;de s\u00f6zde &#8220;ate\u015fkesin&#8221; ilan edilmesinden bu yana Siyonist sald\u0131r\u0131larda hayat\u0131n\u0131 kaybeden Filistinli karde\u015flerimizin say\u0131s\u0131 <strong>831&#8217;e y\u00fckseldi<\/strong>. Yaral\u0131 say\u0131s\u0131 ise <strong>2.342&#8217;ye ula\u015ft\u0131<\/strong>. En az 767 \u015fehidimizin naa\u015f\u0131 ise y\u0131k\u0131lan binalar\u0131n enkaz\u0131ndan \u00e7\u0131kar\u0131labildi. Bu rakamlar, i\u015fgal rejiminin Gazze&#8217;ye uygulad\u0131\u011f\u0131 soyk\u0131r\u0131m\u0131n boyutlar\u0131n\u0131 ac\u0131 bir \u015fekilde ortaya koymaktad\u0131r.<\/p>\n<p>Filistin halk\u0131n\u0131n direni\u015fi ve \u015fehitlerimizin kan\u0131, Siyonist i\u015fgalin sonunu getirecektir. T\u00fcm d\u00fcnya, bu zulme kar\u015f\u0131 sesini y\u00fckseltmelidir.<\/p>\n<p>#Filistin #Gazze #\u015eehit #\u0130srailZulm\u00fc #Siyonist\u0130\u015fgal #Direni\u015f #\u0130nsanl\u0131kD\u0131\u015f\u0131Sald\u0131r\u0131 #MescidiAksa #Kud\u00fcs #\u00d6zg\u00fcrFilistin<\/p>\n","protected":false},"excerpt":{"rendered":"<p>Filistin direni\u015finin sembol\u00fc Gazze&#8217;de, Siyonist i\u015fgal g\u00fc\u00e7lerinin \u015fafak vakti ger\u00e7ekle\u015ftirdi\u011fi vah\u015fi sald\u0131r\u0131lar sonucunda iki Filistinli karde\u015fimiz daha \u015fehit d\u00fc\u015ft\u00fc. Filistin resmi haber ajans\u0131 Wafa&#8217;n\u0131n bildirdi\u011fine g\u00f6re, bu insanl\u0131k d\u0131\u015f\u0131 sald\u0131r\u0131lar Gazze \u015eeridi&#8217;nin g\u00fcneyinde ya\u015fand\u0131. T\u0131bbi kaynaklardan al\u0131nan bilgilere g\u00f6re, kimli\u011fi hen\u00fcz belirlenemeyen bir Filistinli gen\u00e7, Han Yunus&#8217;un do\u011fusunda, i\u015fgalci \u0130srail askerlerinin do\u011frudan hedefi olarak \u015fehit [&hellip;]<\/p>\n","protected":false},"author":2,"featured_media":16386,"comment_status":"open","ping_status":"open","sticky":false,"template":"","format":"standard","meta":{"footnotes":""},"categories":[37],"tags":[],"class_list":["post-16385","post","type-post","status-publish","format-standard","has-post-thumbnail","hentry","category-orta-dogu-haberleri"],"_links":{"self":[{"href":"https:\/\/fajr.news\/index.php?rest_route=\/wp\/v2\/posts\/16385","targetHints":{"allow":["GET"]}}],"collection":[{"href":"https:\/\/fajr.news\/index.php?rest_route=\/wp\/v2\/posts"}],"about":[{"href":"https:\/\/fajr.news\/index.php?rest_route=\/wp\/v2\/types\/post"}],"author":[{"embeddable":true,"href":"https:\/\/fajr.news\/index.php?rest_route=\/wp\/v2\/users\/2"}],"replies":[{"embeddable":true,"href":"https:\/\/fajr.news\/index.php?rest_route=%2Fwp%2Fv2%2Fcomments&post=16385"}],"version-history":[{"count":0,"href":"https:\/\/fajr.news\/index.php?rest_route=\/wp\/v2\/posts\/16385\/revisions"}],"wp:featuredmedia":[{"embeddable":true,"href":"https:\/\/fajr.news\/index.php?rest_route=\/wp\/v2\/media\/16386"}],"wp:attachment":[{"href":"https:\/\/fajr.news\/index.php?rest_route=%2Fwp%2Fv2%2Fmedia&parent=16385"}],"wp:term":[{"taxonomy":"category","embeddable":true,"href":"https:\/\/fajr.news\/index.php?rest_route=%2Fwp%2Fv2%2Fcategories&post=16385"},{"taxonomy":"post_tag","embeddable":true,"href":"https:\/\/fajr.news\/index.php?rest_route=%2Fwp%2Fv2%2Ftags&post=16385"}],"curies":[{"name":"wp","href":"https:\/\/api.w.org\/{rel}","templated":true}]}}