{"id":16369,"date":"2026-05-03T15:59:00","date_gmt":"2026-05-03T12:29:00","guid":{"rendered":"https:\/\/fajr.news\/?p=16369"},"modified":"2026-05-03T15:59:00","modified_gmt":"2026-05-03T12:29:00","slug":"bae-siyonist-rejim-ve-abdnin-irana-yonelik-saldirilarinin-ardindan-getirilen-hava-trafigi-kisitlamalarini-kaldirdi","status":"publish","type":"post","link":"https:\/\/fajr.news\/?p=16369&lang=tr","title":{"rendered":"BAE, Siyonist Rejim ve ABD&#8217;nin \u0130ran&#8217;a Y\u00f6nelik Sald\u0131r\u0131lar\u0131n\u0131n Ard\u0131ndan Getirilen Hava Trafi\u011fi K\u0131s\u0131tlamalar\u0131n\u0131 Kald\u0131rd\u0131"},"content":{"rendered":"<h1>BAE, Siyonist Rejim ve ABD&#8217;nin \u0130ran&#8217;a Y\u00f6nelik Sald\u0131r\u0131lar\u0131n\u0131n Ard\u0131ndan Getirilen Hava Trafi\u011fi K\u0131s\u0131tlamalar\u0131n\u0131 Kald\u0131rd\u0131<\/h1>\n<p>Birle\u015fik Arap Emirlikleri (BAE) Sivil Havac\u0131l\u0131k Otoritesi, <strong>Siyonist rejim \u0130srail ve Amerika Birle\u015fik Devletleri&#8217;nin \u0130ran&#8217;a kar\u015f\u0131 ba\u015flatt\u0131\u011f\u0131 sava\u015f\u0131n ard\u0131ndan uygulamaya konulan t\u00fcm u\u00e7u\u015f k\u0131s\u0131tlamalar\u0131n\u0131 kald\u0131rd\u0131\u011f\u0131n\u0131 duyurdu.<\/strong> \u00dclkenin hava sahas\u0131ndaki t\u00fcm hava operasyonlar\u0131 &#8220;normal stat\u00fcye&#8221; geri d\u00f6nd\u00fc.<\/p>\n<p>BAE Genel Sivil Havac\u0131l\u0131k Otoritesi (GCAA) Cumartesi g\u00fcn\u00fc yapt\u0131\u011f\u0131 a\u00e7\u0131klamada, karar\u0131n &#8220;ilgili makamlarla koordinasyon i\u00e7inde, operasyonel ve g\u00fcvenlik ko\u015fullar\u0131n\u0131n kapsaml\u0131 bir de\u011ferlendirmesinin ard\u0131ndan&#8221; al\u0131nd\u0131\u011f\u0131n\u0131 belirtti. Otorite, durumu izlemeye devam edece\u011fini de ekledi.<\/p>\n<p>Bu duyuru, uluslararas\u0131 yolcular i\u00e7in d\u00fcnyan\u0131n en i\u015flek havaliman\u0131na ev sahipli\u011fi yapan Dubai ve Abu Dabi gibi BAE merkezleri i\u00e7in \u00f6nemli bir d\u00f6n\u00fcm noktas\u0131 te\u015fkil ediyor. Bu merkezler, \u015eubat ay\u0131n\u0131n sonlar\u0131ndan bu yana k\u0131s\u0131tlamalar alt\u0131nda faaliyet g\u00f6steriyordu.<\/p>\n<p><strong>ABD ve Siyonist rejimin \u0130ran&#8217;a kar\u015f\u0131 y\u00fcr\u00fctt\u00fc\u011f\u00fc sald\u0131rgan sava\u015f, Orta Do\u011fu genelinde havac\u0131l\u0131kta b\u00fcy\u00fck aksakl\u0131klara neden oldu.<\/strong> Tahran&#8217;\u0131n K\u00f6rfez \u00fclkelerine y\u00f6nelik misilleme sald\u0131r\u0131lar\u0131, b\u00f6lge hava sahas\u0131n\u0131n b\u00fcy\u00fck bir k\u0131sm\u0131n\u0131n kapanmas\u0131na yol a\u00e7m\u0131\u015ft\u0131. Bu durum, b\u00f6lgenin fosil yak\u0131tlara olan ekonomik ba\u011f\u0131ml\u0131l\u0131\u011f\u0131n\u0131 azaltma \u00e7abalar\u0131na darbe vurmakla kalmam\u0131\u015f, ayn\u0131 zamanda Avrupa ile Asya aras\u0131nda uzun mesafeli u\u00e7u\u015flar yapan hava ta\u015f\u0131y\u0131c\u0131lar\u0131 i\u00e7in mevcut rota say\u0131s\u0131n\u0131 da k\u0131s\u0131tlam\u0131\u015ft\u0131.<\/p>\n<p>En az sekiz devlet, BAE, Irak, \u00dcrd\u00fcn, Katar, Bahreyn ve Kuveyt dahil olmak \u00fczere hava sahalar\u0131n\u0131n tamamen veya k\u0131smen kapat\u0131ld\u0131\u011f\u0131n\u0131 duyurmu\u015ftu. BAE havayollar\u0131 Emirates ve flydubai operasyonlar\u0131n\u0131 ge\u00e7ici olarak durdururken, Etihad Abu Dabi&#8217;den t\u00fcm kalk\u0131\u015flar\u0131 ask\u0131ya alm\u0131\u015ft\u0131.<\/p>\n<p>Havac\u0131l\u0131k veri firmas\u0131 Cirium&#8217;a g\u00f6re, \u00e7at\u0131\u015fman\u0131n ilk g\u00fcnlerinde b\u00f6lgeye giden ve b\u00f6lgeden kalkan 11.000&#8217;den fazla u\u00e7u\u015f iptal edilmi\u015fti.<\/p>\n<p>BAE, \u015eubat sonunda \u00e7at\u0131\u015fman\u0131n ba\u015flamas\u0131yla hava sahas\u0131nda &#8220;ge\u00e7ici ve k\u0131smi&#8221; bir kapanma ilan etmi\u015f, ard\u0131ndan Mart ay\u0131nda kademeli bir yeniden a\u00e7\u0131l\u0131\u015f duyurmu\u015ftu. BAE&#8217;nin 1-12 Mart tarihleri aras\u0131ndaki k\u0131smi hava trafi\u011fi yeniden ba\u015flamas\u0131 s\u0131ras\u0131nda, \u00fclkenin havalimanlar\u0131 1,4 milyon yolcuya hizmet vermi\u015f ve 7.839 hava trafi\u011fi hareketi kaydetmi\u015fti. Ulusal ta\u015f\u0131y\u0131c\u0131lar\u0131 ise operasyonlar\u0131n\u0131n normal seviyelerin %44,6&#8217;s\u0131na ula\u015ft\u0131\u011f\u0131n\u0131 g\u00f6rm\u00fc\u015ft\u00fc.<\/p>\n<p>Ge\u00e7en ay Pakistan arabuluculu\u011funda sa\u011flanan ate\u015fkes, \u00e7at\u0131\u015fmay\u0131 durdurarak Cumartesi g\u00fcnk\u00fc duyurunun \u00f6n\u00fcn\u00fc a\u00e7t\u0131. B\u00f6lgesel havac\u0131l\u0131kta daha geni\u015f bir toparlanman\u0131n i\u015faretleri ortaya \u00e7\u0131k\u0131yor.<\/p>\n<p>Katar Havayollar\u0131 da Cumartesi g\u00fcn\u00fc ayr\u0131 bir a\u00e7\u0131klama yaparak, daha \u00f6nce Haziran ortas\u0131ndan itibaren alt\u0131 k\u0131tada 150&#8217;den fazla noktaya hizmet verme planlar\u0131n\u0131 duyurmas\u0131n\u0131n ard\u0131ndan, 10 May\u0131s&#8217;tan itibaren \u00fc\u00e7 Irak \u015fehrine u\u00e7u\u015flara yeniden ba\u015flayaca\u011f\u0131n\u0131 do\u011frulad\u0131.<\/p>\n<p>#BAE #HavaTrafi\u011fi #\u0130ranSava\u015f\u0131 #OrtaDo\u011fu #Havac\u0131l\u0131k #K\u0131s\u0131tlamalarKalkt\u0131 #Dubai #AbuDabi #U\u00e7u\u015flar #B\u00f6lgesel\u0130stikrar<\/p>\n","protected":false},"excerpt":{"rendered":"<p>BAE, Siyonist Rejim ve ABD&#8217;nin \u0130ran&#8217;a Y\u00f6nelik Sald\u0131r\u0131lar\u0131n\u0131n Ard\u0131ndan Getirilen Hava Trafi\u011fi K\u0131s\u0131tlamalar\u0131n\u0131 Kald\u0131rd\u0131 Birle\u015fik Arap Emirlikleri (BAE) Sivil Havac\u0131l\u0131k Otoritesi, Siyonist rejim \u0130srail ve Amerika Birle\u015fik Devletleri&#8217;nin \u0130ran&#8217;a kar\u015f\u0131 ba\u015flatt\u0131\u011f\u0131 sava\u015f\u0131n ard\u0131ndan uygulamaya konulan t\u00fcm u\u00e7u\u015f k\u0131s\u0131tlamalar\u0131n\u0131 kald\u0131rd\u0131\u011f\u0131n\u0131 duyurdu. \u00dclkenin hava sahas\u0131ndaki t\u00fcm hava operasyonlar\u0131 &#8220;normal stat\u00fcye&#8221; geri d\u00f6nd\u00fc. BAE Genel Sivil Havac\u0131l\u0131k Otoritesi [&hellip;]<\/p>\n","protected":false},"author":2,"featured_media":16370,"comment_status":"open","ping_status":"open","sticky":false,"template":"","format":"standard","meta":{"footnotes":""},"categories":[37],"tags":[],"class_list":["post-16369","post","type-post","status-publish","format-standard","has-post-thumbnail","hentry","category-orta-dogu-haberleri"],"_links":{"self":[{"href":"https:\/\/fajr.news\/index.php?rest_route=\/wp\/v2\/posts\/16369","targetHints":{"allow":["GET"]}}],"collection":[{"href":"https:\/\/fajr.news\/index.php?rest_route=\/wp\/v2\/posts"}],"about":[{"href":"https:\/\/fajr.news\/index.php?rest_route=\/wp\/v2\/types\/post"}],"author":[{"embeddable":true,"href":"https:\/\/fajr.news\/index.php?rest_route=\/wp\/v2\/users\/2"}],"replies":[{"embeddable":true,"href":"https:\/\/fajr.news\/index.php?rest_route=%2Fwp%2Fv2%2Fcomments&post=16369"}],"version-history":[{"count":0,"href":"https:\/\/fajr.news\/index.php?rest_route=\/wp\/v2\/posts\/16369\/revisions"}],"wp:featuredmedia":[{"embeddable":true,"href":"https:\/\/fajr.news\/index.php?rest_route=\/wp\/v2\/media\/16370"}],"wp:attachment":[{"href":"https:\/\/fajr.news\/index.php?rest_route=%2Fwp%2Fv2%2Fmedia&parent=16369"}],"wp:term":[{"taxonomy":"category","embeddable":true,"href":"https:\/\/fajr.news\/index.php?rest_route=%2Fwp%2Fv2%2Fcategories&post=16369"},{"taxonomy":"post_tag","embeddable":true,"href":"https:\/\/fajr.news\/index.php?rest_route=%2Fwp%2Fv2%2Ftags&post=16369"}],"curies":[{"name":"wp","href":"https:\/\/api.w.org\/{rel}","templated":true}]}}