{"id":16361,"date":"2026-05-03T15:39:54","date_gmt":"2026-05-03T12:09:54","guid":{"rendered":"https:\/\/fajr.news\/?p=16361"},"modified":"2026-05-03T15:39:54","modified_gmt":"2026-05-03T12:09:54","slug":"ortadoguda-savas-son-gelismeler-2","status":"publish","type":"post","link":"https:\/\/fajr.news\/?p=16361&lang=tr","title":{"rendered":"Ortado\u011fu&#8217;da Sava\u015f: Son Geli\u015fmeler"},"content":{"rendered":"<p>\u2013 \u0130ran bir ki\u015fiyi ast\u0131 \u2013<br \/>\nYarg\u0131dan yap\u0131lan a\u00e7\u0131klamaya g\u00f6re \u0130ran, h\u00fck\u00fcmet kar\u015f\u0131t\u0131 protestolar s\u0131ras\u0131nda bir g\u00fcvenlik g\u00fcc\u00fc g\u00f6n\u00fcll\u00fcs\u00fcn\u00fcn \u00f6ld\u00fcr\u00fclmesine kar\u0131\u015ft\u0131\u011f\u0131 gerek\u00e7esiyle h\u00fck\u00fcm giyen bir ki\u015fiyi ast\u0131.<br \/>\nYarg\u0131n\u0131n Mizan Online web sitesi, &#8220;Mehrab Abdollahzadeh&#8217;in \u00f6l\u00fcm cezas\u0131, yasal i\u015flemlerin tamamlanmas\u0131n\u0131n ard\u0131ndan bu sabah infaz edildi&#8221; dedi.<\/p>\n<p>\u2013 Gazze filosu mahkemede \u2013<br \/>\nGazze&#8217;ye do\u011fru yola \u00e7\u0131kan filodan sorgulanmak \u00fczere \u0130srail&#8217;e getirilen iki yabanc\u0131 aktivist, kendilerini savunan bir hak grubunun AFP&#8217;ye bildirdi\u011fine g\u00f6re, bir \u0130srail mahkemesine \u00e7\u0131kar\u0131ld\u0131.<br \/>\n\u0130srailli haklar grubu Adalah&#8217;\u0131n uluslararas\u0131 savunuculuk koordinat\u00f6r\u00fc Miriam Azem&#8217;e g\u00f6re, \u0130spanyol vatanda\u015f\u0131 Saif Abu Keshek ve Brezilyal\u0131 Thiago Avila, A\u015fkelon \u015fehrindeki mahkemeye \u00e7\u0131kar\u0131ld\u0131.<\/p>\n<p>\u2013 \u0130srail&#8217;den L\u00fcbnan uyar\u0131s\u0131 \u2013<br \/>\n\u0130srail ordusu, \u0130ran destekli Hizbullah ile \u00e7at\u0131\u015fmalar\u0131 durdurmay\u0131 ama\u00e7layan L\u00fcbnan ile yap\u0131lan ate\u015fkese ra\u011fmen, i\u015fgal etti\u011fi b\u00f6lgenin d\u0131\u015f\u0131ndaki k\u00f6yler i\u00e7in g\u00fcney L\u00fcbnan&#8217;da yeni tahliye uyar\u0131lar\u0131 yay\u0131nlad\u0131.<br \/>\nUyar\u0131, Litani Nehri&#8217;nin kuzeyinde yer alan Nabatiye b\u00f6lgesindeki baz\u0131lar\u0131 da dahil olmak \u00fczere 10&#8217;dan fazla k\u00f6y ve kasabay\u0131 kaps\u0131yor. \u0130srail, nehrin g\u00fcneyine asker konu\u015fland\u0131rm\u0131\u015f durumda.<\/p>\n<p>\u2013 \u0130ran m\u00fczesi \u2013<br \/>\nBir yetkili, \u0130ranl\u0131 yetkililerin orta \u0130ran&#8217;daki bir \u00fcniversitedeki bombalanan bir alan\u0131 ABD-\u0130srail sald\u0131r\u0131lar\u0131n\u0131n etkileri hakk\u0131nda bir m\u00fczeye d\u00f6n\u00fc\u015ft\u00fcrmeyi planlad\u0131\u011f\u0131n\u0131 s\u00f6yledi.<br \/>\n\u0130sfahan Teknoloji \u00dcniversitesi ba\u015fkan\u0131 Zafarollah Kalantari, &#8220;Mevcut hasarl\u0131 alan, \u00fclkenin tarihteki bilimsel bask\u0131s\u0131n\u0131n bir belgesi olarak \u00fcniversitede bir sava\u015f m\u00fczesi olarak korunacak&#8221; dedi.<\/p>\n<p>\u2013 Trump: ABD&#8217;nin Almanya&#8217;daki asker say\u0131s\u0131 &#8216;\u00e7ok azalacak&#8217; \u2013<br \/>\nABD Ba\u015fkan\u0131 Donald Trump, Amerika Birle\u015fik Devletleri&#8217;nin Almanya&#8217;dan Pentagon taraf\u0131ndan daha \u00f6nce a\u00e7\u0131klanandan daha fazla asker \u00e7ekece\u011fini s\u00f6yledi.<br \/>\nCumartesi g\u00fcn\u00fc gazetecilere konu\u015fan Trump, ayr\u0131nt\u0131 vermeden, &#8220;\u00c7ok azaltaca\u011f\u0131z ve 5.000&#8217;den \u00e7ok daha fazla azalt\u0131yoruz&#8221; dedi.<br \/>\nDaha \u00f6nce, bir NATO s\u00f6zc\u00fcs\u00fc, ittifak\u0131n ABD&#8217;nin karar\u0131 hakk\u0131nda daha fazla bilgi edinmeye \u00e7al\u0131\u015ft\u0131\u011f\u0131n\u0131 belirtmi\u015fti. Bu karar, Almanya \u015eans\u00f6lyesi Friedrich Merz&#8217;in \u0130ran&#8217;\u0131n m\u00fczakerelerde Trump y\u00f6netimini &#8220;a\u015fa\u011f\u0131lad\u0131\u011f\u0131n\u0131&#8221; s\u00f6ylemesinin ard\u0131ndan geldi.<\/p>\n<p>\u2013 Trump \u015f\u00fcphe uyand\u0131rd\u0131 \u2013<br \/>\nTrump, yeni bir \u0130ran bar\u0131\u015f anla\u015fmas\u0131n\u0131 g\u00f6zden ge\u00e7irece\u011fini ancak umutlar\u0131 konusunda \u015f\u00fcphe uyand\u0131rd\u0131\u011f\u0131n\u0131 s\u00f6yledi. \u0130ran medyas\u0131, Tahran&#8217;\u0131n arabulucu Pakistan&#8217;a 14 maddelik bir teklif sundu\u011funu bildirdi.<br \/>\nTrump, Truth Social platformunda, &#8220;\u0130ran&#8217;\u0131n bize yeni g\u00f6nderdi\u011fi plan\u0131 yak\u0131nda inceleyece\u011fim, ancak son 47 y\u0131lda \u0130nsanl\u0131\u011fa ve D\u00fcnyaya yapt\u0131klar\u0131n\u0131n bedelini hen\u00fcz yeterince \u00f6demedikleri i\u00e7in kabul edilebilir olaca\u011f\u0131n\u0131 hayal edemiyorum&#8221; dedi.<br \/>\n\u0130ran&#8217;\u0131n Tasnim ve Fars haber ajanslar\u0131, \u0130ran&#8217;\u0131n 14 maddelik bir teklif sundu\u011funu bildirdi. Tasnim&#8217;e g\u00f6re, bu teklif t\u00fcm cephelerde \u00e7at\u0131\u015fman\u0131n sona erdirilmesini ve kritik H\u00fcrm\u00fcz Bo\u011faz\u0131 i\u00e7in yeni bir \u00e7er\u00e7eve olu\u015fturulmas\u0131n\u0131 i\u00e7eriyor.<\/p>\n<p>\u2013 L\u00fcbnan&#8217;da \u00fc\u00e7 ki\u015fi \u00f6ld\u00fc \u2013<br \/>\nL\u00fcbnan&#8217;\u0131n devlet haber ajans\u0131 Ulusal Haber Ajans\u0131, Cumartesi g\u00fcn\u00fc g\u00fcney L\u00fcbnan&#8217;da \u0130srail sald\u0131r\u0131lar\u0131n\u0131n Sur b\u00f6lgesindeki Sammaiyeh&#8217;te \u00fc\u00e7 ki\u015fiyi \u00f6ld\u00fcrd\u00fc\u011f\u00fcn\u00fc bildirdi.<br \/>\n\u0130srail ordusu, g\u00fcney L\u00fcbnan genelinde &#8220;yakla\u015f\u0131k 70 askeri yap\u0131y\u0131 ve yakla\u015f\u0131k 50 Hizbullah altyap\u0131 tesisini&#8221; imha eden sald\u0131r\u0131lar ger\u00e7ekle\u015ftirdi\u011fini s\u00f6yledi.<\/p>\n<p>\u2013 \u0130srail bir manast\u0131ra zarar verdi \u2013<br \/>\nKatolik bir hay\u0131r kurumu, L\u00fcbnan&#8217;da bir manast\u0131r\u0131n \u0130srail g\u00fc\u00e7leri taraf\u0131ndan hasar g\u00f6rmesinin ard\u0131ndan, bunu &#8220;bir ibadethaneye kar\u015f\u0131 kas\u0131tl\u0131 bir y\u0131k\u0131m eylemi&#8221; olarak nitelendirerek k\u0131nad\u0131.<br \/>\n\u0130srail ordusu, Yaroun k\u00f6y\u00fcnde faaliyet g\u00f6steren birlikler taraf\u0131ndan &#8220;dini bir binan\u0131n&#8221; hasar g\u00f6rd\u00fc\u011f\u00fcn\u00fc ve &#8220;ter\u00f6rist altyap\u0131y\u0131 yok etme&#8221; operasyonu s\u0131ras\u0131nda &#8220;dini bir yerle\u015fkede bulunan evlerin&#8221; &#8220;hasar g\u00f6rd\u00fc\u011f\u00fcn\u00fc&#8221; do\u011frulad\u0131.<br \/>\nFrans\u0131z Katolik hay\u0131r kurumu L&#8217;Oeuvre d&#8217;Orient, birliklerin hay\u0131r kurumunun ba\u011fl\u0131 oldu\u011fu Rum Katolik dini tarikat\u0131 olan Salvatorian Rahibeleri&#8217;ne ait bir manast\u0131r\u0131 &#8220;yok etti\u011fini&#8221; s\u00f6yledi.<\/p>\n<p>Latin pop krali\u00e7esi Shakira, Cumartesi g\u00fcn\u00fc dolunay alt\u0131nda Rio&#8217;nun \u00fcnl\u00fc Copacabana plaj\u0131n\u0131 dolduran iki milyonluk kalabal\u0131\u011f\u0131 co\u015fturdu, hayranlar\u0131n\u0131n favori \u015fark\u0131lar\u0131n\u0131 seslendirdi ve Brezilya&#8217;ya olan sevgisini dile getirdi.<br \/>\n49 ya\u015f\u0131ndaki Kolombiyal\u0131 s\u00fcperstar, planlanandan bir saatten fazla ge\u00e7, ak\u015fam 11&#8217;den (TS\u0130 02.00) k\u0131sa bir s\u00fcre sonra Brezilya&#8217;n\u0131n ulusal renklerinde sahneye \u00e7\u0131kt\u0131. Sahneye \u00e7\u0131k\u0131\u015f\u0131, Shakira&#8217;n\u0131n takma ad\u0131 olan bir di\u015fi kurt g\u00f6r\u00fcnt\u00fcs\u00fc olu\u015fturan dronlar taraf\u0131ndan duyuruldu.<\/p>\n<p>#Ortado\u011fu #\u0130ran #\u0130srail #L\u00fcbnan #Gazze #Hizbullah #ABD #Trump #Sava\u015f #Diplomasi<\/p>\n","protected":false},"excerpt":{"rendered":"<p>\u2013 \u0130ran bir ki\u015fiyi ast\u0131 \u2013 Yarg\u0131dan yap\u0131lan a\u00e7\u0131klamaya g\u00f6re \u0130ran, h\u00fck\u00fcmet kar\u015f\u0131t\u0131 protestolar s\u0131ras\u0131nda bir g\u00fcvenlik g\u00fcc\u00fc g\u00f6n\u00fcll\u00fcs\u00fcn\u00fcn \u00f6ld\u00fcr\u00fclmesine kar\u0131\u015ft\u0131\u011f\u0131 gerek\u00e7esiyle h\u00fck\u00fcm giyen bir ki\u015fiyi ast\u0131. Yarg\u0131n\u0131n Mizan Online web sitesi, &#8220;Mehrab Abdollahzadeh&#8217;in \u00f6l\u00fcm cezas\u0131, yasal i\u015flemlerin tamamlanmas\u0131n\u0131n ard\u0131ndan bu sabah infaz edildi&#8221; dedi. \u2013 Gazze filosu mahkemede \u2013 Gazze&#8217;ye do\u011fru yola \u00e7\u0131kan filodan [&hellip;]<\/p>\n","protected":false},"author":2,"featured_media":16362,"comment_status":"open","ping_status":"open","sticky":false,"template":"","format":"standard","meta":{"footnotes":""},"categories":[37],"tags":[],"class_list":["post-16361","post","type-post","status-publish","format-standard","has-post-thumbnail","hentry","category-orta-dogu-haberleri"],"_links":{"self":[{"href":"https:\/\/fajr.news\/index.php?rest_route=\/wp\/v2\/posts\/16361","targetHints":{"allow":["GET"]}}],"collection":[{"href":"https:\/\/fajr.news\/index.php?rest_route=\/wp\/v2\/posts"}],"about":[{"href":"https:\/\/fajr.news\/index.php?rest_route=\/wp\/v2\/types\/post"}],"author":[{"embeddable":true,"href":"https:\/\/fajr.news\/index.php?rest_route=\/wp\/v2\/users\/2"}],"replies":[{"embeddable":true,"href":"https:\/\/fajr.news\/index.php?rest_route=%2Fwp%2Fv2%2Fcomments&post=16361"}],"version-history":[{"count":0,"href":"https:\/\/fajr.news\/index.php?rest_route=\/wp\/v2\/posts\/16361\/revisions"}],"wp:featuredmedia":[{"embeddable":true,"href":"https:\/\/fajr.news\/index.php?rest_route=\/wp\/v2\/media\/16362"}],"wp:attachment":[{"href":"https:\/\/fajr.news\/index.php?rest_route=%2Fwp%2Fv2%2Fmedia&parent=16361"}],"wp:term":[{"taxonomy":"category","embeddable":true,"href":"https:\/\/fajr.news\/index.php?rest_route=%2Fwp%2Fv2%2Fcategories&post=16361"},{"taxonomy":"post_tag","embeddable":true,"href":"https:\/\/fajr.news\/index.php?rest_route=%2Fwp%2Fv2%2Ftags&post=16361"}],"curies":[{"name":"wp","href":"https:\/\/api.w.org\/{rel}","templated":true}]}}