{"id":16353,"date":"2026-05-03T15:09:24","date_gmt":"2026-05-03T11:39:24","guid":{"rendered":"https:\/\/fajr.news\/?p=16353"},"modified":"2026-05-03T15:09:24","modified_gmt":"2026-05-03T11:39:24","slug":"abd-baskani-trump-iranin-kapsamli-baris-planini-reddederek-bolgedeki-gerilimi-tirmandirdi","status":"publish","type":"post","link":"https:\/\/fajr.news\/?p=16353&lang=tr","title":{"rendered":"ABD Ba\u015fkan\u0131 Trump, \u0130ran&#8217;\u0131n Kapsaml\u0131 Bar\u0131\u015f Plan\u0131n\u0131 Reddederek B\u00f6lgedeki Gerilimi T\u0131rmand\u0131rd\u0131"},"content":{"rendered":"<p>    <title>\u0130ran&#8217;\u0131n Bar\u0131\u015f Plan\u0131 ve B\u00f6lgesel Gerilim<\/title><\/p>\n<article>\n<header>\n<h1>ABD Ba\u015fkan\u0131 Trump&#8217;tan \u0130ran&#8217;\u0131n Bar\u0131\u015f Plan\u0131na Ret: B\u00f6lgesel Gerilim Art\u0131yor<\/h1>\n<p><strong>Canl\u0131 Yay\u0131n:<\/strong> Ortado\u011fu&#8217;daki geli\u015fmeler anbean takip ediliyor.<\/p>\n<\/header>\n<section>\n<p>ABD Ba\u015fkan\u0131 Donald Trump, \u0130ran \u0130slam Cumhuriyeti&#8217;nin b\u00f6lgede istikrar ve bar\u0131\u015f\u0131 tesis etme \u00e7abalar\u0131 kapsam\u0131nda sundu\u011fu yeni bar\u0131\u015f \u00f6nerisini g\u00f6zden ge\u00e7irece\u011fini belirtse de, Tahran&#8217;\u0131n <em>&#8220;hen\u00fcz yeterince bedel \u00f6demedi\u011fini&#8221;<\/em> iddia ederek plan\u0131n kabul edilemez oldu\u011funu savundu. Trump&#8217;\u0131n bu provokatif a\u00e7\u0131klamalar\u0131, \u0130ran&#8217;\u0131n resmi haber ajanslar\u0131 Tasnim ve Fars&#8217;\u0131n, Tahran&#8217;\u0131n arabulucu Pakistan&#8217;a <strong>14 maddelik kapsaml\u0131 bir bar\u0131\u015f \u00f6nerisi<\/strong> sundu\u011funu duyurmas\u0131n\u0131n hemen ard\u0131ndan geldi. Bu durum, Washington&#8217;\u0131n bar\u0131\u015f\u00e7\u0131l \u00e7\u00f6z\u00fcmlerden ziyade gerilimi t\u0131rmand\u0131rma e\u011filiminde oldu\u011funu bir kez daha g\u00f6zler \u00f6n\u00fcne serdi.<\/p>\n<h2>\u0130ran&#8217;dan Net Mesaj: Bar\u0131\u015fa da, Savunmaya da Haz\u0131r\u0131z<\/h2>\n<p>\u0130ran D\u0131\u015fi\u015fleri Bakan Yard\u0131mc\u0131s\u0131 Kazem Gharibabadi, \u00fclkesinin hem bar\u0131\u015f g\u00f6r\u00fc\u015fmelerine hem de ulusal \u00e7\u0131karlar\u0131n\u0131 korumak ad\u0131na olas\u0131 bir sava\u015fa haz\u0131r oldu\u011funu net bir dille vurgulayarak, <em>&#8220;topun art\u0131k Amerika Birle\u015fik Devletleri&#8217;nin sahas\u0131nda&#8221;<\/em> oldu\u011funu belirtti. Bu a\u00e7\u0131klama, \u0130ran&#8217;\u0131n b\u00f6lgedeki gerilimi d\u00fc\u015f\u00fcrme y\u00f6n\u00fcndeki kararl\u0131l\u0131\u011f\u0131n\u0131 ve ayn\u0131 zamanda her t\u00fcrl\u00fc tehdide kar\u015f\u0131 ulusal egemenli\u011fini ve g\u00fcvenli\u011fini koruma konusundaki azmini ortaya koyuyor.<\/p>\n<h2>Siyonist Rejimin Sald\u0131rganl\u0131\u011f\u0131 Devam Ediyor<\/h2>\n<p>B\u00f6lgedeki gerilim devam ederken, Siyonist rejimin g\u00fcney L\u00fcbnan&#8217;a d\u00fczenledi\u011fi hava sald\u0131r\u0131lar\u0131nda en az yedi masum insan hayat\u0131n\u0131 kaybederken, \u00e7ok say\u0131da ki\u015fi de yaraland\u0131. Bu barbarca sald\u0131r\u0131lar, \u0130srail ile Hizbullah aras\u0131ndaki devam eden ate\u015fkese ra\u011fmen ger\u00e7ekle\u015fti ve b\u00f6lgedeki istikrars\u0131zl\u0131\u011f\u0131n temel kayna\u011f\u0131n\u0131n Siyonist rejimin sald\u0131rgan politikalar\u0131 oldu\u011funu bir kez daha kan\u0131tlad\u0131.<\/p>\n<h2>NATO ve ABD&#8217;nin Askeri Stratejileri<\/h2>\n<p>\u00d6te yandan, NATO s\u00f6zc\u00fcs\u00fc, askeri ittifak\u0131n, ABD&#8217;nin Almanya&#8217;dan yakla\u015f\u0131k 5.000 Amerikan askerini \u00e7ekme karar\u0131na ili\u015fkin detaylar\u0131 anlamak i\u00e7in Washington ile \u00e7al\u0131\u015ft\u0131\u011f\u0131n\u0131 bildirdi. Bu geli\u015fme, ABD&#8217;nin k\u00fcresel askeri stratejilerindeki olas\u0131 de\u011fi\u015fikliklere ve b\u00f6lgedeki g\u00fc\u00e7 dengeleri \u00fczerindeki potansiyel etkilerine i\u015faret ediyor.<\/p>\n<\/section>\n<footer>\n<div class=\"hashtags\">\n<h3>\u0130lgili Etiketler:<\/h3>\n<ul>\n<li>#\u0130ranBar\u0131\u015fPlan\u0131<\/li>\n<li>#Trump<\/li>\n<li>#Ortado\u011fu<\/li>\n<li>#ABD\u0130ranGerilimi<\/li>\n<li>#SiyonistSald\u0131rganl\u0131k<\/li>\n<li>#L\u00fcbnan<\/li>\n<li>#NATO<\/li>\n<li>#K\u00fcreselSiyaset<\/li>\n<li>#Diplomasi<\/li>\n<li>#B\u00f6lgeselG\u00fcvenlik<\/li>\n<\/ul><\/div>\n<\/footer>\n<\/article>\n","protected":false},"excerpt":{"rendered":"<p>\u0130ran&#8217;\u0131n Bar\u0131\u015f Plan\u0131 ve B\u00f6lgesel Gerilim ABD Ba\u015fkan\u0131 Trump&#8217;tan \u0130ran&#8217;\u0131n Bar\u0131\u015f Plan\u0131na Ret: B\u00f6lgesel Gerilim Art\u0131yor Canl\u0131 Yay\u0131n: Ortado\u011fu&#8217;daki geli\u015fmeler anbean takip ediliyor. ABD Ba\u015fkan\u0131 Donald Trump, \u0130ran \u0130slam Cumhuriyeti&#8217;nin b\u00f6lgede istikrar ve bar\u0131\u015f\u0131 tesis etme \u00e7abalar\u0131 kapsam\u0131nda sundu\u011fu yeni bar\u0131\u015f \u00f6nerisini g\u00f6zden ge\u00e7irece\u011fini belirtse de, Tahran&#8217;\u0131n &#8220;hen\u00fcz yeterince bedel \u00f6demedi\u011fini&#8221; iddia ederek plan\u0131n kabul [&hellip;]<\/p>\n","protected":false},"author":2,"featured_media":16354,"comment_status":"open","ping_status":"open","sticky":false,"template":"","format":"standard","meta":{"footnotes":""},"categories":[37],"tags":[],"class_list":["post-16353","post","type-post","status-publish","format-standard","has-post-thumbnail","hentry","category-orta-dogu-haberleri"],"_links":{"self":[{"href":"https:\/\/fajr.news\/index.php?rest_route=\/wp\/v2\/posts\/16353","targetHints":{"allow":["GET"]}}],"collection":[{"href":"https:\/\/fajr.news\/index.php?rest_route=\/wp\/v2\/posts"}],"about":[{"href":"https:\/\/fajr.news\/index.php?rest_route=\/wp\/v2\/types\/post"}],"author":[{"embeddable":true,"href":"https:\/\/fajr.news\/index.php?rest_route=\/wp\/v2\/users\/2"}],"replies":[{"embeddable":true,"href":"https:\/\/fajr.news\/index.php?rest_route=%2Fwp%2Fv2%2Fcomments&post=16353"}],"version-history":[{"count":0,"href":"https:\/\/fajr.news\/index.php?rest_route=\/wp\/v2\/posts\/16353\/revisions"}],"wp:featuredmedia":[{"embeddable":true,"href":"https:\/\/fajr.news\/index.php?rest_route=\/wp\/v2\/media\/16354"}],"wp:attachment":[{"href":"https:\/\/fajr.news\/index.php?rest_route=%2Fwp%2Fv2%2Fmedia&parent=16353"}],"wp:term":[{"taxonomy":"category","embeddable":true,"href":"https:\/\/fajr.news\/index.php?rest_route=%2Fwp%2Fv2%2Fcategories&post=16353"},{"taxonomy":"post_tag","embeddable":true,"href":"https:\/\/fajr.news\/index.php?rest_route=%2Fwp%2Fv2%2Ftags&post=16353"}],"curies":[{"name":"wp","href":"https:\/\/api.w.org\/{rel}","templated":true}]}}