{"id":16345,"date":"2026-05-03T15:04:10","date_gmt":"2026-05-03T11:34:10","guid":{"rendered":"https:\/\/fajr.news\/?p=16345"},"modified":"2026-05-03T15:04:10","modified_gmt":"2026-05-03T11:34:10","slug":"iran-abd-gerilimi-tirmaniyor-trumptan-tahrana-yeni-tehditler-almanya-ile-iliskiler-gerginlesiyor","status":"publish","type":"post","link":"https:\/\/fajr.news\/?p=16345&lang=tr","title":{"rendered":"\u0130ran-ABD Gerilimi T\u0131rman\u0131yor: Trump&#8217;tan Tahran&#8217;a Yeni Tehditler, Almanya ile \u0130li\u015fkiler Gerginle\u015fiyor"},"content":{"rendered":"<p>ABD Ba\u015fkan\u0131 Donald Trump, Tahran&#8217;a y\u00f6nelik tehditlerini art\u0131rarak, \u0130ran&#8217;\u0131n &#8220;hen\u00fcz yeterince bedel \u00f6demedi\u011fini&#8221; belirtti ve yeni bir bar\u0131\u015f teklifini g\u00f6zden ge\u00e7irdi\u011fini s\u00f6yledi. Trump, Truth Social&#8217;da yapt\u0131\u011f\u0131 a\u00e7\u0131klamada, &#8220;\u0130ran&#8217;\u0131n bize g\u00f6nderdi\u011fi plan\u0131 yak\u0131nda inceleyece\u011fim ancak son 47 y\u0131lda insanl\u0131\u011fa ve d\u00fcnyaya yapt\u0131klar\u0131n\u0131n bedelini hen\u00fcz yeterince \u00f6dememi\u015f olmalar\u0131 nedeniyle kabul edilebilir olaca\u011f\u0131n\u0131 sanm\u0131yorum&#8221; ifadelerini kulland\u0131. Cumartesi g\u00fcn\u00fc gazetecilere konu\u015fan Ba\u015fkan, \u0130ran&#8217;a kar\u015f\u0131 daha fazla sald\u0131r\u0131 emri verme &#8220;olas\u0131l\u0131\u011f\u0131&#8221; oldu\u011funu da dile getirdi. &#8220;E\u011fer k\u00f6t\u00fc davran\u0131rlarsa, k\u00f6t\u00fc bir \u015fey yaparlarsa \u2013 ama \u015fimdilik g\u00f6rece\u011fiz. Bu kesinlikle olabilecek bir olas\u0131l\u0131k&#8221; dedi.<\/p>\n<p>Trump ayr\u0131ca, ABD&#8217;nin Almanya&#8217;dan 5.000&#8217;den fazla asker \u00e7ekebilece\u011fini, \u00e7\u00fcnk\u00fc ABD-\u0130srail&#8217;in \u0130ran&#8217;a kar\u015f\u0131 y\u00fcr\u00fctt\u00fc\u011f\u00fc sava\u015f konusunda \u015eans\u00f6lye Friedrich Merz ile anla\u015fmazl\u0131k ya\u015fad\u0131\u011f\u0131n\u0131 belirtti. Bu a\u00e7\u0131klamalar, \u00fcst d\u00fczey bir \u0130ranl\u0131 yetkilinin sava\u015f\u0131n yeniden ba\u015flamas\u0131n\u0131n &#8220;muhtemel&#8221; oldu\u011fu uyar\u0131s\u0131n\u0131 yapmas\u0131n\u0131n ard\u0131ndan geldi.<\/p>\n<p>B\u00f6lgesel geli\u015fmelerde, L\u00fcbnan Ulusal Haber Ajans\u0131&#8217;na g\u00f6re \u0130srail&#8217;in g\u00fcney L\u00fcbnan&#8217;a d\u00fczenledi\u011fi hava sald\u0131r\u0131lar\u0131nda \u00fc\u00e7 ki\u015fi hayat\u0131n\u0131 kaybetti. Kurtarma ekipleri, Sur b\u00f6lgesindeki el-Maaliya&#8217;dan iki kurban\u0131n cesedini \u00e7\u0131kar\u0131rken, Bint C\u00fcbeyl b\u00f6lgesindeki Haris kasabas\u0131nda bir motosiklet s\u00fcr\u00fcc\u00fcs\u00fc ayr\u0131 bir hava sald\u0131r\u0131s\u0131nda \u00f6ld\u00fcr\u00fcld\u00fc. \u0130srail Savunma Bakanl\u0131\u011f\u0131, Lockheed Martin ve Boeing&#8217;den iki yeni F-35 ve F-15Ia sava\u015f u\u00e7a\u011f\u0131 filosu sat\u0131n alma plan\u0131na nihai onay verdi\u011fini duyurdu.<\/p>\n<p>ABD&#8217;de ise, Ba\u015fkan Donald Trump&#8217;\u0131n \u0130ran&#8217;daki sava\u015f\u0131 nedeniyle y\u00fckselen benzin fiyatlar\u0131 kar\u015f\u0131s\u0131nda Amerikal\u0131lar\u0131n g\u00fcnl\u00fck harcamalar\u0131n\u0131 k\u0131st\u0131\u011f\u0131 belirtildi. Bir ankete g\u00f6re, Amerikal\u0131lar\u0131n yakla\u015f\u0131k y\u00fczde 44&#8217;\u00fc y\u00fcksek benzin fiyatlar\u0131 nedeniyle daha az ara\u00e7 kulland\u0131\u011f\u0131n\u0131, y\u00fczde 42&#8217;si ise hane halk\u0131 harcamalar\u0131n\u0131 azaltt\u0131\u011f\u0131n\u0131 s\u00f6yledi.<\/p>\n<p>Di\u011fer haberlerde, \u0130ran, bir g\u00fcvenlik g\u00f6revlisinin \u00f6ld\u00fcr\u00fclmesine kar\u0131\u015ft\u0131\u011f\u0131 iddia edilen bir ki\u015fiyi idam etti. ABD D\u0131\u015fi\u015fleri Bakan\u0131 Marco Rubio&#8217;nun, Trump ile Papa Leo aras\u0131ndaki gerilimin ard\u0131ndan bu hafta Vatikan ve \u0130talya&#8217;y\u0131 ziyaret edece\u011fi bildirildi. Marshall Adalar\u0131 band\u0131ral\u0131 Sarv Shakti tankeri, Hindistan i\u00e7in 46.313 metrik ton s\u0131v\u0131la\u015ft\u0131r\u0131lm\u0131\u015f petrol gaz\u0131 y\u00fck\u00fcyle Cumartesi g\u00fcn\u00fc H\u00fcrm\u00fcz Bo\u011faz\u0131&#8217;n\u0131 ge\u00e7ti.<\/p>\n<p>#\u0130ranABDGerilimi #Trump #Almanya #Ortado\u011fu #Sava\u015fTehdidi #PetrolFiyatlar\u0131 #NATO #\u0130srailSald\u0131r\u0131lar\u0131 #L\u00fcbnan #Diplomasi<\/p>\n","protected":false},"excerpt":{"rendered":"<p>ABD Ba\u015fkan\u0131 Donald Trump, Tahran&#8217;a y\u00f6nelik tehditlerini art\u0131rarak, \u0130ran&#8217;\u0131n &#8220;hen\u00fcz yeterince bedel \u00f6demedi\u011fini&#8221; belirtti ve yeni bir bar\u0131\u015f teklifini g\u00f6zden ge\u00e7irdi\u011fini s\u00f6yledi. Trump, Truth Social&#8217;da yapt\u0131\u011f\u0131 a\u00e7\u0131klamada, &#8220;\u0130ran&#8217;\u0131n bize g\u00f6nderdi\u011fi plan\u0131 yak\u0131nda inceleyece\u011fim ancak son 47 y\u0131lda insanl\u0131\u011fa ve d\u00fcnyaya yapt\u0131klar\u0131n\u0131n bedelini hen\u00fcz yeterince \u00f6dememi\u015f olmalar\u0131 nedeniyle kabul edilebilir olaca\u011f\u0131n\u0131 sanm\u0131yorum&#8221; ifadelerini kulland\u0131. Cumartesi g\u00fcn\u00fc [&hellip;]<\/p>\n","protected":false},"author":2,"featured_media":16346,"comment_status":"open","ping_status":"open","sticky":false,"template":"","format":"standard","meta":{"footnotes":""},"categories":[31],"tags":[],"class_list":["post-16345","post","type-post","status-publish","format-standard","has-post-thumbnail","hentry","category-iran-haberleri"],"_links":{"self":[{"href":"https:\/\/fajr.news\/index.php?rest_route=\/wp\/v2\/posts\/16345","targetHints":{"allow":["GET"]}}],"collection":[{"href":"https:\/\/fajr.news\/index.php?rest_route=\/wp\/v2\/posts"}],"about":[{"href":"https:\/\/fajr.news\/index.php?rest_route=\/wp\/v2\/types\/post"}],"author":[{"embeddable":true,"href":"https:\/\/fajr.news\/index.php?rest_route=\/wp\/v2\/users\/2"}],"replies":[{"embeddable":true,"href":"https:\/\/fajr.news\/index.php?rest_route=%2Fwp%2Fv2%2Fcomments&post=16345"}],"version-history":[{"count":0,"href":"https:\/\/fajr.news\/index.php?rest_route=\/wp\/v2\/posts\/16345\/revisions"}],"wp:featuredmedia":[{"embeddable":true,"href":"https:\/\/fajr.news\/index.php?rest_route=\/wp\/v2\/media\/16346"}],"wp:attachment":[{"href":"https:\/\/fajr.news\/index.php?rest_route=%2Fwp%2Fv2%2Fmedia&parent=16345"}],"wp:term":[{"taxonomy":"category","embeddable":true,"href":"https:\/\/fajr.news\/index.php?rest_route=%2Fwp%2Fv2%2Fcategories&post=16345"},{"taxonomy":"post_tag","embeddable":true,"href":"https:\/\/fajr.news\/index.php?rest_route=%2Fwp%2Fv2%2Ftags&post=16345"}],"curies":[{"name":"wp","href":"https:\/\/api.w.org\/{rel}","templated":true}]}}