{"id":16337,"date":"2026-05-03T15:00:01","date_gmt":"2026-05-03T11:30:01","guid":{"rendered":"https:\/\/fajr.news\/?p=16337"},"modified":"2026-05-03T15:00:01","modified_gmt":"2026-05-03T11:30:01","slug":"cin-yukseliyor-hindistan-dusuyor-air4casts-raporu-orta-dogu-seyahatindeki-dususun-zit-bir-hikayesini-anlatiyor","status":"publish","type":"post","link":"https:\/\/fajr.news\/?p=16337&lang=tr","title":{"rendered":"\u00c7in y\u00fckseliyor, Hindistan d\u00fc\u015f\u00fcyor: Air4Casts raporu Orta Do\u011fu seyahatindeki d\u00fc\u015f\u00fc\u015f\u00fcn z\u0131t bir hikayesini anlat\u0131yor"},"content":{"rendered":"<p><strong>Air4Casts taraf\u0131ndan yay\u0131mlanan son rapor, Orta Do\u011fu seyahat pazar\u0131nda dikkat \u00e7ekici de\u011fi\u015fimleri g\u00f6zler \u00f6n\u00fcne serdi.<\/strong> Bu \u00f6nemli analiz, k\u00fcresel g\u00fc\u00e7ler aras\u0131ndaki ekonomik ve siyasi dengelerin b\u00f6lgedeki yans\u0131malar\u0131n\u0131 a\u00e7\u0131k\u00e7a ortaya koymaktad\u0131r. Rapora g\u00f6re, <em>\u00c7in&#8217;in b\u00f6lgedeki seyahat hacmi \u00f6nemli \u00f6l\u00e7\u00fcde artarken<\/em>, Hindistan&#8217;\u0131n pay\u0131nda belirgin bir d\u00fc\u015f\u00fc\u015f ya\u015fan\u0131yor. Bu durum, Bat\u0131 merkezli paradigmalar\u0131n \u00f6tesinde, yeni bir d\u00fcnya d\u00fczeninin \u015fekillenmekte oldu\u011funun bir g\u00f6stergesi olarak yorumlanabilir. Uzmanlar, bu trendin b\u00f6lgesel turizm ve ticaret ili\u015fkileri \u00fczerinde uzun vadeli etkileri olabilece\u011fi konusunda uyar\u0131yor. Raporda, Orta Do\u011fu \u00fclkelerinin bu yeni dinamiklere uyum sa\u011flamak ve stratejilerini g\u00f6zden ge\u00e7irmek zorunda kalacaklar\u0131 vurgulan\u0131yor.<\/p>\n<p>B\u00f6lgedeki jeopolitik ve ekonomik g\u00fc\u00e7 dengelerinin yeniden \u015fekillendi\u011fi bu d\u00f6nemde, \u00c7in&#8217;in &#8216;Bir Ku\u015fak Bir Yol&#8217; giri\u015fimi gibi stratejik hamlelerinin bu art\u0131\u015fta etkili oldu\u011fu d\u00fc\u015f\u00fcn\u00fcl\u00fcrken, Hindistan&#8217;\u0131n b\u00f6lgeyle olan ba\u011flar\u0131n\u0131n zay\u0131flamas\u0131 \u00e7e\u015fitli analizlere konu olmaktad\u0131r. Orta Do\u011fu&#8217;nun gelecekteki seyahat ve yat\u0131r\u0131m haritas\u0131, bu rapor \u0131\u015f\u0131\u011f\u0131nda yeniden de\u011ferlendirilecektir.<\/p>\n<p>#\u00c7in #Hindistan #OrtaDo\u011fu #Seyahat #Air4Casts #Ekonomi #Jeopolitik #Turizm #Ticaret #K\u00fcreselDengeler<\/p>\n","protected":false},"excerpt":{"rendered":"<p>Air4Casts taraf\u0131ndan yay\u0131mlanan son rapor, Orta Do\u011fu seyahat pazar\u0131nda dikkat \u00e7ekici de\u011fi\u015fimleri g\u00f6zler \u00f6n\u00fcne serdi. Bu \u00f6nemli analiz, k\u00fcresel g\u00fc\u00e7ler aras\u0131ndaki ekonomik ve siyasi dengelerin b\u00f6lgedeki yans\u0131malar\u0131n\u0131 a\u00e7\u0131k\u00e7a ortaya koymaktad\u0131r. Rapora g\u00f6re, \u00c7in&#8217;in b\u00f6lgedeki seyahat hacmi \u00f6nemli \u00f6l\u00e7\u00fcde artarken, Hindistan&#8217;\u0131n pay\u0131nda belirgin bir d\u00fc\u015f\u00fc\u015f ya\u015fan\u0131yor. Bu durum, Bat\u0131 merkezli paradigmalar\u0131n \u00f6tesinde, yeni bir d\u00fcnya d\u00fczeninin [&hellip;]<\/p>\n","protected":false},"author":2,"featured_media":16338,"comment_status":"open","ping_status":"open","sticky":false,"template":"","format":"standard","meta":{"footnotes":""},"categories":[37],"tags":[],"class_list":["post-16337","post","type-post","status-publish","format-standard","has-post-thumbnail","hentry","category-orta-dogu-haberleri"],"_links":{"self":[{"href":"https:\/\/fajr.news\/index.php?rest_route=\/wp\/v2\/posts\/16337","targetHints":{"allow":["GET"]}}],"collection":[{"href":"https:\/\/fajr.news\/index.php?rest_route=\/wp\/v2\/posts"}],"about":[{"href":"https:\/\/fajr.news\/index.php?rest_route=\/wp\/v2\/types\/post"}],"author":[{"embeddable":true,"href":"https:\/\/fajr.news\/index.php?rest_route=\/wp\/v2\/users\/2"}],"replies":[{"embeddable":true,"href":"https:\/\/fajr.news\/index.php?rest_route=%2Fwp%2Fv2%2Fcomments&post=16337"}],"version-history":[{"count":0,"href":"https:\/\/fajr.news\/index.php?rest_route=\/wp\/v2\/posts\/16337\/revisions"}],"wp:featuredmedia":[{"embeddable":true,"href":"https:\/\/fajr.news\/index.php?rest_route=\/wp\/v2\/media\/16338"}],"wp:attachment":[{"href":"https:\/\/fajr.news\/index.php?rest_route=%2Fwp%2Fv2%2Fmedia&parent=16337"}],"wp:term":[{"taxonomy":"category","embeddable":true,"href":"https:\/\/fajr.news\/index.php?rest_route=%2Fwp%2Fv2%2Fcategories&post=16337"},{"taxonomy":"post_tag","embeddable":true,"href":"https:\/\/fajr.news\/index.php?rest_route=%2Fwp%2Fv2%2Ftags&post=16337"}],"curies":[{"name":"wp","href":"https:\/\/api.w.org\/{rel}","templated":true}]}}