{"id":16329,"date":"2026-05-03T14:49:07","date_gmt":"2026-05-03T11:19:07","guid":{"rendered":"https:\/\/fajr.news\/?p=16329"},"modified":"2026-05-03T14:49:07","modified_gmt":"2026-05-03T11:19:07","slug":"orta-dogu-krizi-girdi-maliyetlerini-artirirken-deri-ve-ayakkabi-sektoru-gumruk-muafiyeti-talep-ediyor","status":"publish","type":"post","link":"https:\/\/fajr.news\/?p=16329&lang=tr","title":{"rendered":"Orta Do\u011fu Krizi Girdi Maliyetlerini Art\u0131r\u0131rken Deri ve Ayakkab\u0131 Sekt\u00f6r\u00fc G\u00fcmr\u00fck Muafiyeti Talep Ediyor"},"content":{"rendered":"<p>Hindistan&#8217;\u0131n deri ve ayakkab\u0131 sekt\u00f6r\u00fc, devam eden Orta Do\u011fu krizi nedeniyle artan girdi maliyetleriyle m\u00fccadele ediyor ve temel hammaddeler, makineler ve bile\u015fenler \u00fczerindeki ithalat vergisi muafiyetlerini talep ediyor. Sekt\u00f6r temsilcileri, bu durumun bir\u00e7ok kritik girdinin maliyetini %40 ila %60 oran\u0131nda keskin bir \u015fekilde art\u0131rd\u0131\u011f\u0131 uyar\u0131s\u0131yla ticaret ve sanayi bakanl\u0131\u011f\u0131na ba\u015fvurdu.<\/p>\n<p>Bir yetkili PTI&#8217;ye yapt\u0131\u011f\u0131 a\u00e7\u0131klamada, &#8220;Sekt\u00f6r, Bat\u0131 Asya krizi nedeniyle hammadde ve girdi maliyetlerinde %40-60 oran\u0131nda keskin bir art\u0131\u015fla kar\u015f\u0131 kar\u015f\u0131ya,&#8221; dedi. &#8220;Bu do\u011frultuda, sentetik deri (PU kapl\u0131 kuma\u015flar), ayakkab\u0131 bile\u015fenleri, metal aksesuarlar, deri ve ayakkab\u0131 makineleri, iplikler, kal\u0131plar, burun takviyeleri, ku\u015fg\u00f6zleri, belirli deri kimyasallar\u0131 ve ambalaj malzemeleri gibi kritik girdilerde h\u00fck\u00fcmetten ithalat vergisi muafiyeti sa\u011flamas\u0131n\u0131 talep ettik.&#8221;<\/p>\n<p>Vergi muafiyetinin yan\u0131 s\u0131ra, ihracat\u00e7\u0131lar, hammaddeler, makineler ve girdiler dahil olmak \u00fczere t\u00fcm deri ve ayakkab\u0131 \u00fcr\u00fcn zincirini kapsayacak \u015fekilde \u00f6nerilen FLOAT (Ayakkab\u0131 ve Deri Odakl\u0131 D\u00f6n\u00fc\u015f\u00fcm) \u015femas\u0131n\u0131n erken uygulanmas\u0131n\u0131 tavsiye etti. Sekt\u00f6r ayr\u0131ca, yerel \u00fcretimi g\u00fc\u00e7lendirme \u00e7abalar\u0131n\u0131n bir par\u00e7as\u0131 olarak ham ve bitmi\u015f derinin g\u00fcmr\u00fcks\u00fcz ithalat\u0131 i\u00e7in de bask\u0131 yapt\u0131.<\/p>\n<p>Sekt\u00f6r i\u00e7in \u00f6nemli bir endi\u015fe, \u0130ran&#8217;\u0131n H\u00fcrm\u00fcz Bo\u011faz\u0131&#8217;n\u0131 kapatmas\u0131n\u0131n petrol ve gaz gemi hareketlili\u011fi \u00fczerindeki etkisidir. PU deri, belirli kau\u00e7uk kimyasallar\u0131, yap\u0131\u015ft\u0131r\u0131c\u0131lar, plastikler ve ayakkab\u0131 tabanlar\u0131 gibi \u00fcr\u00fcnler petrol bazl\u0131 oldu\u011fundan, tedarik kesintileri maliyetleri \u00f6nemli \u00f6l\u00e7\u00fcde art\u0131rd\u0131. Petrol ba\u011flant\u0131l\u0131 malzemelerin yan\u0131 s\u0131ra, yerel sanayi bir\u00e7ok girdi i\u00e7in \u00c7in, Kore, Endonezya ve Japonya&#8217;dan yap\u0131lan ithalata da g\u00fcveniyor.<\/p>\n<p>Sekt\u00f6rdeki ithalat y\u0131ll\u0131k bazda %4,49 d\u00fc\u015f\u00fc\u015fle 938 milyon dolara geriledi. \u0130hracat cephesinde ise, deri ve deri \u00fcr\u00fcnleri sevkiyatlar\u0131 2025-26 d\u00f6neminde y\u0131ll\u0131k bazda %2,36 d\u00fc\u015f\u00fc\u015fle 4,26 milyar dolara indi. Ancak, sekt\u00f6r tahminlerine g\u00f6re, deri d\u0131\u015f\u0131 \u00fcr\u00fcn rakamlar\u0131 eklendi\u011finde toplam ihracat 5,6 milyar dolara y\u00fckselebilir. Bitmi\u015f deri, deri ayakkab\u0131, ayakkab\u0131 bile\u015fenleri, deri giysiler, deri \u00fcr\u00fcnleri, sara\u00e7l\u0131k ve ko\u015fum tak\u0131mlar\u0131, deri d\u0131\u015f\u0131 ayakkab\u0131, deri d\u0131\u015f\u0131 \u00fcr\u00fcnler ile k\u00fcrk ve k\u00fcrk \u00fcr\u00fcnlerini kapsayan sekt\u00f6r\u00fcn genel ihracat\u0131, 2023-24&#8217;teki 5,38 milyar dolara ve 2022-23&#8217;teki 6 milyar dolara k\u0131yasla 2024-25&#8217;te 5,57 milyar dolara ula\u015ft\u0131.<\/p>\n<p>#DeriSekt\u00f6r\u00fc #Ayakkab\u0131Sanayii #G\u00fcmr\u00fckMuafiyeti #OrtaDo\u011fuKrizi #GirdiMaliyetleri #\u0130thalat #\u0130hracat #Hammadde #FLOAT\u015eemas\u0131 #Ekonomi<\/p>\n","protected":false},"excerpt":{"rendered":"<p>Hindistan&#8217;\u0131n deri ve ayakkab\u0131 sekt\u00f6r\u00fc, devam eden Orta Do\u011fu krizi nedeniyle artan girdi maliyetleriyle m\u00fccadele ediyor ve temel hammaddeler, makineler ve bile\u015fenler \u00fczerindeki ithalat vergisi muafiyetlerini talep ediyor. Sekt\u00f6r temsilcileri, bu durumun bir\u00e7ok kritik girdinin maliyetini %40 ila %60 oran\u0131nda keskin bir \u015fekilde art\u0131rd\u0131\u011f\u0131 uyar\u0131s\u0131yla ticaret ve sanayi bakanl\u0131\u011f\u0131na ba\u015fvurdu. Bir yetkili PTI&#8217;ye yapt\u0131\u011f\u0131 a\u00e7\u0131klamada, [&hellip;]<\/p>\n","protected":false},"author":2,"featured_media":16330,"comment_status":"open","ping_status":"open","sticky":false,"template":"","format":"standard","meta":{"footnotes":""},"categories":[37],"tags":[],"class_list":["post-16329","post","type-post","status-publish","format-standard","has-post-thumbnail","hentry","category-orta-dogu-haberleri"],"_links":{"self":[{"href":"https:\/\/fajr.news\/index.php?rest_route=\/wp\/v2\/posts\/16329","targetHints":{"allow":["GET"]}}],"collection":[{"href":"https:\/\/fajr.news\/index.php?rest_route=\/wp\/v2\/posts"}],"about":[{"href":"https:\/\/fajr.news\/index.php?rest_route=\/wp\/v2\/types\/post"}],"author":[{"embeddable":true,"href":"https:\/\/fajr.news\/index.php?rest_route=\/wp\/v2\/users\/2"}],"replies":[{"embeddable":true,"href":"https:\/\/fajr.news\/index.php?rest_route=%2Fwp%2Fv2%2Fcomments&post=16329"}],"version-history":[{"count":0,"href":"https:\/\/fajr.news\/index.php?rest_route=\/wp\/v2\/posts\/16329\/revisions"}],"wp:featuredmedia":[{"embeddable":true,"href":"https:\/\/fajr.news\/index.php?rest_route=\/wp\/v2\/media\/16330"}],"wp:attachment":[{"href":"https:\/\/fajr.news\/index.php?rest_route=%2Fwp%2Fv2%2Fmedia&parent=16329"}],"wp:term":[{"taxonomy":"category","embeddable":true,"href":"https:\/\/fajr.news\/index.php?rest_route=%2Fwp%2Fv2%2Fcategories&post=16329"},{"taxonomy":"post_tag","embeddable":true,"href":"https:\/\/fajr.news\/index.php?rest_route=%2Fwp%2Fv2%2Ftags&post=16329"}],"curies":[{"name":"wp","href":"https:\/\/api.w.org\/{rel}","templated":true}]}}