{"id":16279,"date":"2026-05-03T13:39:06","date_gmt":"2026-05-03T10:09:06","guid":{"rendered":"https:\/\/fajr.news\/?p=16279"},"modified":"2026-05-03T13:39:06","modified_gmt":"2026-05-03T10:09:06","slug":"hindistan-hukumeti-orta-dogudaki-savas-nedeniyle-muteahhitlere-sure-uzatimi-ve-ceza-muafiyeti-tanidi","status":"publish","type":"post","link":"https:\/\/fajr.news\/?p=16279&lang=tr","title":{"rendered":"Hindistan H\u00fck\u00fcmeti, Orta Do\u011fu&#8217;daki Sava\u015f Nedeniyle M\u00fcteahhitlere S\u00fcre Uzat\u0131m\u0131 ve Ceza Muafiyeti Tan\u0131d\u0131"},"content":{"rendered":"<p><strong>Yeni Delhi:<\/strong> Hindistan Maliye Bakanl\u0131\u011f\u0131, resmi bir memorandumla yapt\u0131\u011f\u0131 a\u00e7\u0131klamada, h\u00fck\u00fcmet kurumlar\u0131yla s\u00f6zle\u015fmeleri y\u00fcr\u00fcten m\u00fcteahhit ve tedarik\u00e7ilere, Orta Do\u011fu&#8217;daki mevcut durum nedeniyle i\u015flerinin aksamas\u0131 halinde ek s\u00fcre verilece\u011fini ve cezai yapt\u0131r\u0131mlarla kar\u015f\u0131la\u015fmayacaklar\u0131n\u0131 bildirdi.<\/p>\n<p>Harcamalar Departman\u0131 taraf\u0131ndan yay\u0131nlanan Ofis Memorandumu&#8217;nda, h\u00fck\u00fcmet, bu t\u00fcr aksakl\u0131klar nedeniyle ya\u015fanan gecikmelerin, insan kontrol\u00fc d\u0131\u015f\u0131ndaki ola\u011fan\u00fcst\u00fc ko\u015fullarda kolayl\u0131k sa\u011flayan &#8220;M\u00fccbir Sebep&#8221; (Force Majeure) maddesi kapsam\u0131nda de\u011ferlendirilece\u011fini a\u00e7\u0131klad\u0131.<\/p>\n<p>Bakanl\u0131k, &#8220;M\u00fccbir Sebep (FM), sava\u015f gibi insan kontrol\u00fc d\u0131\u015f\u0131ndaki ola\u011fan\u00fcst\u00fc olaylar veya ko\u015fullar anlam\u0131na gelir&#8230;&#8221; diyerek, bu t\u00fcr bir maddenin, y\u00fck\u00fcml\u00fcl\u00fcklerin bu t\u00fcr olaylar nedeniyle yerine getirilememesi durumunda &#8220;her iki taraf\u0131 da s\u00f6zle\u015fme sorumlulu\u011fundan kurtard\u0131\u011f\u0131n\u0131&#8221; ekledi.<\/p>\n<p>Bakanl\u0131k ayr\u0131ca, mevcut Orta Do\u011fu durumu nedeniyle s\u00f6zle\u015fmelerin etkilendi\u011fi durumlarda, &#8220;tedarik\u00e7i kurulu\u015flar\u0131n M\u00fccbir Sebep h\u00fckm\u00fcn\u00fc uygulayabilece\u011fini&#8221; belirtti.<\/p>\n<p>Memorandumda belirtildi\u011fi \u00fczere, bu kolayl\u0131k, kamu al\u0131mlar\u0131nda yer alan tedarik\u00e7ileri, dan\u0131\u015fmanlar\u0131 ve m\u00fcteahhitleri kapsayacak \u015fekilde, mal, hizmet ve i\u015flerle ilgili h\u00fck\u00fcmet kurumlar\u0131yla yap\u0131lan s\u00f6zle\u015fmeler i\u00e7in ge\u00e7erlidir.<\/p>\n<p>Ayr\u0131ca, m\u00fcteahhitlerin bu t\u00fcr gecikmeler nedeniyle cezalarla kar\u015f\u0131la\u015fmayaca\u011f\u0131 da eklendi. Memorandumda, &#8220;Gecikme&#8230; M\u00fccbir Sebep maddesinde belirtilen bir olay\u0131n sonucu oldu\u011fu s\u00fcrece, tedarik\u00e7iye herhangi bir yapt\u0131r\u0131m uygulanmayacakt\u0131r&#8221; denildi.<\/p>\n<p>H\u00fck\u00fcmet, zaman \u00e7izelgeleri konusunda da a\u00e7\u0131kl\u0131k getirerek, 28 \u015eubat 2026 tarihinde veya sonras\u0131nda tamamlanmas\u0131 gereken s\u00f6zle\u015fmelerin s\u00fcrelerinin, &#8220;herhangi bir maliyet veya ceza uygulanmaks\u0131z\u0131n iki aydan az ve d\u00f6rt aydan fazla olmamak \u00fczere uzat\u0131labilece\u011fini&#8221; belirtti.<\/p>\n<p>Memoranduma g\u00f6re, bu t\u00fcr s\u00fcre uzat\u0131mlar\u0131, M\u00fccbir Sebep h\u00fck\u00fcmleri kapsam\u0131ndaki iddialar\u0131n ge\u00e7erlili\u011fi incelendikten sonra, duruma g\u00f6re ayr\u0131 ayr\u0131 karara ba\u011flanacakt\u0131r.<\/p>\n<p>Bakanl\u0131k, bu kolayl\u0131\u011f\u0131n yaln\u0131zca aksakl\u0131klar ba\u015flamadan \u00f6nce taraflar\u0131n temerr\u00fcde d\u00fc\u015fmedi\u011fi durumlarda ge\u00e7erli olaca\u011f\u0131n\u0131 vurgulad\u0131. &#8220;M\u00fccbir Sebep h\u00fckm\u00fcn\u00fcn uygulanmas\u0131, yaln\u0131zca s\u00f6zle\u015fme taraflar\u0131n\u0131n 27 \u015eubat 2026 itibar\u0131yla temerr\u00fcde d\u00fc\u015fmemi\u015f olmas\u0131 durumunda ge\u00e7erli kabul edilecektir&#8221; denildi.<\/p>\n<p>Ayr\u0131ca, bu maddenin t\u00fcm y\u00fck\u00fcml\u00fcl\u00fckleri tamamen ortadan kald\u0131rmad\u0131\u011f\u0131n\u0131 da a\u00e7\u0131kl\u0131\u011fa kavu\u015fturdu. Memorandumda, &#8220;M\u00fccbir Sebep h\u00fckm\u00fcn\u00fcn uygulanmas\u0131, t\u00fcm ifa edilmeyen durumlar\u0131&#8230; de\u011fil, yaln\u0131zca aksakl\u0131klara do\u011frudan atfedilebilen ifa edilmeyen durumlar\u0131 kapsar&#8221; denilerek, &#8220;s\u00f6zle\u015fmeye dayal\u0131 t\u00fcm y\u00fck\u00fcml\u00fcl\u00fcklerin s\u00fcre tamamland\u0131\u011f\u0131nda yeniden canlanaca\u011f\u0131&#8221; eklendi.<\/p>\n<p>Bu ad\u0131m, jeopolitik aksakl\u0131klardan etkilenen i\u015fletmelere ve m\u00fcteahhitlere kolayl\u0131k sa\u011flamay\u0131 ve durum istikrara kavu\u015ftu\u011funda s\u00f6zle\u015fme taahh\u00fctlerinin yeniden ba\u015flamas\u0131n\u0131 sa\u011flamay\u0131 ama\u00e7lamaktad\u0131r.<\/p>\n<p>#HindistanH\u00fck\u00fcmeti #M\u00fccbirSebep #S\u00f6zle\u015fmeUzat\u0131m\u0131 #CezaMuafiyeti #OrtaDo\u011fuSava\u015f\u0131 #Tedarik\u00e7iler #M\u00fcteahhitler #MaliyeBakanl\u0131\u011f\u0131 #K\u00fcreselEtki #EkonomikDestek<\/p>\n","protected":false},"excerpt":{"rendered":"<p>Yeni Delhi: Hindistan Maliye Bakanl\u0131\u011f\u0131, resmi bir memorandumla yapt\u0131\u011f\u0131 a\u00e7\u0131klamada, h\u00fck\u00fcmet kurumlar\u0131yla s\u00f6zle\u015fmeleri y\u00fcr\u00fcten m\u00fcteahhit ve tedarik\u00e7ilere, Orta Do\u011fu&#8217;daki mevcut durum nedeniyle i\u015flerinin aksamas\u0131 halinde ek s\u00fcre verilece\u011fini ve cezai yapt\u0131r\u0131mlarla kar\u015f\u0131la\u015fmayacaklar\u0131n\u0131 bildirdi. Harcamalar Departman\u0131 taraf\u0131ndan yay\u0131nlanan Ofis Memorandumu&#8217;nda, h\u00fck\u00fcmet, bu t\u00fcr aksakl\u0131klar nedeniyle ya\u015fanan gecikmelerin, insan kontrol\u00fc d\u0131\u015f\u0131ndaki ola\u011fan\u00fcst\u00fc ko\u015fullarda kolayl\u0131k sa\u011flayan &#8220;M\u00fccbir Sebep&#8221; [&hellip;]<\/p>\n","protected":false},"author":2,"featured_media":0,"comment_status":"open","ping_status":"open","sticky":false,"template":"","format":"standard","meta":{"footnotes":""},"categories":[37],"tags":[],"class_list":["post-16279","post","type-post","status-publish","format-standard","hentry","category-orta-dogu-haberleri"],"_links":{"self":[{"href":"https:\/\/fajr.news\/index.php?rest_route=\/wp\/v2\/posts\/16279","targetHints":{"allow":["GET"]}}],"collection":[{"href":"https:\/\/fajr.news\/index.php?rest_route=\/wp\/v2\/posts"}],"about":[{"href":"https:\/\/fajr.news\/index.php?rest_route=\/wp\/v2\/types\/post"}],"author":[{"embeddable":true,"href":"https:\/\/fajr.news\/index.php?rest_route=\/wp\/v2\/users\/2"}],"replies":[{"embeddable":true,"href":"https:\/\/fajr.news\/index.php?rest_route=%2Fwp%2Fv2%2Fcomments&post=16279"}],"version-history":[{"count":0,"href":"https:\/\/fajr.news\/index.php?rest_route=\/wp\/v2\/posts\/16279\/revisions"}],"wp:attachment":[{"href":"https:\/\/fajr.news\/index.php?rest_route=%2Fwp%2Fv2%2Fmedia&parent=16279"}],"wp:term":[{"taxonomy":"category","embeddable":true,"href":"https:\/\/fajr.news\/index.php?rest_route=%2Fwp%2Fv2%2Fcategories&post=16279"},{"taxonomy":"post_tag","embeddable":true,"href":"https:\/\/fajr.news\/index.php?rest_route=%2Fwp%2Fv2%2Ftags&post=16279"}],"curies":[{"name":"wp","href":"https:\/\/api.w.org\/{rel}","templated":true}]}}