{"id":16273,"date":"2026-05-03T13:09:29","date_gmt":"2026-05-03T09:39:29","guid":{"rendered":"https:\/\/fajr.news\/?p=16273"},"modified":"2026-05-03T13:09:29","modified_gmt":"2026-05-03T09:39:29","slug":"israil-uluslararasi-sularda-yardim-filosunu-durdurduktan-sonra-iki-gazze-aktivistini-gozaltina-aldi","status":"publish","type":"post","link":"https:\/\/fajr.news\/?p=16273&lang=tr","title":{"rendered":"\u0130srail, uluslararas\u0131 sularda yard\u0131m filosunu durdurduktan sonra iki Gazze aktivistini g\u00f6zalt\u0131na ald\u0131"},"content":{"rendered":"<p>Yunanistan a\u00e7\u0131klar\u0131nda tutuklanan Gazze&#8217;ye giden bir filodan iki aktivist, sorgulanmak \u00fczere \u0130srail&#8217;e getirildi; \u0130spanya bu ad\u0131m\u0131 \u201cyasa d\u0131\u015f\u0131\u201d olarak k\u0131nad\u0131.<br \/>\n50&#8217;den fazla gemiden olu\u015fan filo, \u0130srail&#8217;in Gazze ablukas\u0131n\u0131 k\u0131rmak ve harap olmu\u015f Filistin topraklar\u0131na malzeme ula\u015ft\u0131rmak amac\u0131yla Fransa, \u0130spanya ve \u0130talya&#8217;dan yola \u00e7\u0131km\u0131\u015ft\u0131.<br \/>\nPer\u015fembe sabah\u0131 Yunanistan a\u00e7\u0131klar\u0131ndaki uluslararas\u0131 sularda \u0130srail g\u00fc\u00e7leri taraf\u0131ndan durduruldular. \u0130srail, yakla\u015f\u0131k 175 aktivisti gemiden indirdi\u011fini ve bunlardan ikisinin sorgulanmak \u00fczere \u0130srail&#8217;e g\u00f6t\u00fcr\u00fcld\u00fc\u011f\u00fcn\u00fc belirtti.<br \/>\nOrganizat\u00f6rler, \u0130srail&#8217;i 211 ki\u015fiyi \u201cka\u00e7\u0131rmakla\u201d su\u00e7lad\u0131.<br \/>\n\u0130srail D\u0131\u015fi\u015fleri Bakanl\u0131\u011f\u0131, X sosyal medya platformunda, bu iki ki\u015finin \u0130spanya&#8217;dan Saif Abu Keshek ve Brezilya vatanda\u015f\u0131 Thiago Avila oldu\u011funu belirterek, \u201ckolluk kuvvetleri taraf\u0131ndan sorgulanmak \u00fczere\u201d \u0130srail&#8217;e g\u00f6t\u00fcr\u00fcld\u00fcklerini a\u00e7\u0131klad\u0131.<br \/>\nAncak \u0130spanya D\u0131\u015fi\u015fleri Bakan\u0131 Jose Manuel Albares, Abu Keshek&#8217;in g\u00f6zalt\u0131na al\u0131nmas\u0131n\u0131 \u201cyasa d\u0131\u015f\u0131\u201d olarak k\u0131nayarak, bunun k\u00f6t\u00fcle\u015fen ikili ili\u015fkileri daha da zedeleyece\u011fini s\u00f6yledi.<br \/>\nAlbares, Rac1 radyosuna verdi\u011fi deme\u00e7te, \u201cBu, uluslararas\u0131 sularda, \u0130srail makamlar\u0131n\u0131n herhangi bir yarg\u0131 yetkisinin d\u0131\u015f\u0131nda yasa d\u0131\u015f\u0131 bir g\u00f6zalt\u0131d\u0131r; bu da Saif Abu Keshek&#8217;in derhal serbest b\u0131rak\u0131lmas\u0131 ve \u0130spanya&#8217;ya d\u00f6nebilmesi gerekti\u011fi anlam\u0131na geliyor\u201d dedi.<br \/>\n\u201cBu olay ili\u015fkilerimizi daha da geriyor&#8230; \u00e7\u00fcnk\u00fc bu durum kabul edilemez, bir devlet bu \u015fekilde davranmamal\u0131d\u0131r.\u201d<br \/>\n\u0130srail ile \u0130spanya aras\u0131ndaki ili\u015fkiler, Filistinli grup Hamas&#8217;\u0131n Ekim 2023&#8217;teki s\u0131n\u0131r \u00f6tesi sald\u0131r\u0131lar\u0131n\u0131n tetikledi\u011fi Gazze sava\u015f\u0131yla birlikte k\u00f6t\u00fcle\u015fti; \u0130srail, Ba\u015fbakan Pedro Sanchez&#8217;in Filistin topraklar\u0131n\u0131 bombalamas\u0131n\u0131 ele\u015ftirmesinden dolay\u0131 \u00f6fkeliydi.<br \/>\nHer iki \u00fclke de b\u00fcy\u00fckel\u00e7ilerini geri \u00e7ekti.<br \/>\n\u0130srail D\u0131\u015fi\u015fleri Bakanl\u0131\u011f\u0131, iki aktivistin ABD Hazine Bakanl\u0131\u011f\u0131 taraf\u0131ndan yapt\u0131r\u0131m uygulanan bir kurulu\u015fa ba\u011fl\u0131 oldu\u011funu belirtti.<br \/>\nWashington, bu grubun \u2013 Yurtd\u0131\u015f\u0131ndaki Filistinliler Halk Konferans\u0131 (PCPA) \u2013 Filistinli militan grup Hamas ad\u0131na \u201cgizlice hareket etmekle\u201d su\u00e7land\u0131\u011f\u0131n\u0131 s\u00f6yledi.<br \/>\nHazine Bakanl\u0131\u011f\u0131, \u00f6rg\u00fct\u00fcn \u0130srail ablukas\u0131n\u0131 k\u0131rmay\u0131 ama\u00e7layan Gazze&#8217;ye giden di\u011fer filolar\u0131n d\u00fczenlenmesinde rol oynad\u0131\u011f\u0131n\u0131 belirtti.<br \/>\n\u0130srail D\u0131\u015fi\u015fleri Bakanl\u0131\u011f\u0131, Abu Keshek&#8217;in PCPA&#8217;n\u0131n \u00f6nde gelen bir \u00fcyesi oldu\u011funu ve Avila&#8217;n\u0131n da \u00f6rg\u00fctle ba\u011flant\u0131l\u0131 olup \u201cyasa d\u0131\u015f\u0131 faaliyetlerden \u015f\u00fcphelenildi\u011fini\u201d s\u00f6yledi.<br \/>\nAlbares bu iddiay\u0131 reddederek, \u201cKendimin talep etti\u011fi bilgiler, Saif Abu Keshek ile Hamas aras\u0131nda hi\u00e7bir ba\u011flant\u0131 kurulamayaca\u011f\u0131n\u0131 g\u00f6steriyor\u201d dedi.<br \/>\nAvila, ge\u00e7en y\u0131l Gazze&#8217;ye yard\u0131m g\u00f6t\u00fcrmeye \u00e7al\u0131\u015fan ve \u0130srail g\u00fc\u00e7leri taraf\u0131ndan durdurulan bir filonun organizat\u00f6rleri aras\u0131ndayd\u0131.<br \/>\n\u0130srail, Gazze&#8217;ye t\u00fcm giri\u015f noktalar\u0131n\u0131 kontrol ediyor ve b\u00f6lge 2007&#8217;den beri \u0130srail ablukas\u0131 alt\u0131nda.<br \/>\nGazze sava\u015f\u0131 boyunca Filistin topraklar\u0131nda kritik malzeme s\u0131k\u0131nt\u0131lar\u0131 ya\u015fand\u0131 ve \u0130srail zaman zaman yard\u0131mlar\u0131 tamamen kesti.<br \/>\nSon filonun organizat\u00f6rleri, \u0130srail&#8217;in m\u00fcdahalesinin Gazze&#8217;den 1.000 kilometreden fazla uzakta ger\u00e7ekle\u015fti\u011fini ve ekipmanlar\u0131n\u0131n par\u00e7aland\u0131\u011f\u0131n\u0131, bunun da onlar\u0131 \u201cdenizde hesaplanm\u0131\u015f bir \u00f6l\u00fcm tuza\u011f\u0131yla\u201d kar\u015f\u0131 kar\u015f\u0131ya b\u0131rakt\u0131\u011f\u0131n\u0131 belirtti.<br \/>\nBir AFP gazetecisine g\u00f6re, durdurulan d\u00fczinelerce aktivist Cuma g\u00fcn\u00fc Yunanistan&#8217;\u0131n Girit adas\u0131nda karaya \u00e7\u0131kt\u0131.<br \/>\nOrganizat\u00f6rler, X&#8217;te y\u00fczlerinde morluklar olan iki aktivisti g\u00f6steren foto\u011fraflar yay\u0131nlad\u0131. Bir kat\u0131l\u0131mc\u0131, da\u011f\u0131t\u0131lan g\u00f6r\u00fcnt\u00fclerde \u0130srail g\u00fc\u00e7lerinin kendilerini \u201cbirka\u00e7 kez d\u00f6vd\u00fc\u011f\u00fcn\u00fc\u201d s\u00f6yledi.<br \/>\n\u0130srailli haklar grubu Adalah, avukatlar\u0131n\u0131n A\u015fkelon&#8217;daki \u015eikma Cezaevi&#8217;nde g\u00f6zalt\u0131na al\u0131nan iki aktivistle g\u00f6r\u00fc\u015ft\u00fc\u011f\u00fcn\u00fc belirtti.<br \/>\nAvila, avukatlar\u0131na gemilere el konuldu\u011funda \u201ca\u015f\u0131r\u0131 vah\u015fete maruz kald\u0131\u011f\u0131n\u0131\u201d anlatt\u0131 ve \u201cy\u00fcz\u00fcst\u00fc yerde s\u00fcr\u00fcklendi\u011fini ve iki kez bay\u0131lana kadar \u015fiddetli bir \u015fekilde d\u00f6v\u00fcld\u00fc\u011f\u00fcn\u00fc\u201d ekledi.<br \/>\nAdalah&#8217;a g\u00f6re, \u0130srail&#8217;e geldi\u011finden beri \u201ctecritte tutuldu\u011funu ve g\u00f6zlerinin ba\u011fland\u0131\u011f\u0131n\u0131\u201d s\u00f6yledi.<br \/>\nGrup, Abu Keshek&#8217;in de \u201celleri ba\u011fl\u0131 ve g\u00f6zleri kapal\u0131&#8230; ve ele ge\u00e7irildi\u011fi andan \u0130srail&#8217;e ula\u015fana kadar y\u00fcz\u00fcst\u00fc yere yat\u0131r\u0131lmaya zorland\u0131\u011f\u0131n\u0131\u201d belirtti.<br \/>\nHer ikisinin de \u201csu i\u00e7meye devam etmelerine ra\u011fmen a\u00e7l\u0131k grevine ba\u015flad\u0131\u011f\u0131n\u0131\u201d ekledi.<br \/>\nGlobal Sumud Filosu&#8217;nun 2025 yaz ve sonbahar\u0131nda Gazze&#8217;ye yapt\u0131\u011f\u0131 ilk Akdeniz yolculu\u011fu, \u0130srail g\u00fc\u00e7lerinin Ekim ay\u0131 ba\u015flar\u0131nda M\u0131s\u0131r ve Gazze k\u0131y\u0131lar\u0131nda tekneleri durdurmas\u0131ndan \u00f6nce d\u00fcnya \u00e7ap\u0131nda dikkat \u00e7ekmi\u015fti.<br \/>\n\u0130sve\u00e7li aktivist Greta Thunberg de dahil olmak \u00fczere m\u00fcrettebat \u00fcyeleri \u0130srail g\u00fc\u00e7leri taraf\u0131ndan tutukland\u0131 ve s\u0131n\u0131r d\u0131\u015f\u0131 edildi.<br \/>\n(FRANCE 24 ve AFP ile)<br \/>\n#Gazze #\u0130srail #Yard\u0131mFilosu #Uluslararas\u0131Sular #Filistin #\u0130nsanHaklar\u0131 #Abluka #\u0130spanya #Aktivistler #DiplomatikKriz<\/p>\n","protected":false},"excerpt":{"rendered":"<p>Yunanistan a\u00e7\u0131klar\u0131nda tutuklanan Gazze&#8217;ye giden bir filodan iki aktivist, sorgulanmak \u00fczere \u0130srail&#8217;e getirildi; \u0130spanya bu ad\u0131m\u0131 \u201cyasa d\u0131\u015f\u0131\u201d olarak k\u0131nad\u0131. 50&#8217;den fazla gemiden olu\u015fan filo, \u0130srail&#8217;in Gazze ablukas\u0131n\u0131 k\u0131rmak ve harap olmu\u015f Filistin topraklar\u0131na malzeme ula\u015ft\u0131rmak amac\u0131yla Fransa, \u0130spanya ve \u0130talya&#8217;dan yola \u00e7\u0131km\u0131\u015ft\u0131. Per\u015fembe sabah\u0131 Yunanistan a\u00e7\u0131klar\u0131ndaki uluslararas\u0131 sularda \u0130srail g\u00fc\u00e7leri taraf\u0131ndan durduruldular. \u0130srail, yakla\u015f\u0131k [&hellip;]<\/p>\n","protected":false},"author":2,"featured_media":16274,"comment_status":"open","ping_status":"open","sticky":false,"template":"","format":"standard","meta":{"footnotes":""},"categories":[37],"tags":[],"class_list":["post-16273","post","type-post","status-publish","format-standard","has-post-thumbnail","hentry","category-orta-dogu-haberleri"],"_links":{"self":[{"href":"https:\/\/fajr.news\/index.php?rest_route=\/wp\/v2\/posts\/16273","targetHints":{"allow":["GET"]}}],"collection":[{"href":"https:\/\/fajr.news\/index.php?rest_route=\/wp\/v2\/posts"}],"about":[{"href":"https:\/\/fajr.news\/index.php?rest_route=\/wp\/v2\/types\/post"}],"author":[{"embeddable":true,"href":"https:\/\/fajr.news\/index.php?rest_route=\/wp\/v2\/users\/2"}],"replies":[{"embeddable":true,"href":"https:\/\/fajr.news\/index.php?rest_route=%2Fwp%2Fv2%2Fcomments&post=16273"}],"version-history":[{"count":0,"href":"https:\/\/fajr.news\/index.php?rest_route=\/wp\/v2\/posts\/16273\/revisions"}],"wp:featuredmedia":[{"embeddable":true,"href":"https:\/\/fajr.news\/index.php?rest_route=\/wp\/v2\/media\/16274"}],"wp:attachment":[{"href":"https:\/\/fajr.news\/index.php?rest_route=%2Fwp%2Fv2%2Fmedia&parent=16273"}],"wp:term":[{"taxonomy":"category","embeddable":true,"href":"https:\/\/fajr.news\/index.php?rest_route=%2Fwp%2Fv2%2Fcategories&post=16273"},{"taxonomy":"post_tag","embeddable":true,"href":"https:\/\/fajr.news\/index.php?rest_route=%2Fwp%2Fv2%2Ftags&post=16273"}],"curies":[{"name":"wp","href":"https:\/\/api.w.org\/{rel}","templated":true}]}}