{"id":16231,"date":"2026-05-03T12:10:20","date_gmt":"2026-05-03T08:40:20","guid":{"rendered":"https:\/\/fajr.news\/?p=16231"},"modified":"2026-05-03T12:10:20","modified_gmt":"2026-05-03T08:40:20","slug":"kosta-rikadan-orta-dogu-soku-uyarisi-yakit-ve-gida-fiyatlari-yukselebilir","status":"publish","type":"post","link":"https:\/\/fajr.news\/?p=16231&lang=tr","title":{"rendered":"Kosta Rika&#8217;dan Orta Do\u011fu \u015eoku Uyar\u0131s\u0131: Yak\u0131t ve G\u0131da Fiyatlar\u0131 Y\u00fckselebilir"},"content":{"rendered":"<article>\n<header>\n<h1>Kosta Rika&#8217;dan Orta Do\u011fu \u015eoku Uyar\u0131s\u0131: Yak\u0131t ve G\u0131da Fiyatlar\u0131 Y\u00fckselebilir<\/h1>\n<p>Orta Do\u011fu&#8217;daki gerilim, Kosta Rika ekonomisini derinden etkilemeye haz\u0131rlan\u0131yor. \u00dclke, ba\u015fta yak\u0131t ve g\u0131da olmak \u00fczere ithal \u00fcr\u00fcnlerde fiyat art\u0131\u015flar\u0131yla kar\u015f\u0131 kar\u015f\u0131ya kalabilir.<\/p>\n<\/header>\n<section>\n<h2>T\u00fcketiciler May\u0131s Ay\u0131ndan \u0130tibaren Etkileri Hissedecek<\/h2>\n<p>Kosta Rikal\u0131 t\u00fcketicilerin, Orta Do\u011fu&#8217;daki \u00e7at\u0131\u015fmalarla ba\u011flant\u0131l\u0131 enflasyonist \u015fokun ilk etkilerini May\u0131s ay\u0131ndan itibaren hissetmeye ba\u015flamas\u0131 bekleniyor. \u00d6zellikle <strong>yak\u0131t, ithal mallar ve baz\u0131 g\u0131da \u00fcr\u00fcnleri<\/strong> \u00fczerinde erken bir bask\u0131 olu\u015faca\u011f\u0131 tahmin ediliyor.<\/p>\n<p>Kosta Rika Merkez Bankas\u0131 (BCCR), yerel fiyatlar\u0131n, \u00f6zellikle yak\u0131t gibi d\u00fczenlenmi\u015f sekt\u00f6rlerdeki ayarlama bi\u00e7imi nedeniyle etkinin gecikmeli olarak ortaya \u00e7\u0131kaca\u011f\u0131n\u0131 belirtti. BCCR Ba\u015fkan\u0131 R\u00f3ger Madrigal, \u015fokun b\u00fcy\u00fckl\u00fc\u011f\u00fc ve s\u00fcresinin belirsizli\u011fini korudu\u011funu ancak ilk belirgin etkilerin bu ay i\u00e7inde g\u00f6r\u00fclmeye ba\u015flanmas\u0131 gerekti\u011fini ifade etti.<\/p>\n<\/section>\n<section>\n<h2>Yak\u0131t Fiyatlar\u0131 \u0130lk Kanal Olacak<\/h2>\n<p>En acil etkinin yak\u0131t fiyatlar\u0131 \u00fczerinden gelmesi bekleniyor. Uluslararas\u0131 petrol fiyatlar\u0131ndaki art\u0131\u015flar\u0131n Kosta Rika&#8217;n\u0131n yerel fiyatland\u0131rma sistemine yans\u0131mas\u0131 genellikle zaman al\u0131yor. Bu durum, Mart ay\u0131na ait fiyat verilerinin k\u00fcresel petrol maliyetlerindeki tam art\u0131\u015f\u0131 hen\u00fcz yans\u0131tmad\u0131\u011f\u0131 anlam\u0131na geliyor. Merkez Bankas\u0131, Mart ay\u0131 enflasyon rakamlar\u0131n\u0131n hala uluslararas\u0131 petrol fiyatlar\u0131ndaki y\u00fckseli\u015fin etkilerini i\u00e7ermedi\u011fini vurgulad\u0131.<\/p>\n<p>Ancak bask\u0131 sadece benzin ve dizel ile s\u0131n\u0131rl\u0131 kalmayacak. Ta\u015f\u0131mac\u0131l\u0131k ve \u00fcretim maliyetlerinin artmas\u0131 halinde <em>ithal mallar da daha pahal\u0131 hale gelebilir<\/em>. G\u0131da fiyatlar\u0131 da g\u00fcbre maliyetleri arac\u0131l\u0131\u011f\u0131yla etkilenebilir, zira bir\u00e7ok tar\u0131msal girdi enerji fiyatlar\u0131 ve k\u00fcresel tedarik zincirleriyle ba\u011flant\u0131l\u0131d\u0131r.<\/p>\n<p>D\u00fcnya Bankas\u0131 bu hafta yapt\u0131\u011f\u0131 uyar\u0131da, Orta Do\u011fu&#8217;daki sava\u015f\u0131n bu y\u0131l enerji fiyatlar\u0131n\u0131 %24, g\u00fcbre fiyatlar\u0131n\u0131 ise %31 oran\u0131nda art\u0131rmas\u0131n\u0131n beklendi\u011fini, \u00f6zellikle \u00fcre fiyatlar\u0131ndaki keskin y\u00fckseli\u015fin buna \u00f6nc\u00fcl\u00fck edece\u011fini bildirdi.<\/p>\n<\/section>\n<section>\n<h2>D\u00fc\u015f\u00fck Enflasyon Taban\u0131 ve Yeni Tahminler<\/h2>\n<p>Beklenen fiyat bask\u0131s\u0131na ra\u011fmen, Kosta Rika d\u00fc\u015f\u00fck bir enflasyon taban\u0131ndan ba\u015fl\u0131yor. BCCR, y\u0131l baz\u0131nda enflasyonun ilk \u00e7eyrekte negatif kald\u0131\u011f\u0131n\u0131, \u00e7ekirdek enflasyonun ise s\u0131f\u0131ra yak\u0131n oldu\u011funu rapor etti. Banka, man\u015fet enflasyonun 2026&#8217;n\u0131n ilk yar\u0131s\u0131nda negatif kalmas\u0131n\u0131 ve y\u0131l\u0131n ilerleyen d\u00f6nemlerinde tolerans aral\u0131\u011f\u0131na geri d\u00f6nmesini bekliyor.<\/p>\n<p>Bu geri d\u00f6n\u00fc\u015f, daha \u00f6nce tahmin edilenden daha erken bekleniyor. Merkez Bankas\u0131, enflasyonun %2 ila %4&#8217;l\u00fck tolerans aral\u0131\u011f\u0131na 2026&#8217;n\u0131n d\u00f6rd\u00fcnc\u00fc \u00e7eyre\u011finde yeniden girece\u011fini \u00f6ng\u00f6r\u00fcyor; bu, Ocak ay\u0131nda tahmin edilen 2027&#8217;nin ikinci \u00e7eyre\u011fine g\u00f6re bir iyile\u015fme anlam\u0131na geliyor. Bankan\u0131n resmi hedefi, bir puanl\u0131k marjla %3 olarak belirlenmi\u015f durumda.<\/p>\n<\/section>\n<section>\n<h2>K\u00fcresel Ortam Zorla\u015f\u0131yor, B\u00fcy\u00fcme Beklentisi D\u00fc\u015f\u00fcr\u00fcld\u00fc<\/h2>\n<p>Bu de\u011fi\u015fim, Kosta Rika&#8217;n\u0131n daha zorlu bir k\u00fcresel ortamla kar\u015f\u0131 kar\u015f\u0131ya kalmas\u0131yla birlikte geliyor. BCCR, \u00e7at\u0131\u015fman\u0131n uluslararas\u0131 g\u00f6r\u00fcn\u00fcm\u00fc de\u011fi\u015ftirdi\u011fini, finans piyasalar\u0131nda, tedarik zincirlerinde ve \u00f6zellikle petrol ile temel tah\u0131llar gibi emtia fiyatlar\u0131nda belirsizli\u011fi art\u0131rd\u0131\u011f\u0131n\u0131 belirtti. Banka ayr\u0131ca, baz\u0131 \u00fclkelerde enflasyon bask\u0131lar\u0131n\u0131n yeniden ortaya \u00e7\u0131kt\u0131\u011f\u0131n\u0131 ve son y\u0131llarda g\u00f6r\u00fclen dezenflasyonun bir k\u0131sm\u0131n\u0131 tersine \u00e7evirdi\u011fini ifade etti.<\/p>\n<p>Merkez Bankas\u0131 ayn\u0131 zamanda ekonomik b\u00fcy\u00fcme g\u00f6r\u00fcn\u00fcm\u00fcn\u00fc de d\u00fc\u015f\u00fcrd\u00fc. Kosta Rika ekonomisinin hala b\u00fcy\u00fcmesi bekleniyor, ancak BCCR \u015fimdi 2026 ve 2027 i\u00e7in ortalama %3,5 b\u00fcy\u00fcme \u00f6ng\u00f6r\u00fcyor. Bu, Ocak ay\u0131 tahminine g\u00f6re a\u015fa\u011f\u0131 y\u00f6nl\u00fc bir d\u00fczeltmeyi temsil ediyor ve revizyon, zay\u0131f k\u00fcresel ko\u015fullar, y\u00fcksek emtia fiyatlar\u0131 ve i\u00e7 talebe y\u00f6nelik daha yumu\u015fak beklentilerle ba\u011flant\u0131l\u0131.<\/p>\n<\/section>\n<footer>\n<h2>Hanehalk\u0131 ve \u0130\u015fletmeler \u00dczerindeki Etkiler<\/h2>\n<p>Hanehalklar\u0131 i\u00e7in en belirgin etki ilk olarak akaryak\u0131t pompalar\u0131nda g\u00f6r\u00fclebilir, bunu ithal \u00fcr\u00fcnlerin ve baz\u0131 g\u0131dalar\u0131n fiyatlar\u0131ndaki kademeli de\u011fi\u015fiklikler takip edebilir. \u0130\u015fletmeler i\u00e7in ise, artan yak\u0131t ve girdi maliyetleri nakliye, tar\u0131m, in\u015faat ve ithal malzemelere b\u00fcy\u00fck \u00f6l\u00e7\u00fcde ba\u011f\u0131ml\u0131 di\u011fer sekt\u00f6rleri etkileyebilir.<\/p>\n<p>BCCR, gelecekteki para politikas\u0131n\u0131 belirlerken enflasyon beklentilerini, uluslararas\u0131 fiyatlar\u0131 ve yerel talebi izlemeye devam edece\u011fini bildirdi. \u00d6n\u00fcm\u00fczdeki birka\u00e7 ay, d\u0131\u015f \u015fokun Kosta Rikal\u0131 t\u00fcketicilere ne kadar yans\u0131yaca\u011f\u0131n\u0131 ve bask\u0131n\u0131n ne kadar s\u00fcrece\u011fini g\u00f6sterecek.<\/p>\n<\/footer>\n<\/article>\n<p>#KostaRika #Enflasyon #Yak\u0131tFiyatlar\u0131 #G\u0131daFiyatlar\u0131 #OrtaDo\u011fu\u00c7at\u0131\u015fmas\u0131 #Ekonomi #MerkezBankas\u0131 #K\u00fcreselPiyasalar #EmtiaFiyatlar\u0131 #T\u00fcketiciFiyatlar\u0131<\/p>\n","protected":false},"excerpt":{"rendered":"<p>Kosta Rika&#8217;dan Orta Do\u011fu \u015eoku Uyar\u0131s\u0131: Yak\u0131t ve G\u0131da Fiyatlar\u0131 Y\u00fckselebilir Orta Do\u011fu&#8217;daki gerilim, Kosta Rika ekonomisini derinden etkilemeye haz\u0131rlan\u0131yor. \u00dclke, ba\u015fta yak\u0131t ve g\u0131da olmak \u00fczere ithal \u00fcr\u00fcnlerde fiyat art\u0131\u015flar\u0131yla kar\u015f\u0131 kar\u015f\u0131ya kalabilir. T\u00fcketiciler May\u0131s Ay\u0131ndan \u0130tibaren Etkileri Hissedecek Kosta Rikal\u0131 t\u00fcketicilerin, Orta Do\u011fu&#8217;daki \u00e7at\u0131\u015fmalarla ba\u011flant\u0131l\u0131 enflasyonist \u015fokun ilk etkilerini May\u0131s ay\u0131ndan itibaren hissetmeye [&hellip;]<\/p>\n","protected":false},"author":2,"featured_media":16232,"comment_status":"open","ping_status":"open","sticky":false,"template":"","format":"standard","meta":{"footnotes":""},"categories":[37],"tags":[],"class_list":["post-16231","post","type-post","status-publish","format-standard","has-post-thumbnail","hentry","category-orta-dogu-haberleri"],"_links":{"self":[{"href":"https:\/\/fajr.news\/index.php?rest_route=\/wp\/v2\/posts\/16231","targetHints":{"allow":["GET"]}}],"collection":[{"href":"https:\/\/fajr.news\/index.php?rest_route=\/wp\/v2\/posts"}],"about":[{"href":"https:\/\/fajr.news\/index.php?rest_route=\/wp\/v2\/types\/post"}],"author":[{"embeddable":true,"href":"https:\/\/fajr.news\/index.php?rest_route=\/wp\/v2\/users\/2"}],"replies":[{"embeddable":true,"href":"https:\/\/fajr.news\/index.php?rest_route=%2Fwp%2Fv2%2Fcomments&post=16231"}],"version-history":[{"count":0,"href":"https:\/\/fajr.news\/index.php?rest_route=\/wp\/v2\/posts\/16231\/revisions"}],"wp:featuredmedia":[{"embeddable":true,"href":"https:\/\/fajr.news\/index.php?rest_route=\/wp\/v2\/media\/16232"}],"wp:attachment":[{"href":"https:\/\/fajr.news\/index.php?rest_route=%2Fwp%2Fv2%2Fmedia&parent=16231"}],"wp:term":[{"taxonomy":"category","embeddable":true,"href":"https:\/\/fajr.news\/index.php?rest_route=%2Fwp%2Fv2%2Fcategories&post=16231"},{"taxonomy":"post_tag","embeddable":true,"href":"https:\/\/fajr.news\/index.php?rest_route=%2Fwp%2Fv2%2Ftags&post=16231"}],"curies":[{"name":"wp","href":"https:\/\/api.w.org\/{rel}","templated":true}]}}