{"id":16229,"date":"2026-05-03T12:10:13","date_gmt":"2026-05-03T08:40:13","guid":{"rendered":"https:\/\/fajr.news\/?p=16229"},"modified":"2026-05-03T12:10:13","modified_gmt":"2026-05-03T08:40:13","slug":"kosta-rika-orta-dogu-soku-nedeniyle-yakit-ve-gida-fiyatlarinda-artis-uyarisi-yapti","status":"publish","type":"post","link":"https:\/\/fajr.news\/?p=16229&lang=tr","title":{"rendered":"Kosta Rika, Orta Do\u011fu \u015eoku Nedeniyle Yak\u0131t ve G\u0131da Fiyatlar\u0131nda Art\u0131\u015f Uyar\u0131s\u0131 Yapt\u0131"},"content":{"rendered":"<p>Kosta Rika&#8217;daki t\u00fcketicilerin, Orta Do\u011fu&#8217;daki \u00e7at\u0131\u015fmayla ba\u011flant\u0131l\u0131 enflasyonist \u015fokun ilk etkilerini <strong>May\u0131s ay\u0131ndan itibaren<\/strong> hissetmeye ba\u015flamas\u0131 bekleniyor; <strong>yak\u0131t, ithal mallar ve baz\u0131 g\u0131da fiyatlar\u0131<\/strong> en erken bask\u0131yla kar\u015f\u0131la\u015fabilir.<\/p>\n<p>Kosta Rika Merkez Bankas\u0131 (BCCR), yerel fiyatlar\u0131n, \u00f6zellikle yak\u0131t gibi d\u00fczenlemeye tabi sekt\u00f6rlerdeki ayarlama \u015fekli nedeniyle etkinin gecikmeli gelece\u011fini belirtti. BCCR Ba\u015fkan\u0131 R\u00f3ger Madrigal, \u015fokun b\u00fcy\u00fckl\u00fc\u011f\u00fc ve s\u00fcresinin belirsizli\u011fini korudu\u011funu ancak <strong>ilk belirgin etkilerin bu ay i\u00e7inde g\u00f6r\u00fclmeye ba\u015flanmas\u0131 gerekti\u011fini<\/strong> s\u00f6yledi.<\/p>\n<p>Yak\u0131t\u0131n en acil kanal olmas\u0131 bekleniyor. Y\u00fcksek uluslararas\u0131 petrol fiyatlar\u0131n\u0131n Kosta Rika&#8217;n\u0131n yerel fiyatland\u0131rma sistemine yans\u0131mas\u0131 genellikle zaman al\u0131yor; bu da <strong>Mart ay\u0131na kadarki fiyat verilerinin k\u00fcresel petrol maliyetlerindeki tam art\u0131\u015f\u0131 hen\u00fcz yans\u0131tmad\u0131\u011f\u0131 anlam\u0131na geliyor<\/strong>. Merkez Bankas\u0131, Mart ay\u0131 enflasyon rakamlar\u0131n\u0131n hala y\u00fcksek uluslararas\u0131 petrol fiyatlar\u0131na ba\u011fl\u0131 etkileri i\u00e7ermedi\u011fini belirtti.<\/p>\n<p>Bask\u0131 sadece benzin ve dizel ile s\u0131n\u0131rl\u0131 de\u011fil. Nakliye ve \u00fcretim maliyetleri artarsa <strong>ithal mallar da daha pahal\u0131 hale gelebilir<\/strong>. Bir\u00e7ok tar\u0131msal girdinin enerji fiyatlar\u0131na ve k\u00fcresel tedarik zincirlerine ba\u011fl\u0131 olmas\u0131 nedeniyle g\u0131da fiyatlar\u0131 da g\u00fcbre maliyetleri arac\u0131l\u0131\u011f\u0131yla etkilenebilir. D\u00fcnya Bankas\u0131 bu hafta, Orta Do\u011fu&#8217;daki sava\u015f\u0131n bu y\u0131l enerji fiyatlar\u0131n\u0131 <strong>%24<\/strong>, g\u00fcbre fiyatlar\u0131n\u0131 ise \u00fcre fiyatlar\u0131ndaki keskin art\u0131\u015f\u0131n \u00f6nc\u00fcl\u00fc\u011f\u00fcnde <strong>%31<\/strong> oran\u0131nda y\u00fckseltmesinin beklendi\u011fi konusunda uyard\u0131.<\/p>\n<p>Beklenen fiyat bask\u0131s\u0131na ra\u011fmen, Kosta Rika <strong>d\u00fc\u015f\u00fck bir enflasyon taban\u0131ndan<\/strong> ba\u015fl\u0131yor. BCCR, y\u0131l baz\u0131nda enflasyonun ilk \u00e7eyrekte negatif kald\u0131\u011f\u0131n\u0131, \u00e7ekirdek enflasyonun ise s\u0131f\u0131ra yak\u0131n oldu\u011funu bildirdi. Banka, man\u015fet enflasyonun <strong>2026&#8217;n\u0131n ilk yar\u0131s\u0131nda negatif kalmas\u0131n\u0131<\/strong> ve y\u0131l\u0131n ilerleyen d\u00f6nemlerinde tolerans aral\u0131\u011f\u0131na geri d\u00f6nmesini bekliyor.<\/p>\n<p>Bu geri d\u00f6n\u00fc\u015f\u00fcn art\u0131k daha \u00f6nce tahmin edilenden <strong>daha erken olmas\u0131<\/strong> bekleniyor. Merkez Bankas\u0131, enflasyonun Ocak ay\u0131nda tahmin edilen 2027&#8217;nin ikinci \u00e7eyre\u011fi yerine, <strong>2026&#8217;n\u0131n d\u00f6rd\u00fcnc\u00fc \u00e7eyre\u011finde %2 ila %4 tolerans aral\u0131\u011f\u0131na<\/strong> yeniden girece\u011fini \u00f6ng\u00f6r\u00fcyor. Bankan\u0131n resmi hedefi, bir y\u00fczde puan\u0131 yukar\u0131 veya a\u015fa\u011f\u0131 marjla <strong>%3<\/strong>&#8216;t\u00fcr.<\/p>\n<p>Bu de\u011fi\u015fim, Kosta Rika&#8217;n\u0131n <strong>daha zorlu bir k\u00fcresel ortamla<\/strong> kar\u015f\u0131 kar\u015f\u0131ya kalmas\u0131yla birlikte geliyor. BCCR, \u00e7at\u0131\u015fman\u0131n uluslararas\u0131 g\u00f6r\u00fcn\u00fcm\u00fc de\u011fi\u015ftirdi\u011fini, finans piyasalar\u0131nda, tedarik zincirlerinde ve \u00f6zellikle petrol ile temel tah\u0131llar olmak \u00fczere emtia fiyatlar\u0131nda <strong>belirsizli\u011fi art\u0131rd\u0131\u011f\u0131n\u0131<\/strong> belirtti. Banka ayr\u0131ca, baz\u0131 \u00fclkelerde enflasyon bask\u0131lar\u0131n\u0131n yeniden ortaya \u00e7\u0131kt\u0131\u011f\u0131n\u0131 ve son y\u0131llarda g\u00f6r\u00fclen dezenflasyonun bir k\u0131sm\u0131n\u0131 tersine \u00e7evirdi\u011fini s\u00f6yledi.<\/p>\n<p>Merkez Bankas\u0131 ayr\u0131ca <strong>ekonomik b\u00fcy\u00fcme g\u00f6r\u00fcn\u00fcm\u00fcn\u00fc de d\u00fc\u015f\u00fcrd\u00fc<\/strong>. Kosta Rika ekonomisinin hala b\u00fcy\u00fcmesi bekleniyor, ancak BCCR \u015fimdi 2026 ve 2027 i\u00e7in ortalama <strong>%3,5 b\u00fcy\u00fcme<\/strong> \u00f6ng\u00f6r\u00fcyor. Bu, Ocak ay\u0131ndaki tahminden a\u015fa\u011f\u0131 y\u00f6nl\u00fc bir d\u00fczeltmeyi temsil ediyor ve revizyon, zay\u0131f k\u00fcresel ko\u015fullar, y\u00fcksek emtia fiyatlar\u0131 ve i\u00e7 talebe ili\u015fkin daha yumu\u015fak beklentilerle ba\u011flant\u0131l\u0131.<\/p>\n<p>Haneler i\u00e7in en g\u00f6r\u00fcn\u00fcr etki ilk olarak <strong>pompa fiyatlar\u0131nda<\/strong> g\u00f6r\u00fclebilir, bunu ithal \u00fcr\u00fcnlerin ve baz\u0131 g\u0131dalar\u0131n fiyatlar\u0131ndaki kademeli de\u011fi\u015fiklikler takip edebilir. \u0130\u015fletmeler i\u00e7in ise, y\u00fcksek yak\u0131t ve girdi maliyetleri <strong>nakliye, tar\u0131m, in\u015faat<\/strong> ve ithal malzemelere b\u00fcy\u00fck \u00f6l\u00e7\u00fcde ba\u011f\u0131ml\u0131 di\u011fer sekt\u00f6rleri etkileyebilir.<\/p>\n<p>BCCR, gelecekteki para politikas\u0131n\u0131 belirlerken enflasyon beklentilerini, uluslararas\u0131 fiyatlar\u0131 ve yerel talebi izlemeye devam edece\u011fini belirtti. \u00d6n\u00fcm\u00fczdeki birka\u00e7 ay, d\u0131\u015f \u015fokun Kosta Rikal\u0131 t\u00fcketicilere ne kadar yans\u0131yaca\u011f\u0131n\u0131 ve bask\u0131n\u0131n ne kadar s\u00fcrece\u011fini g\u00f6sterecek.<\/p>\n<p>#KostaRika #Enflasyon #Yak\u0131tFiyatlar\u0131 #G\u0131daFiyatlar\u0131 #OrtaDo\u011fu\u00c7at\u0131\u015fmas\u0131 #Ekonomi #MerkezBankas\u0131 #K\u00fcreselPiyasalar #TedarikZinciri #EmtiaFiyatlar\u0131<\/p>\n","protected":false},"excerpt":{"rendered":"<p>Kosta Rika&#8217;daki t\u00fcketicilerin, Orta Do\u011fu&#8217;daki \u00e7at\u0131\u015fmayla ba\u011flant\u0131l\u0131 enflasyonist \u015fokun ilk etkilerini May\u0131s ay\u0131ndan itibaren hissetmeye ba\u015flamas\u0131 bekleniyor; yak\u0131t, ithal mallar ve baz\u0131 g\u0131da fiyatlar\u0131 en erken bask\u0131yla kar\u015f\u0131la\u015fabilir. Kosta Rika Merkez Bankas\u0131 (BCCR), yerel fiyatlar\u0131n, \u00f6zellikle yak\u0131t gibi d\u00fczenlemeye tabi sekt\u00f6rlerdeki ayarlama \u015fekli nedeniyle etkinin gecikmeli gelece\u011fini belirtti. BCCR Ba\u015fkan\u0131 R\u00f3ger Madrigal, \u015fokun b\u00fcy\u00fckl\u00fc\u011f\u00fc ve [&hellip;]<\/p>\n","protected":false},"author":2,"featured_media":16230,"comment_status":"open","ping_status":"open","sticky":false,"template":"","format":"standard","meta":{"footnotes":""},"categories":[37],"tags":[],"class_list":["post-16229","post","type-post","status-publish","format-standard","has-post-thumbnail","hentry","category-orta-dogu-haberleri"],"_links":{"self":[{"href":"https:\/\/fajr.news\/index.php?rest_route=\/wp\/v2\/posts\/16229","targetHints":{"allow":["GET"]}}],"collection":[{"href":"https:\/\/fajr.news\/index.php?rest_route=\/wp\/v2\/posts"}],"about":[{"href":"https:\/\/fajr.news\/index.php?rest_route=\/wp\/v2\/types\/post"}],"author":[{"embeddable":true,"href":"https:\/\/fajr.news\/index.php?rest_route=\/wp\/v2\/users\/2"}],"replies":[{"embeddable":true,"href":"https:\/\/fajr.news\/index.php?rest_route=%2Fwp%2Fv2%2Fcomments&post=16229"}],"version-history":[{"count":0,"href":"https:\/\/fajr.news\/index.php?rest_route=\/wp\/v2\/posts\/16229\/revisions"}],"wp:featuredmedia":[{"embeddable":true,"href":"https:\/\/fajr.news\/index.php?rest_route=\/wp\/v2\/media\/16230"}],"wp:attachment":[{"href":"https:\/\/fajr.news\/index.php?rest_route=%2Fwp%2Fv2%2Fmedia&parent=16229"}],"wp:term":[{"taxonomy":"category","embeddable":true,"href":"https:\/\/fajr.news\/index.php?rest_route=%2Fwp%2Fv2%2Fcategories&post=16229"},{"taxonomy":"post_tag","embeddable":true,"href":"https:\/\/fajr.news\/index.php?rest_route=%2Fwp%2Fv2%2Ftags&post=16229"}],"curies":[{"name":"wp","href":"https:\/\/api.w.org\/{rel}","templated":true}]}}