{"id":16209,"date":"2026-05-03T11:59:56","date_gmt":"2026-05-03T08:29:56","guid":{"rendered":"https:\/\/fajr.news\/?p=16209"},"modified":"2026-05-03T11:59:56","modified_gmt":"2026-05-03T08:29:56","slug":"orta-dogu-savasinda-son-gelismeler-trump-almanyadaki-asker-azaltimini-derinlestirme-sinyali-verdi-iran-14-maddelik-baris-plani-gonderdi","status":"publish","type":"post","link":"https:\/\/fajr.news\/?p=16209&lang=tr","title":{"rendered":"Orta Do\u011fu sava\u015f\u0131nda son geli\u015fmeler: Trump Almanya&#8217;daki asker azalt\u0131m\u0131n\u0131 derinle\u015ftirme sinyali verdi, \u0130ran 14 maddelik bar\u0131\u015f plan\u0131 g\u00f6nderdi"},"content":{"rendered":"<p>PAR\u0130S, 3 May\u0131s \u2014 Orta Do\u011fu sava\u015f\u0131ndaki son geli\u015fmeler:<\/p>\n<p>ABD Almanya&#8217;daki asker say\u0131s\u0131n\u0131 &#8216;b\u00fcy\u00fck \u00f6l\u00e7\u00fcde&#8217; azalt\u0131yor<br \/>\nBa\u015fkan Donald Trump, ABD&#8217;nin Almanya&#8217;dan Pentagon taraf\u0131ndan daha \u00f6nce a\u00e7\u0131klanandan daha fazla asker \u00e7ekece\u011fini s\u00f6yledi.<br \/>\nCumartesi g\u00fcn\u00fc gazetecilere yapt\u0131\u011f\u0131 a\u00e7\u0131klamada, &#8220;\u00c7ok b\u00fcy\u00fck \u00f6l\u00e7\u00fcde azaltaca\u011f\u0131z ve 5.000&#8217;den \u00e7ok daha fazlas\u0131n\u0131 azalt\u0131yoruz,&#8221; dedi, ancak ayr\u0131nt\u0131 vermedi.<br \/>\nDaha \u00f6nce, bir NATO s\u00f6zc\u00fcs\u00fc, ittifak\u0131n Washington&#8217;dan bu kararla ilgili daha fazla bilgi istedi\u011fini belirtmi\u015fti. Bu karar, Almanya Ba\u015fbakan\u0131 Friedrich Merz&#8217;in \u0130ran&#8217;\u0131n m\u00fczakerelerde Trump y\u00f6netimini &#8220;a\u015fa\u011f\u0131lad\u0131\u011f\u0131n\u0131&#8221; s\u00f6ylemesinin ard\u0131ndan geldi.<\/p>\n<p>Trump yeni bar\u0131\u015f \u00f6nerisine \u015f\u00fcpheyle yakla\u015f\u0131yor<br \/>\nABD Ba\u015fkan\u0131 Donald Trump Cumartesi g\u00fcn\u00fc yapt\u0131\u011f\u0131 a\u00e7\u0131klamada, yeni bir \u0130ran bar\u0131\u015f anla\u015fmas\u0131n\u0131 inceleyece\u011fini ancak beklentileri konusunda \u015f\u00fcphe duydu\u011funu belirtti. \u0130ran medyas\u0131 ise Tahran&#8217;\u0131n arabulucu Pakistan&#8217;a 14 maddelik bir \u00f6neri sundu\u011funu bildirdi.<br \/>\nTrump, Truth Social platformunda, &#8220;\u0130ran&#8217;\u0131n bize yeni g\u00f6nderdi\u011fi plan\u0131 yak\u0131nda inceleyece\u011fim, ancak son 47 y\u0131lda \u0130nsanl\u0131\u011fa ve D\u00fcnyaya yapt\u0131klar\u0131 i\u00e7in hen\u00fcz yeterince bedel \u00f6demedikleri d\u00fc\u015f\u00fcn\u00fcld\u00fc\u011f\u00fcnde bunun kabul edilebilir olaca\u011f\u0131n\u0131 hayal edemiyorum,&#8221; dedi.<br \/>\n\u0130ran&#8217;\u0131n Tasnim ve Fars haber ajanslar\u0131, \u0130ran&#8217;\u0131n 14 maddelik bir \u00f6neri sundu\u011funu bildirdi. Tasnim&#8217;e g\u00f6re bu \u00f6neri, t\u00fcm cephelerde \u00e7at\u0131\u015fman\u0131n sona erdirilmesini ve kritik H\u00fcrm\u00fcz Bo\u011faz\u0131 i\u00e7in yeni bir \u00e7er\u00e7eve olu\u015fturulmas\u0131n\u0131 i\u00e7eriyor.<\/p>\n<p>L\u00fcbnan&#8217;da \u00fc\u00e7 ki\u015fi \u00f6ld\u00fc<br \/>\nL\u00fcbnan&#8217;\u0131n devlete ait Ulusal Haber Ajans\u0131, g\u00fcney L\u00fcbnan genelinde d\u00fczenlenen bir dizi \u0130srail sald\u0131r\u0131s\u0131nda Sur b\u00f6lgesindeki Sammaiyeh kasabas\u0131nda \u00fc\u00e7 ki\u015finin \u00f6ld\u00fc\u011f\u00fcn\u00fc bildirdi.<br \/>\n\u0130srail ordusu, Cumartesi g\u00fcn\u00fc g\u00fcney L\u00fcbnan genelinde &#8220;yakla\u015f\u0131k 70 askeri yap\u0131y\u0131 ve yakla\u015f\u0131k 50 Hizbullah altyap\u0131 tesisini&#8221; imha eden sald\u0131r\u0131lar d\u00fczenledi\u011fini s\u00f6yledi.<br \/>\nBu sald\u0131r\u0131lar, \u0130srail-Hizbullah sava\u015f\u0131ndaki k\u0131r\u0131lgan 17 Nisan ate\u015fkesine ra\u011fmen d\u00fczenli bir olay haline geldi.<\/p>\n<p>L\u00fcbnan&#8217;da Katolik manast\u0131r\u0131 hasar g\u00f6rd\u00fc<br \/>\nBir Katolik yard\u0131m kurulu\u015fu, L\u00fcbnan&#8217;da bir manast\u0131r\u0131n \u0130srail g\u00fc\u00e7leri taraf\u0131ndan hasar g\u00f6rmesinin ard\u0131ndan, bunu &#8220;bir ibadethanesine kar\u015f\u0131 kas\u0131tl\u0131 bir y\u0131k\u0131m eylemi&#8221; olarak k\u0131nad\u0131.<br \/>\n\u0130srail ordusu, Yaroun k\u00f6y\u00fcnde faaliyet g\u00f6steren askerler taraf\u0131ndan bir &#8220;dini binan\u0131n&#8221; hasar g\u00f6rd\u00fc\u011f\u00fcn\u00fc ve &#8220;ter\u00f6rist altyap\u0131y\u0131 yok etme&#8221; operasyonu s\u0131ras\u0131nda &#8220;dini bir yerle\u015fkede bulunan evlerin&#8221; &#8220;hasar g\u00f6rd\u00fc\u011f\u00fcn\u00fc&#8221; do\u011frulad\u0131.<br \/>\nFrans\u0131z Katolik yard\u0131m kurulu\u015fu L\u2019Oeuvre d\u2019Orient, askerlerin, yard\u0131m kurulu\u015funun ba\u011fl\u0131 oldu\u011fu Rum Katolik dini bir tarikat olan Salvatorian Rahibeleri&#8217;ne ait bir manast\u0131r\u0131 &#8220;yok etti\u011fini&#8221; s\u00f6yledi.<\/p>\n<p>\u0130ran: Sava\u015f\u0131n gelece\u011fi ABD&#8217;ye ba\u011fl\u0131<br \/>\n\u0130ran d\u00fcn yapt\u0131\u011f\u0131 a\u00e7\u0131klamada, m\u00fczakere edilmi\u015f bir \u00e7\u00f6z\u00fcm\u00fc takip etmenin mi yoksa a\u00e7\u0131k sava\u015fa geri d\u00f6nmenin mi ABD&#8217;ye ba\u011fl\u0131 oldu\u011funu ve Tahran&#8217;\u0131n her ikisine de haz\u0131r oldu\u011funu belirtti.<br \/>\nDevlet yay\u0131nc\u0131s\u0131 IRIB&#8217;e g\u00f6re, D\u0131\u015fi\u015fleri Bakan Yard\u0131mc\u0131s\u0131 Kazem Gharibabadi Tahran&#8217;daki diplomatlara, &#8220;\u015eimdi top ABD&#8217;nin sahas\u0131nda; diplomasi yolunu mu yoksa \u00e7at\u0131\u015fmac\u0131 yakla\u015f\u0131m\u0131n devam\u0131n\u0131 m\u0131 se\u00e7ecek,&#8221; dedi.<br \/>\n&#8220;\u0130ran, ulusal \u00e7\u0131karlar\u0131n\u0131 ve g\u00fcvenli\u011fini sa\u011flama amac\u0131yla her iki yola da haz\u0131r,&#8221; diye ekledi.<\/p>\n<p>\u00c7in ABD yapt\u0131r\u0131mlar\u0131n\u0131 reddediyor<br \/>\nPekin ticaret bakanl\u0131\u011f\u0131 d\u00fcn yapt\u0131\u011f\u0131 a\u00e7\u0131klamada, \u00c7in&#8217;in \u0130ran petrol\u00fc sat\u0131n ald\u0131\u011f\u0131 i\u00e7in hedef al\u0131nan be\u015f firmaya y\u00f6nelik ABD yapt\u0131r\u0131mlar\u0131na uymayaca\u011f\u0131n\u0131 belirtti.<br \/>\n\u0130ran petrol\u00fcn\u00fcn \u00f6nemli bir m\u00fc\u015fterisi olan \u00c7in, ABD yapt\u0131r\u0131mlar\u0131n\u0131n firmalar\u0131n normal i\u015flerini &#8220;uygunsuz bir \u015fekilde yasaklad\u0131\u011f\u0131n\u0131 veya k\u0131s\u0131tlad\u0131\u011f\u0131n\u0131&#8221; s\u00f6yledi.<\/p>\n<p>ABD Donanmas\u0131 &#8216;korsan gibi davran\u0131yor&#8217;<br \/>\nTrump, ABD Donanmas\u0131&#8217;n\u0131n \u0130ran limanlar\u0131na y\u00f6nelik kar\u015f\u0131l\u0131kl\u0131 Amerikan ablukas\u0131 s\u0131ras\u0131nda bir gemiye el koyma operasyonunu anlat\u0131rken &#8220;korsan gibi davrand\u0131\u011f\u0131n\u0131&#8221; s\u00f6yledi.<br \/>\nTrump, Florida&#8217;daki bir mitingde, &#8220;Biz&#8230; \u00fczerine indik ve gemiyi ele ge\u00e7irdik. Kargoyu ele ge\u00e7irdik, petrol\u00fc ele ge\u00e7irdik. Bu \u00e7ok karl\u0131 bir i\u015f,&#8221; dedi.<br \/>\nKalabal\u0131ktan gelen tezah\u00fcratlar e\u015fli\u011finde, &#8220;Biz korsan gibiyiz,&#8221; diye ekledi. &#8220;Bir nevi korsan gibiyiz. Ama oyun oynam\u0131yoruz.&#8221;<\/p>\n<p>Asker \u00e7ekilmesi &#8216;bekleniyordu&#8217;<br \/>\nAlmanya Savunma Bakan\u0131 Boris Pistorius, 5.000 Amerikan askerinin Almanya&#8217;dan \u00e7ekilmesinin beklendi\u011fini ve Avrupa&#8217;n\u0131n kendi g\u00fcvenli\u011fini sa\u011flamak i\u00e7in daha fazlas\u0131n\u0131 yapmas\u0131 gerekti\u011fini s\u00f6yledi.<br \/>\nBoris Pistorius, bakanl\u0131\u011f\u0131 taraf\u0131ndan AFP&#8217;ye g\u00f6nderilen bir a\u00e7\u0131klamada, &#8220;ABD askerlerinin Avrupa&#8217;dan ve Almanya&#8217;dan \u00e7ekilmesi bekleniyordu,&#8221; dedi. &#8220;Biz Avrupal\u0131lar g\u00fcvenli\u011fimiz i\u00e7in daha fazla sorumluluk almal\u0131y\u0131z,&#8221; diye ekledi. \u2014 AFP<\/p>\n<p>#OrtaDo\u011fuSava\u015f\u0131 #Trump #AlmanyaABDAskerleri #\u0130ranBar\u0131\u015fPlan\u0131 #L\u00fcbnanSald\u0131r\u0131lar\u0131 #H\u00fcrm\u00fczBo\u011faz\u0131 #ABD\u0130ranGerilimi #\u00c7inYapt\u0131r\u0131mlar #NATO #K\u00fcreselG\u00fcvenlik<\/p>\n","protected":false},"excerpt":{"rendered":"<p>PAR\u0130S, 3 May\u0131s \u2014 Orta Do\u011fu sava\u015f\u0131ndaki son geli\u015fmeler: ABD Almanya&#8217;daki asker say\u0131s\u0131n\u0131 &#8216;b\u00fcy\u00fck \u00f6l\u00e7\u00fcde&#8217; azalt\u0131yor Ba\u015fkan Donald Trump, ABD&#8217;nin Almanya&#8217;dan Pentagon taraf\u0131ndan daha \u00f6nce a\u00e7\u0131klanandan daha fazla asker \u00e7ekece\u011fini s\u00f6yledi. Cumartesi g\u00fcn\u00fc gazetecilere yapt\u0131\u011f\u0131 a\u00e7\u0131klamada, &#8220;\u00c7ok b\u00fcy\u00fck \u00f6l\u00e7\u00fcde azaltaca\u011f\u0131z ve 5.000&#8217;den \u00e7ok daha fazlas\u0131n\u0131 azalt\u0131yoruz,&#8221; dedi, ancak ayr\u0131nt\u0131 vermedi. Daha \u00f6nce, bir NATO s\u00f6zc\u00fcs\u00fc, [&hellip;]<\/p>\n","protected":false},"author":2,"featured_media":16210,"comment_status":"open","ping_status":"open","sticky":false,"template":"","format":"standard","meta":{"footnotes":""},"categories":[37],"tags":[],"class_list":["post-16209","post","type-post","status-publish","format-standard","has-post-thumbnail","hentry","category-orta-dogu-haberleri"],"_links":{"self":[{"href":"https:\/\/fajr.news\/index.php?rest_route=\/wp\/v2\/posts\/16209","targetHints":{"allow":["GET"]}}],"collection":[{"href":"https:\/\/fajr.news\/index.php?rest_route=\/wp\/v2\/posts"}],"about":[{"href":"https:\/\/fajr.news\/index.php?rest_route=\/wp\/v2\/types\/post"}],"author":[{"embeddable":true,"href":"https:\/\/fajr.news\/index.php?rest_route=\/wp\/v2\/users\/2"}],"replies":[{"embeddable":true,"href":"https:\/\/fajr.news\/index.php?rest_route=%2Fwp%2Fv2%2Fcomments&post=16209"}],"version-history":[{"count":0,"href":"https:\/\/fajr.news\/index.php?rest_route=\/wp\/v2\/posts\/16209\/revisions"}],"wp:featuredmedia":[{"embeddable":true,"href":"https:\/\/fajr.news\/index.php?rest_route=\/wp\/v2\/media\/16210"}],"wp:attachment":[{"href":"https:\/\/fajr.news\/index.php?rest_route=%2Fwp%2Fv2%2Fmedia&parent=16209"}],"wp:term":[{"taxonomy":"category","embeddable":true,"href":"https:\/\/fajr.news\/index.php?rest_route=%2Fwp%2Fv2%2Fcategories&post=16209"},{"taxonomy":"post_tag","embeddable":true,"href":"https:\/\/fajr.news\/index.php?rest_route=%2Fwp%2Fv2%2Ftags&post=16209"}],"curies":[{"name":"wp","href":"https:\/\/api.w.org\/{rel}","templated":true}]}}