{"id":16201,"date":"2026-05-03T11:49:57","date_gmt":"2026-05-03T08:19:57","guid":{"rendered":"https:\/\/fajr.news\/?p=16201"},"modified":"2026-05-03T11:49:57","modified_gmt":"2026-05-03T08:19:57","slug":"filistin-destekcisi-koalisyon-starmerin-yuruyusleri-yasaklama-onerisini-siddetle-kinadi","status":"publish","type":"post","link":"https:\/\/fajr.news\/?p=16201&lang=tr","title":{"rendered":"Filistin Destek\u00e7isi Koalisyon, Starmer&#8217;\u0131n Y\u00fcr\u00fcy\u00fc\u015fleri Yasaklama \u00d6nerisini \u015eiddetle K\u0131nad\u0131"},"content":{"rendered":"<h1>Filistin Destek\u00e7isi Koalisyon, Starmer&#8217;\u0131n Y\u00fcr\u00fcy\u00fc\u015fleri Yasaklama \u00d6nerisini \u015eiddetle K\u0131nad\u0131<\/h1>\n<p><strong>\u0130ngiltere Ba\u015fbakan\u0131 Keir Starmer, Filistin&#8217;e destek y\u00fcr\u00fcy\u00fc\u015flerini yasaklama y\u00f6n\u00fcndeki \u00f6nerileri nedeniyle sert tepkiyle kar\u015f\u0131la\u015ft\u0131.<\/strong> Filistin Dayan\u0131\u015fma Kampanyas\u0131 (PSC), Ba\u015fbakan&#8217;\u0131 &#8216;antisemitizmi k\u00fc\u00e7\u00fcmsemekle&#8217; su\u00e7larken, Nakba G\u00fcn\u00fc y\u00fcr\u00fcy\u00fc\u015f\u00fcn\u00fcn planland\u0131\u011f\u0131 gibi devam edece\u011fini duyurdu.<\/p>\n<h2>Siyasi Bask\u0131 ve Medya Karalamalar\u0131na Kar\u015f\u0131 Direni\u015f<\/h2>\n<p>Birle\u015fik Krall\u0131k&#8217;ta Filistin yanl\u0131s\u0131 y\u00fcr\u00fcy\u00fc\u015fleri d\u00fczenleyen kampanya gruplar\u0131ndan olu\u015fan bir koalisyon, siyaset\u00e7ilerin ve medyan\u0131n g\u00f6sterileri karalama ve yasaklama giri\u015fimlerini \u015fiddetle ele\u015ftirdi. 16 May\u0131s&#8217;ta Londra&#8217;da yap\u0131lmas\u0131 planlanan Nakba G\u00fcn\u00fc g\u00f6sterisinin devam edece\u011fini teyit eden Filistin Dayan\u0131\u015fma Kampanyas\u0131 (PSC), Sava\u015f Kar\u015f\u0131t\u0131 Koalisyon, El-Aksa Dostlar\u0131 ve di\u011fer gruplar Cuma gecesi yapt\u0131klar\u0131 a\u00e7\u0131klamada, <strong>&#8216;protesto hakk\u0131n\u0131n temel bir \u00f6zg\u00fcrl\u00fck oldu\u011funu&#8217;<\/strong> vurgulad\u0131.<\/p>\n<p>PSC, &#8220;Golders Green&#8217;deki korkun\u00e7 antisemitik sald\u0131r\u0131n\u0131n ard\u0131ndan, siyaset\u00e7iler ve medya, Filistin i\u00e7in yap\u0131lan y\u00fcr\u00fcy\u00fc\u015fleri yanl\u0131\u015f bir \u015fekilde karakterize etmek ve bast\u0131r\u0131lmalar\u0131 \u00e7a\u011fr\u0131s\u0131nda bulunmak i\u00e7in acele ettiler&#8221; dedi. A\u00e7\u0131klamada, &#8220;Bu \u00e7a\u011fr\u0131lar, Yahudi halk\u0131n\u0131 Siyonist rejimle ve bar\u0131\u015f\u00e7\u0131l siyasi protestoyu ba\u011flant\u0131s\u0131z \u015fiddet eylemleriyle tehlikeli bir \u015fekilde kar\u0131\u015ft\u0131rmaktad\u0131r. Her ikisini de kesinlikle reddediyoruz&#8221; ifadeleri kullan\u0131ld\u0131.<\/p>\n<h2>Golders Green Olay\u0131 ve Siyasi \u0130stismar<\/h2>\n<p>\u00c7ar\u015famba \u00f6\u011fleden sonra, Londra&#8217;n\u0131n kuzeybat\u0131s\u0131ndaki b\u00fcy\u00fck bir Yahudi n\u00fcfusuna sahip Golders Green mahallesinde 34 ve 76 ya\u015flar\u0131ndaki iki Yahudi erke\u011fin b\u0131\u00e7aklanmas\u0131n\u0131n ard\u0131ndan 45 ya\u015f\u0131ndaki Somali k\u00f6kenli bir \u0130ngiliz vatanda\u015f\u0131 tutuklanm\u0131\u015ft\u0131. \u015e\u00fcpheli Essa S\u00fcleyman, sald\u0131r\u0131lardan sadece g\u00fcnler \u00f6nce bir psikiyatri hastanesinden taburcu edilmi\u015fti. Cuma g\u00fcn\u00fc Londra Metropolitan Polisi, S\u00fcleyman&#8217;\u0131n ter\u00f6r su\u00e7lamalar\u0131yla de\u011fil, \u00fc\u00e7 cinayete te\u015febb\u00fcs ve bir kamuya a\u00e7\u0131k alanda kesici alet bulundurma su\u00e7lamalar\u0131yla kar\u015f\u0131 kar\u015f\u0131ya oldu\u011funu duyurdu.<\/p>\n<p>\u0130ngiltere Ba\u015fbakan\u0131 Keir Starmer da dahil olmak \u00fczere siyaset\u00e7iler, Golders Green sald\u0131r\u0131lar\u0131n\u0131 Filistin yanl\u0131s\u0131 y\u00fcr\u00fcy\u00fc\u015fleri k\u0131namak ve k\u0131s\u0131tlamalar\u0131 i\u00e7in bir bahane olarak kulland\u0131lar. Starmer, Cumartesi g\u00fcn\u00fc BBC&#8217;nin Today program\u0131na verdi\u011fi r\u00f6portajda, y\u00fcr\u00fcy\u00fc\u015flerde kullan\u0131lan dilin denetlenmesi gerekti\u011fini ve y\u00fcr\u00fcy\u00fc\u015flerin tamamen yasaklanmas\u0131 i\u00e7in bir durum olabilece\u011fini \u00f6ne s\u00fcrd\u00fc.<\/p>\n<p>Starmer, &#8220;Baz\u0131 sloganlar\u0131 duydu\u011funuzda \u2013 &#8216;intifaday\u0131 k\u00fcreselle\u015ftir&#8217; bunlardan biri olurdu \u2013 o zaman a\u00e7\u0131k\u00e7a buna kar\u015f\u0131 daha sert \u00f6nlemler al\u0131nmas\u0131 gerekti\u011fini d\u00fc\u015f\u00fcn\u00fcyorum&#8221; dedi.<\/p>\n<h2>Starmer&#8217;\u0131n \u00c7ifte Standard\u0131 ve Antisemitizmi K\u00fc\u00e7\u00fcmsemesi<\/h2>\n<p>\u0130ngiltere&#8217;de &#8220;intifaday\u0131 k\u00fcreselle\u015ftir&#8221; ifadesini i\u00e7eren antisemitik bir sald\u0131r\u0131 kaydedilmemi\u015f olmas\u0131na ra\u011fmen, Starmer bu ifadeyi hedef g\u00f6sterdi. Aral\u0131k ay\u0131nda Metropolitan ve Greater Manchester polis g\u00fc\u00e7leri, bu ifadeyi slogan atan veya bu ifadeyi i\u00e7eren pankart ta\u015f\u0131yan ki\u015fileri tutuklayacaklar\u0131n\u0131 duyurmu\u015ftu.<\/p>\n<p>H\u00fck\u00fcmetin ter\u00f6rle m\u00fccadele mevzuat\u0131 ba\u011f\u0131ms\u0131z denet\u00e7isi Jonathan Hall da dahil olmak \u00fczere Filistin yanl\u0131s\u0131 y\u00fcr\u00fcy\u00fc\u015flere &#8216;moratoryum&#8217; \u00e7a\u011fr\u0131lar\u0131 hakk\u0131nda sorulan Starmer, &#8220;Protestolar\u0131 ve k\u00fcm\u00fclatif etkilerini genel olarak incelemenin zaman\u0131 geldi\u011fini d\u00fc\u015f\u00fcn\u00fcyorum&#8221; dedi. Ba\u015fbakan, &#8220;Y\u00fcr\u00fcy\u00fc\u015flerin tekrarlayan do\u011fas\u0131yla ilgili olarak, Yahudi toplumundan bir\u00e7ok ki\u015fi bana bunun tekrarlayan do\u011fas\u0131, k\u00fcm\u00fclatif etkisi oldu\u011funu s\u00f6yledi. Bunu kabul ediyorum ve bu y\u00fczden k\u00fcm\u00fclatif etkilerle ba\u015fa \u00e7\u0131kmay\u0131 ama\u00e7l\u0131yoruz&#8221; ifadelerini kulland\u0131. Starmer, h\u00fck\u00fcmetinin protestolarla ilgili &#8216;daha fazla yetki al\u0131p alamayaca\u011f\u0131n\u0131 incelemesi gerekti\u011fini&#8217; belirtti.<\/p>\n<p>Kuzey Londra&#8217;da k\u0131demli bir haham olan Herschel Gluck, Cuma g\u00fcn\u00fc yapt\u0131\u011f\u0131 a\u00e7\u0131klamada, Filistin yanl\u0131s\u0131 y\u00fcr\u00fcy\u00fc\u015fler ile \u00c7ar\u015famba g\u00fcnk\u00fc b\u0131\u00e7akl\u0131 sald\u0131r\u0131 aras\u0131nda herhangi bir ba\u011flant\u0131y\u0131 reddetti. Gluck, Middle East Eye&#8217;a verdi\u011fi deme\u00e7te, &#8220;\u00c7ar\u015famba g\u00fcn\u00fc Golders Green&#8217;deki trajik b\u0131\u00e7akl\u0131 sald\u0131r\u0131lara kesinlikle y\u00fcr\u00fcy\u00fc\u015fler neden olmad\u0131&#8221; dedi. Haham Gluck, antisemitizm endi\u015feleri nedeniyle y\u00fcr\u00fcy\u00fc\u015fleri yasaklaman\u0131n bir &#8216;kendi kalesine gol&#8217; olaca\u011f\u0131n\u0131, zira \u00e7ok say\u0131da Yahudi&#8217;nin bu protestolara d\u00fczenli olarak kat\u0131ld\u0131\u011f\u0131n\u0131 belirtti. &#8220;Y\u00fcr\u00fcy\u00fc\u015flere kat\u0131lan bir\u00e7ok Yahudi var. Orant\u0131sal olarak, di\u011fer topluluklardan daha fazla Yahudi var. Ve konu\u015fmay\u0131 yasaklama fikri, Yahudi olmayan bir \u015feydir&#8221; diye ekledi.<\/p>\n<h2>\u00d6zg\u00fcrl\u00fcklere Sald\u0131r\u0131 ve Siyonist Rejimle Su\u00e7 Ortakl\u0131\u011f\u0131<\/h2>\n<p>Kampanya gruplar\u0131, Starmer&#8217;\u0131n a\u00e7\u0131klamalar\u0131n\u0131 ve y\u00fcr\u00fcy\u00fc\u015flerin yasaklanabilece\u011fi \u00f6nerisini k\u0131nad\u0131. Sava\u015f Kar\u015f\u0131t\u0131 Koalisyon&#8217;un organizat\u00f6r\u00fc Lindsey German, MEE&#8217;ye yapt\u0131\u011f\u0131 a\u00e7\u0131klamada, &#8220;Keir Starmer, antisemitizm tehditlerini art\u0131rd\u0131\u011f\u0131n\u0131 yanl\u0131\u015f bir \u015fekilde iddia ederek y\u00fcr\u00fcy\u00fc\u015fleri ve sloganlar\u0131 yasaklamaktan bahsediyor&#8221; dedi. German, &#8220;Y\u00fcr\u00fcy\u00fc\u015fler, Siyonist rejimin Gazze&#8217;ye y\u00f6nelik soyk\u0131r\u0131mc\u0131 sald\u0131r\u0131lar\u0131ndaki rol\u00fcn\u00fc ve Starmer&#8217;\u0131n kendi h\u00fck\u00fcmetinin \u0130srail&#8217;i desteklemedeki su\u00e7 ortakl\u0131\u011f\u0131n\u0131 protesto etmektedir. Bu, ifade \u00f6zg\u00fcrl\u00fc\u011f\u00fcm\u00fcze ve uzun s\u00fcredir sahip oldu\u011fumuz toplanma hakk\u0131m\u0131za bir sald\u0131r\u0131d\u0131r ve bu haktan vazge\u00e7meyece\u011fiz&#8221; diye ekledi.<\/p>\n<p>Global Justice Now direkt\u00f6r\u00fc Nick Dearden, MEE&#8217;ye yapt\u0131\u011f\u0131 a\u00e7\u0131klamada, &#8220;Starmer&#8217;\u0131n bu hafta sonu verdi\u011fi r\u00f6portaj, tehlikeli oldu\u011fu kadar alayc\u0131d\u0131r&#8221; dedi. Dearden, &#8220;Gerilimi d\u00fc\u015f\u00fcrmek ve birli\u011fi te\u015fvik etmek yerine, yakla\u015fan yerel se\u00e7imlerdeki (7 May\u0131s) olas\u0131 yenilgiden ka\u00e7\u0131nmak i\u00e7in umutsuzca b\u00f6l\u00fcnmeyi te\u015fvik ediyor&#8221; ifadelerini kulland\u0131. Dearden, &#8220;Siyonist rejimin Filistin&#8217;e y\u00f6nelik soyk\u0131r\u0131mc\u0131 sald\u0131r\u0131lar\u0131n\u0131 durdurmas\u0131n\u0131 talep etmek a\u00e7\u0131k\u00e7a antisemitik de\u011fildir ve bu kar\u015f\u0131la\u015ft\u0131rmay\u0131 yapmaya \u00e7al\u0131\u015farak Starmer, antisemitizmi k\u00fc\u00e7\u00fcmsemektedir&#8221; diye ekledi. &#8220;Starmer h\u00fck\u00fcmeti, \u0130srail&#8217;in sava\u015f su\u00e7lar\u0131na tamamen ortakt\u0131r. Ellerinde kan var ve \u015fimdi antisemitizmi daha da k\u00f6r\u00fckleme riski ta\u015f\u0131yor, oysa onu zay\u0131flatmak i\u00e7in gerekli \u00f6nemli ad\u0131mlar\u0131 atm\u0131yor.&#8221;<\/p>\n<p>PSC direkt\u00f6r\u00fc Ben Jamal ise, &#8220;Irk\u00e7\u0131 \u015fiddetin bireysel eylemlerini, protesto hakk\u0131 da dahil olmak \u00fczere temel demokratik \u00f6zg\u00fcrl\u00fcklerin reddini hakl\u0131 \u00e7\u0131karmak i\u00e7in kullananlar, \u0131rk\u00e7\u0131l\u0131k kar\u015f\u0131t\u0131 m\u00fccadeleyi ilerletmek yerine zay\u0131flat\u0131rlar&#8221; dedi. \u0130ngiliz-\u0130srailli analist ve \u0130srail h\u00fck\u00fcmetinin eski dan\u0131\u015fman\u0131 Daniel Levy, ifade \u00f6zg\u00fcrl\u00fc\u011f\u00fcne moratoryum \u00f6nerisini &#8216;deh\u015fet verici&#8217; olarak nitelendirdi. Levy, Channel 4 News&#8217;e yapt\u0131\u011f\u0131 a\u00e7\u0131klamada, &#8220;Bu, daha fazla antisemitizmi te\u015fvik edecek bir \u015fey gibi geliyor. Yahudi g\u00fcvenli\u011fi ile Filistin haklar\u0131 aras\u0131nda yanl\u0131\u015f bir ikilik olamaz&#8221; dedi. &#8220;\u00d6nce bize buna kar\u015f\u0131 protesto edemeyece\u011fimiz s\u00f6ylenecek, sonra hi\u00e7bir \u015feye kar\u015f\u0131 protesto edemeyece\u011fiz ve sonra temelden farkl\u0131 bir toplumda ya\u015fayaca\u011f\u0131z.&#8221;<\/p>\n<h2>Nakba Y\u00fcr\u00fcy\u00fc\u015f\u00fc ve Direni\u015fin Devam\u0131<\/h2>\n<p>PSC ve y\u00fcr\u00fcy\u00fc\u015fleri d\u00fczenleyen koalisyon, yapt\u0131klar\u0131 a\u00e7\u0131klamada, 16 May\u0131s&#8217;ta &#8220;Nakba&#8217;n\u0131n \u2013 Siyonist rejimin 1948&#8217;den beri Filistinlilere ya\u015fatt\u0131\u011f\u0131 felaketin \u2013 y\u0131ll\u0131k anma t\u00f6reni i\u00e7in Londra&#8217;da y\u00fcr\u00fcyeceklerini&#8221; belirtti. Gruplar, &#8220;\u0130ngiliz h\u00fck\u00fcmetinin \u0130srail&#8217;in iyi belgelenmi\u015f etnik temizlik, apartheid ve soyk\u0131r\u0131m\u0131ndaki su\u00e7 ortakl\u0131\u011f\u0131na kar\u015f\u0131 y\u00fcr\u00fcyece\u011fiz&#8221; dedi. Bu y\u0131lki y\u00fcr\u00fcy\u00fc\u015f\u00fcn, ayn\u0131 g\u00fcn &#8220;Birle\u015fik Krall\u0131k&#8217;\u0131 Birle\u015ftir&#8221; y\u00fcr\u00fcy\u00fc\u015f\u00fcn\u00fc planlayan a\u015f\u0131r\u0131 sa\u011fc\u0131 \u0130ngiliz k\u0131\u015fk\u0131rt\u0131c\u0131 Tommy Robinson ve destek\u00e7ilerine kar\u015f\u0131 da d\u00fczenlenece\u011fi eklendi.<\/p>\n<p>PSC, &#8220;Her zaman oldu\u011fu gibi, y\u00fcr\u00fcy\u00fc\u015f\u00fcm\u00fcze binlerce Yahudi insan \u2013 \u00e7o\u011fu Yahudi kimliklerini gururla sergileyerek \u2013 Yahudi Blo\u011fu&#8217;nun bir par\u00e7as\u0131 olarak, organizat\u00f6rler ve platform konu\u015fmac\u0131lar\u0131 olarak kat\u0131lacak&#8221; dedi.<\/p>\n<p>Siyonist rejimin Gazze&#8217;deki soyk\u0131r\u0131m\u0131, Hamas liderli\u011findeki 7 Ekim 2023 sald\u0131r\u0131lar\u0131n\u0131n ard\u0131ndan ba\u015flad\u0131. Gazze&#8217;deki sa\u011fl\u0131k yetkilileri, 7 Ekim 2023&#8217;ten bu yana \u00f6l\u00fc say\u0131s\u0131n\u0131n en az 72.601&#8217;e, yaral\u0131 say\u0131s\u0131n\u0131n ise 172.419&#8217;a ula\u015ft\u0131\u011f\u0131n\u0131 belirtiyor. Ge\u00e7en y\u0131l 11 Ekim&#8217;de var\u0131lan ate\u015fkes anla\u015fmas\u0131ndan bu yana, sa\u011fl\u0131k otoritelerine g\u00f6re \u0130srail en az 824 ki\u015fiyi \u00f6ld\u00fcrd\u00fc ve 2.316 ki\u015fiyi yaralad\u0131. Kurtarma ekipleri de y\u0131k\u0131lan binalar\u0131n alt\u0131ndan 764 ceset \u00e7\u0131kard\u0131.<\/p>\n<p>#Filistin #NakbaG\u00fcn\u00fc #KeirStarmer #ProtestoHakk\u0131 #\u0130srailSoyk\u0131r\u0131m\u0131 #Gazze #SiyonistRejim #Antisemitizm #\u0130fade\u00d6zg\u00fcrl\u00fc\u011f\u00fc #Direni\u015f<\/p>\n","protected":false},"excerpt":{"rendered":"<p>Filistin Destek\u00e7isi Koalisyon, Starmer&#8217;\u0131n Y\u00fcr\u00fcy\u00fc\u015fleri Yasaklama \u00d6nerisini \u015eiddetle K\u0131nad\u0131 \u0130ngiltere Ba\u015fbakan\u0131 Keir Starmer, Filistin&#8217;e destek y\u00fcr\u00fcy\u00fc\u015flerini yasaklama y\u00f6n\u00fcndeki \u00f6nerileri nedeniyle sert tepkiyle kar\u015f\u0131la\u015ft\u0131. Filistin Dayan\u0131\u015fma Kampanyas\u0131 (PSC), Ba\u015fbakan&#8217;\u0131 &#8216;antisemitizmi k\u00fc\u00e7\u00fcmsemekle&#8217; su\u00e7larken, Nakba G\u00fcn\u00fc y\u00fcr\u00fcy\u00fc\u015f\u00fcn\u00fcn planland\u0131\u011f\u0131 gibi devam edece\u011fini duyurdu. Siyasi Bask\u0131 ve Medya Karalamalar\u0131na Kar\u015f\u0131 Direni\u015f Birle\u015fik Krall\u0131k&#8217;ta Filistin yanl\u0131s\u0131 y\u00fcr\u00fcy\u00fc\u015fleri d\u00fczenleyen kampanya gruplar\u0131ndan olu\u015fan [&hellip;]<\/p>\n","protected":false},"author":2,"featured_media":16202,"comment_status":"open","ping_status":"open","sticky":false,"template":"","format":"standard","meta":{"footnotes":""},"categories":[37],"tags":[],"class_list":["post-16201","post","type-post","status-publish","format-standard","has-post-thumbnail","hentry","category-orta-dogu-haberleri"],"_links":{"self":[{"href":"https:\/\/fajr.news\/index.php?rest_route=\/wp\/v2\/posts\/16201","targetHints":{"allow":["GET"]}}],"collection":[{"href":"https:\/\/fajr.news\/index.php?rest_route=\/wp\/v2\/posts"}],"about":[{"href":"https:\/\/fajr.news\/index.php?rest_route=\/wp\/v2\/types\/post"}],"author":[{"embeddable":true,"href":"https:\/\/fajr.news\/index.php?rest_route=\/wp\/v2\/users\/2"}],"replies":[{"embeddable":true,"href":"https:\/\/fajr.news\/index.php?rest_route=%2Fwp%2Fv2%2Fcomments&post=16201"}],"version-history":[{"count":0,"href":"https:\/\/fajr.news\/index.php?rest_route=\/wp\/v2\/posts\/16201\/revisions"}],"wp:featuredmedia":[{"embeddable":true,"href":"https:\/\/fajr.news\/index.php?rest_route=\/wp\/v2\/media\/16202"}],"wp:attachment":[{"href":"https:\/\/fajr.news\/index.php?rest_route=%2Fwp%2Fv2%2Fmedia&parent=16201"}],"wp:term":[{"taxonomy":"category","embeddable":true,"href":"https:\/\/fajr.news\/index.php?rest_route=%2Fwp%2Fv2%2Fcategories&post=16201"},{"taxonomy":"post_tag","embeddable":true,"href":"https:\/\/fajr.news\/index.php?rest_route=%2Fwp%2Fv2%2Ftags&post=16201"}],"curies":[{"name":"wp","href":"https:\/\/api.w.org\/{rel}","templated":true}]}}