{"id":16193,"date":"2026-05-03T11:39:33","date_gmt":"2026-05-03T08:09:33","guid":{"rendered":"https:\/\/fajr.news\/?p=16193"},"modified":"2026-05-03T11:39:33","modified_gmt":"2026-05-03T08:09:33","slug":"ingilteredeki-musluman-gruplar-gazze-soykirim-karsiti-protestolari-antisemitizm-olarak-gostermesi-nedeniyle-hukumeti-elestirdi","status":"publish","type":"post","link":"https:\/\/fajr.news\/?p=16193&lang=tr","title":{"rendered":"\u0130ngiltere&#8217;deki M\u00fcsl\u00fcman gruplar, Gazze soyk\u0131r\u0131m kar\u015f\u0131t\u0131 protestolar\u0131 &#8216;antisemitizm&#8217; olarak g\u00f6stermesi nedeniyle h\u00fck\u00fcmeti ele\u015ftirdi"},"content":{"rendered":"<p>\u0130ngiltere M\u00fcsl\u00fcman Konseyi (MCB), Filistin yanl\u0131s\u0131 y\u00fcr\u00fcy\u00fc\u015fleri Yahudi kar\u015f\u0131t\u0131 \u015fiddetle ili\u015fkilendiren \u201cyanl\u0131\u015f ve verimsiz\u201d anlat\u0131lar\u0131 te\u015fvik etti\u011fi i\u00e7in \u0130ngiltere h\u00fck\u00fcmetini hedef ald\u0131.<\/p>\n<p>Pazar g\u00fcn\u00fc yap\u0131lan bir a\u00e7\u0131klamada, MCB, kuzeybat\u0131 Londra&#8217;da yo\u011fun Yahudi n\u00fcfuslu bir mahallede iki Yahudi erke\u011fin b\u0131\u00e7aklanmas\u0131n\u0131 k\u0131nayarak, \u201cYahudi kar\u015f\u0131tl\u0131\u011f\u0131ndaki i\u011fren\u00e7 art\u0131\u015fla kar\u015f\u0131 kar\u015f\u0131ya kalan Yahudi toplumuyla dayan\u0131\u015fma i\u00e7inde\u201d oldu\u011funu belirtti.<\/p>\n<p>Britanya&#8217;daki M\u00fcsl\u00fcman kurulu\u015flar\u0131 temsil eden en b\u00fcy\u00fck \u00e7at\u0131 kurulu\u015fu olan MCB, camiler, okullar, yerel ve il\u00e7e meclisleri, profesyonel a\u011flar ve savunuculuk gruplar\u0131 dahil 500&#8217;den fazla ba\u011fl\u0131 kurulu\u015fa sahip.<\/p>\n<p>Grup ayr\u0131ca, \u201cBritanyal\u0131 M\u00fcsl\u00fcmanlar\u0131 veya Filistin haklar\u0131n\u0131 savunan herkesi y\u00fckselen Yahudi kar\u015f\u0131tl\u0131\u011f\u0131ndan topluca sorumlu tutma giri\u015fimlerinin yanl\u0131\u015f ve verimsiz\u201d oldu\u011funu ekledi.<\/p>\n<p>Bireylerin ad\u0131n\u0131 anmayan bu yorumlar, bu hafta ba\u015f\u0131nda Yahudi kar\u015f\u0131t\u0131 sald\u0131r\u0131larla \u0130srail&#8217;in Gazze&#8217;deki soyk\u0131r\u0131m\u0131na kar\u015f\u0131 yap\u0131lan Filistin yanl\u0131s\u0131 protestolar\u0131 birbiriyle kar\u0131\u015ft\u0131ran Ba\u015fbakan Keir Starmer h\u00fck\u00fcmetini hedef al\u0131yor gibiydi.<\/p>\n<p>MCB ayr\u0131ca, 29 Nisan&#8217;da iki Yahudi erke\u011fe sald\u0131rmakla su\u00e7lanan \u015f\u00fcphelinin daha \u00f6nce Southwark&#8217;taki evinde M\u00fcsl\u00fcman bir adam olan Ishmail Hussein&#8217;i hedef ald\u0131\u011f\u0131n\u0131 da belirtti.<\/p>\n<p>MCB a\u00e7\u0131klamas\u0131nda, \u201cPsikiyatri klini\u011finden yeni taburcu olan sald\u0131rgan\u0131n, ayn\u0131 sabah M\u00fcsl\u00fcman bir adam olan Ishmail Hussein&#8217;i de hedef ald\u0131\u011f\u0131 ger\u00e7e\u011fine \u00e7ok daha az dikkat \u00e7ekilmesi dikkat \u00e7ekicidir. Bu, ciddi sorular\u0131 g\u00fcndeme getiren bir e\u015fitsizli\u011fe i\u015faret ediyor,\u201d denildi.<\/p>\n<p>Birmingham Milletvekili Ayoub Khan da M\u00fcsl\u00fcman kurbana g\u00f6sterilen ilgi eksikli\u011fini sorgulad\u0131. X&#8217;teki bir g\u00f6nderisinde \u015funlar\u0131 s\u00f6yledi: \u201c\u00dc\u00e7 cinayete te\u015febb\u00fcs su\u00e7lamas\u0131 var ve bu hem Yahudi kar\u015f\u0131t\u0131 hem de \u0130slamofobik bir sald\u0131r\u0131 gibi g\u00f6r\u00fcn\u00fcyor. Medya neden M\u00fcsl\u00fcman kurbana yap\u0131lan sald\u0131r\u0131y\u0131 g\u00f6rmezden geliyor? Bu e\u015fitsizlik en hafif tabirle rahats\u0131z edici.\u201d<\/p>\n<p>Gazeteci Owen Jones da habercili\u011fi ele\u015ftirerek \u015funlar\u0131 yazd\u0131: \u201cNe? \u00dc\u00c7 cinayete te\u015febb\u00fcsle su\u00e7land\u0131. \u00dc\u00e7\u00fcnc\u00fc iddia edilen kurban Ishmail Hussein. \u00dc\u00e7 cinayete te\u015febb\u00fcs oldu\u011funu bile belirtmemenin editoryal gerek\u00e7esi nedir?\u201d<\/p>\n<p>Ayr\u0131 bir a\u00e7\u0131klamada, Britanya M\u00fcsl\u00fcman Derne\u011fi (MAB), sald\u0131r\u0131n\u0131n \u201czaten haz\u0131rlanm\u0131\u015f bir davay\u0131 \u2013 M\u00fcsl\u00fcman topluluklara, Filistin dayan\u0131\u015fmas\u0131na, muhalefet etme hakk\u0131na kar\u015f\u0131 \u2013 kovu\u015fturmak\u201d i\u00e7in kullan\u0131ld\u0131\u011f\u0131n\u0131 s\u00f6yledi.<\/p>\n<p>\u201cAna ak\u0131m medyam\u0131zdan o zamandan beri akan \u0130slamofobi ne ince ne de tesad\u00fcfi. Bu hikayenin kendisi,\u201d diye ekledi.<\/p>\n<p>\u201cA\u015f\u0131r\u0131 sa\u011fa merkezi Londra&#8217;da serbest ge\u00e7i\u015f hakk\u0131 verilirken, Filistin yanl\u0131s\u0131 y\u00fcr\u00fcy\u00fc\u015flerin yasaklanmas\u0131 \u00e7a\u011fr\u0131lar\u0131, bunun ne oldu\u011funu do\u011fruluyor. G\u00fcvenlik diliyle s\u00fcslenmi\u015f, sivil \u00f6zg\u00fcrl\u00fcklere y\u00f6nelik se\u00e7ici bir sald\u0131r\u0131. Nefret bu \u015fekilde ara\u00e7salla\u015ft\u0131r\u0131ld\u0131\u011f\u0131nda hi\u00e7bir toplum g\u00fcvende de\u011fildir,\u201d dedi.<\/p>\n<p>#\u0130ngiltereM\u00fcsl\u00fcmanlar\u0131 #GazzeProtestolar\u0131 #FilistinDeste\u011fi #Antisemitizm #\u0130slamofobi #MedyaYan\u0131ltmas\u0131 #Sivil\u00d6zg\u00fcrl\u00fckler #H\u00fck\u00fcmetEle\u015ftirisi #\u0130ngiltereSiyaseti #Adalet<\/p>\n","protected":false},"excerpt":{"rendered":"<p>\u0130ngiltere M\u00fcsl\u00fcman Konseyi (MCB), Filistin yanl\u0131s\u0131 y\u00fcr\u00fcy\u00fc\u015fleri Yahudi kar\u015f\u0131t\u0131 \u015fiddetle ili\u015fkilendiren \u201cyanl\u0131\u015f ve verimsiz\u201d anlat\u0131lar\u0131 te\u015fvik etti\u011fi i\u00e7in \u0130ngiltere h\u00fck\u00fcmetini hedef ald\u0131. Pazar g\u00fcn\u00fc yap\u0131lan bir a\u00e7\u0131klamada, MCB, kuzeybat\u0131 Londra&#8217;da yo\u011fun Yahudi n\u00fcfuslu bir mahallede iki Yahudi erke\u011fin b\u0131\u00e7aklanmas\u0131n\u0131 k\u0131nayarak, \u201cYahudi kar\u015f\u0131tl\u0131\u011f\u0131ndaki i\u011fren\u00e7 art\u0131\u015fla kar\u015f\u0131 kar\u015f\u0131ya kalan Yahudi toplumuyla dayan\u0131\u015fma i\u00e7inde\u201d oldu\u011funu belirtti. Britanya&#8217;daki M\u00fcsl\u00fcman [&hellip;]<\/p>\n","protected":false},"author":2,"featured_media":16194,"comment_status":"open","ping_status":"open","sticky":false,"template":"","format":"standard","meta":{"footnotes":""},"categories":[37],"tags":[],"class_list":["post-16193","post","type-post","status-publish","format-standard","has-post-thumbnail","hentry","category-orta-dogu-haberleri"],"_links":{"self":[{"href":"https:\/\/fajr.news\/index.php?rest_route=\/wp\/v2\/posts\/16193","targetHints":{"allow":["GET"]}}],"collection":[{"href":"https:\/\/fajr.news\/index.php?rest_route=\/wp\/v2\/posts"}],"about":[{"href":"https:\/\/fajr.news\/index.php?rest_route=\/wp\/v2\/types\/post"}],"author":[{"embeddable":true,"href":"https:\/\/fajr.news\/index.php?rest_route=\/wp\/v2\/users\/2"}],"replies":[{"embeddable":true,"href":"https:\/\/fajr.news\/index.php?rest_route=%2Fwp%2Fv2%2Fcomments&post=16193"}],"version-history":[{"count":0,"href":"https:\/\/fajr.news\/index.php?rest_route=\/wp\/v2\/posts\/16193\/revisions"}],"wp:featuredmedia":[{"embeddable":true,"href":"https:\/\/fajr.news\/index.php?rest_route=\/wp\/v2\/media\/16194"}],"wp:attachment":[{"href":"https:\/\/fajr.news\/index.php?rest_route=%2Fwp%2Fv2%2Fmedia&parent=16193"}],"wp:term":[{"taxonomy":"category","embeddable":true,"href":"https:\/\/fajr.news\/index.php?rest_route=%2Fwp%2Fv2%2Fcategories&post=16193"},{"taxonomy":"post_tag","embeddable":true,"href":"https:\/\/fajr.news\/index.php?rest_route=%2Fwp%2Fv2%2Ftags&post=16193"}],"curies":[{"name":"wp","href":"https:\/\/api.w.org\/{rel}","templated":true}]}}