{"id":16185,"date":"2026-05-03T11:29:04","date_gmt":"2026-05-03T07:59:04","guid":{"rendered":"https:\/\/fajr.news\/?p=16185"},"modified":"2026-05-03T11:29:04","modified_gmt":"2026-05-03T07:59:04","slug":"misir-icao-orta-dogu-bolge-ofisi-ev-sahipligini-yeniledi","status":"publish","type":"post","link":"https:\/\/fajr.news\/?p=16185&lang=tr","title":{"rendered":"M\u0131s\u0131r, ICAO Orta Do\u011fu B\u00f6lge Ofisi Ev Sahipli\u011fini Yeniledi"},"content":{"rendered":"<h1>M\u0131s\u0131r, B\u00f6lgesel Havac\u0131l\u0131k \u0130\u015fbirli\u011finde Kilit Rol\u00fcn\u00fc G\u00fc\u00e7lendiriyor<\/h1>\n<p><strong>M\u0131s\u0131r<\/strong>, Uluslararas\u0131 Sivil Havac\u0131l\u0131k \u00d6rg\u00fct\u00fc (ICAO) Orta Do\u011fu B\u00f6lge Ofisi&#8217;ne ev sahipli\u011fi anla\u015fmas\u0131n\u0131 yenileyerek, b\u00f6lgedeki havac\u0131l\u0131k i\u015fbirli\u011fi i\u00e7in kilit bir merkez olarak uzun s\u00fcredir devam eden rol\u00fcn\u00fc bir kez daha teyit etti. Bu stratejik ad\u0131m, \u00fclkenin uluslararas\u0131 sivil havac\u0131l\u0131k standartlar\u0131n\u0131n geli\u015ftirilmesindeki \u00f6nc\u00fc konumunu peki\u015ftiriyor.<\/p>\n<h2>ICAO Genel Sekreteri&#8217;nden M\u0131s\u0131r&#8217;a \u00d6vg\u00fc<\/h2>\n<p>Anla\u015fman\u0131n imzalanmas\u0131n\u0131n ard\u0131ndan, ICAO Genel Sekreteri Juan Carlos Salazar, M\u0131s\u0131r&#8217;\u0131n \u00f6rg\u00fct\u00fcn faaliyetlerine verdi\u011fi aktif ve kararl\u0131 deste\u011fi takdirle kar\u015f\u0131lad\u0131. Salazar, Kahire merkezli b\u00f6lge ofisinin ICAO&#8217;nun d\u00fcnya genelindeki en \u00f6nemli ofislerinden biri oldu\u011funu ve \u00fcye devletlere programlar\u0131n uygulanmas\u0131nda ve teknik yard\u0131m sa\u011flanmas\u0131nda merkezi bir rol oynad\u0131\u011f\u0131n\u0131 vurgulad\u0131.<\/p>\n<p>Salazar, ofisin b\u00f6lge genelinde havac\u0131l\u0131k g\u00fcvenli\u011fi standartlar\u0131n\u0131n art\u0131r\u0131lmas\u0131na, operasyonel verimlili\u011fin iyile\u015ftirilmesine ve hava ta\u015f\u0131mac\u0131l\u0131\u011f\u0131n\u0131n \u00e7evresel etkisinin azalt\u0131lmas\u0131na \u00f6nemli katk\u0131larda bulundu\u011funu belirtti. Ayr\u0131ca, M\u0131s\u0131r&#8217;\u0131n devam eden deste\u011finin, ICAO&#8217;nun Orta Do\u011fu&#8217;daki stratejik hedeflerini ba\u015far\u0131yla ger\u00e7ekle\u015ftirmesine olanak tan\u0131d\u0131\u011f\u0131n\u0131 s\u00f6zlerine ekledi.<\/p>\n<h2>M\u0131s\u0131r&#8217;\u0131n K\u00f6kl\u00fc Ev Sahipli\u011fi ve B\u00f6lgesel Etkisi<\/h2>\n<p>M\u0131s\u0131r Kabinesi Medya Merkezi&#8217;ne g\u00f6re, \u00fclke 1953 y\u0131l\u0131ndan bu yana ICAO b\u00f6lge ofisine ev sahipli\u011fi yaparak onlarca y\u0131ll\u0131k k\u00f6kl\u00fc kurumsal i\u015fbirli\u011finin alt\u0131n\u0131 \u00e7iziyor. Kahire ofisi, d\u00fcnya genelindeki yedi ICAO b\u00f6lge ofisinden biri olup, Orta Do\u011fu&#8217;daki 15 \u00fcye devlete kapsaml\u0131 hizmetler sunmaktad\u0131r.<\/p>\n<p>Ofis, \u00fcye \u00fclkelere teknik destek, kapasite geli\u015ftirme ve politika rehberli\u011fi sa\u011flaman\u0131n yan\u0131 s\u0131ra, havac\u0131l\u0131k g\u00fcvenli\u011fi, operasyonel verimlilik, s\u00fcrd\u00fcr\u00fclebilirlik ve sivil havac\u0131l\u0131kta inovasyon gibi kritik \u00f6ncelikleri ilerletmede kilit bir rol oynamaktad\u0131r.<\/p>\n<p>Ev sahipli\u011fi anla\u015fmas\u0131n\u0131n yenilenmesi, M\u0131s\u0131r&#8217;\u0131n havac\u0131l\u0131k alan\u0131ndaki yeteneklerine duyulan uluslararas\u0131 g\u00fcvenin devam etti\u011fini yans\u0131tmakta ve \u00fclkenin havac\u0131l\u0131k sekt\u00f6r\u00fcnde b\u00f6lgesel bir lider olarak konumunu, ayn\u0131 zamanda k\u00fcresel sivil havac\u0131l\u0131k standartlar\u0131n\u0131 ilerletmede stratejik bir ortak olarak rol\u00fcn\u00fc daha da g\u00fc\u00e7lendirmektedir.<\/p>\n<h2>\u0130lgili Hashtagler:<\/h2>\n<ul>\n<li>#M\u0131s\u0131r<\/li>\n<li>#ICAO<\/li>\n<li>#Havac\u0131l\u0131k<\/li>\n<li>#OrtaDo\u011fu<\/li>\n<li>#SivilHavac\u0131l\u0131k<\/li>\n<li>#Havac\u0131l\u0131kG\u00fcvenli\u011fi<\/li>\n<li>#B\u00f6lgeselLiderlik<\/li>\n<li>#Uluslararas\u0131\u0130\u015fbirli\u011fi<\/li>\n<li>#KahireOfisi<\/li>\n<li>#Havac\u0131l\u0131kStandartlar\u0131<\/li>\n<\/ul>\n","protected":false},"excerpt":{"rendered":"<p>M\u0131s\u0131r, B\u00f6lgesel Havac\u0131l\u0131k \u0130\u015fbirli\u011finde Kilit Rol\u00fcn\u00fc G\u00fc\u00e7lendiriyor M\u0131s\u0131r, Uluslararas\u0131 Sivil Havac\u0131l\u0131k \u00d6rg\u00fct\u00fc (ICAO) Orta Do\u011fu B\u00f6lge Ofisi&#8217;ne ev sahipli\u011fi anla\u015fmas\u0131n\u0131 yenileyerek, b\u00f6lgedeki havac\u0131l\u0131k i\u015fbirli\u011fi i\u00e7in kilit bir merkez olarak uzun s\u00fcredir devam eden rol\u00fcn\u00fc bir kez daha teyit etti. Bu stratejik ad\u0131m, \u00fclkenin uluslararas\u0131 sivil havac\u0131l\u0131k standartlar\u0131n\u0131n geli\u015ftirilmesindeki \u00f6nc\u00fc konumunu peki\u015ftiriyor. ICAO Genel Sekreteri&#8217;nden M\u0131s\u0131r&#8217;a [&hellip;]<\/p>\n","protected":false},"author":2,"featured_media":16186,"comment_status":"open","ping_status":"open","sticky":false,"template":"","format":"standard","meta":{"footnotes":""},"categories":[37],"tags":[],"class_list":["post-16185","post","type-post","status-publish","format-standard","has-post-thumbnail","hentry","category-orta-dogu-haberleri"],"_links":{"self":[{"href":"https:\/\/fajr.news\/index.php?rest_route=\/wp\/v2\/posts\/16185","targetHints":{"allow":["GET"]}}],"collection":[{"href":"https:\/\/fajr.news\/index.php?rest_route=\/wp\/v2\/posts"}],"about":[{"href":"https:\/\/fajr.news\/index.php?rest_route=\/wp\/v2\/types\/post"}],"author":[{"embeddable":true,"href":"https:\/\/fajr.news\/index.php?rest_route=\/wp\/v2\/users\/2"}],"replies":[{"embeddable":true,"href":"https:\/\/fajr.news\/index.php?rest_route=%2Fwp%2Fv2%2Fcomments&post=16185"}],"version-history":[{"count":0,"href":"https:\/\/fajr.news\/index.php?rest_route=\/wp\/v2\/posts\/16185\/revisions"}],"wp:featuredmedia":[{"embeddable":true,"href":"https:\/\/fajr.news\/index.php?rest_route=\/wp\/v2\/media\/16186"}],"wp:attachment":[{"href":"https:\/\/fajr.news\/index.php?rest_route=%2Fwp%2Fv2%2Fmedia&parent=16185"}],"wp:term":[{"taxonomy":"category","embeddable":true,"href":"https:\/\/fajr.news\/index.php?rest_route=%2Fwp%2Fv2%2Fcategories&post=16185"},{"taxonomy":"post_tag","embeddable":true,"href":"https:\/\/fajr.news\/index.php?rest_route=%2Fwp%2Fv2%2Ftags&post=16185"}],"curies":[{"name":"wp","href":"https:\/\/api.w.org\/{rel}","templated":true}]}}