{"id":16175,"date":"2026-05-03T11:05:03","date_gmt":"2026-05-03T07:35:03","guid":{"rendered":"https:\/\/fajr.news\/?p=16175"},"modified":"2026-05-03T11:05:03","modified_gmt":"2026-05-03T07:35:03","slug":"son-dakika-donald-trump-iranin-yeni-teklifini-reddetti-anlasma-sartlarindan-memnun-degilim-dedi","status":"publish","type":"post","link":"https:\/\/fajr.news\/?p=16175&lang=tr","title":{"rendered":"Son Dakika: Donald Trump \u0130ran&#8217;\u0131n Yeni Teklifini Reddetti, Anla\u015fma \u015eartlar\u0131ndan &#8216;Memnun De\u011filim&#8217; Dedi"},"content":{"rendered":"<h1>Son Dakika: Trump, \u0130ran&#8217;\u0131n Yeni Teklifini Reddetti\u011fini A\u00e7\u0131klad\u0131<\/h1>\n<p><strong>ABD Ba\u015fkan\u0131 Donald Trump<\/strong>, \u0130ran taraf\u0131ndan sunulan son teklifi reddetti\u011fini duyurdu. \u0130ki \u00fclke aras\u0131nda devam eden m\u00fczakerelere ra\u011fmen Ba\u015fkan Trump, teklifin mevcut \u015fartlar\u0131ndan <em>memnun kalmad\u0131\u011f\u0131n\u0131<\/em> a\u00e7\u0131k\u00e7a ifade etti.<\/p>\n<p>Trump, yapt\u0131\u011f\u0131 a\u00e7\u0131klamada \u0130ran&#8217;\u0131n bir anla\u015fmaya varmak istedi\u011fini ancak sunulan ko\u015fullar\u0131n kendisini tatmin etmedi\u011fini belirtti. Bu ret karar\u0131, b\u00f6lgedeki diplomatik \u00e7abalar ve gerginlikler \u00fczerinde yeni bir etki yarat\u0131rken, taraflar aras\u0131ndaki m\u00fczakerelerin gelece\u011fi hakk\u0131nda belirsizlikleri art\u0131rd\u0131.<\/p>\n<p>Geli\u015fmeler yak\u0131ndan takip edilmeye devam ediyor.<\/p>\n<p>#Trump #\u0130ran #ABD #M\u00fczakereler #Anla\u015fma #Reddedildi #Ortado\u011fu #Diplomasi #Siyaset #SonDakika<\/p>\n","protected":false},"excerpt":{"rendered":"<p>Son Dakika: Trump, \u0130ran&#8217;\u0131n Yeni Teklifini Reddetti\u011fini A\u00e7\u0131klad\u0131 ABD Ba\u015fkan\u0131 Donald Trump, \u0130ran taraf\u0131ndan sunulan son teklifi reddetti\u011fini duyurdu. \u0130ki \u00fclke aras\u0131nda devam eden m\u00fczakerelere ra\u011fmen Ba\u015fkan Trump, teklifin mevcut \u015fartlar\u0131ndan memnun kalmad\u0131\u011f\u0131n\u0131 a\u00e7\u0131k\u00e7a ifade etti. Trump, yapt\u0131\u011f\u0131 a\u00e7\u0131klamada \u0130ran&#8217;\u0131n bir anla\u015fmaya varmak istedi\u011fini ancak sunulan ko\u015fullar\u0131n kendisini tatmin etmedi\u011fini belirtti. Bu ret karar\u0131, b\u00f6lgedeki [&hellip;]<\/p>\n","protected":false},"author":2,"featured_media":16176,"comment_status":"open","ping_status":"open","sticky":false,"template":"","format":"standard","meta":{"footnotes":""},"categories":[31],"tags":[],"class_list":["post-16175","post","type-post","status-publish","format-standard","has-post-thumbnail","hentry","category-iran-haberleri"],"_links":{"self":[{"href":"https:\/\/fajr.news\/index.php?rest_route=\/wp\/v2\/posts\/16175","targetHints":{"allow":["GET"]}}],"collection":[{"href":"https:\/\/fajr.news\/index.php?rest_route=\/wp\/v2\/posts"}],"about":[{"href":"https:\/\/fajr.news\/index.php?rest_route=\/wp\/v2\/types\/post"}],"author":[{"embeddable":true,"href":"https:\/\/fajr.news\/index.php?rest_route=\/wp\/v2\/users\/2"}],"replies":[{"embeddable":true,"href":"https:\/\/fajr.news\/index.php?rest_route=%2Fwp%2Fv2%2Fcomments&post=16175"}],"version-history":[{"count":0,"href":"https:\/\/fajr.news\/index.php?rest_route=\/wp\/v2\/posts\/16175\/revisions"}],"wp:featuredmedia":[{"embeddable":true,"href":"https:\/\/fajr.news\/index.php?rest_route=\/wp\/v2\/media\/16176"}],"wp:attachment":[{"href":"https:\/\/fajr.news\/index.php?rest_route=%2Fwp%2Fv2%2Fmedia&parent=16175"}],"wp:term":[{"taxonomy":"category","embeddable":true,"href":"https:\/\/fajr.news\/index.php?rest_route=%2Fwp%2Fv2%2Fcategories&post=16175"},{"taxonomy":"post_tag","embeddable":true,"href":"https:\/\/fajr.news\/index.php?rest_route=%2Fwp%2Fv2%2Ftags&post=16175"}],"curies":[{"name":"wp","href":"https:\/\/api.w.org\/{rel}","templated":true}]}}