{"id":16163,"date":"2026-05-03T10:39:19","date_gmt":"2026-05-03T07:09:19","guid":{"rendered":"https:\/\/fajr.news\/?p=16163"},"modified":"2026-05-03T10:39:19","modified_gmt":"2026-05-03T07:09:19","slug":"israil-lubnandaki-hristiyan-manastirini-yok-etmekle-suclaniyor-hristiyanlara-yonelik-saldirilarina-bir-yenisi-daha-eklendi","status":"publish","type":"post","link":"https:\/\/fajr.news\/?p=16163&lang=tr","title":{"rendered":"\u0130srail, L\u00fcbnan&#8217;daki Hristiyan manast\u0131r\u0131n\u0131 yok etmekle su\u00e7lan\u0131yor: Hristiyanlara y\u00f6nelik sald\u0131r\u0131lar\u0131na bir yenisi daha eklendi"},"content":{"rendered":"<p>Katolik bir yard\u0131m kurulu\u015fu, \u0130srail g\u00fc\u00e7lerinin g\u00fcney L\u00fcbnan&#8217;da bir manast\u0131r\u0131 y\u0131kt\u0131\u011f\u0131n\u0131 ve bunun bir ibadethaneye y\u00f6nelik kas\u0131tl\u0131 bir sald\u0131r\u0131 oldu\u011funu belirterek \u0130srail&#8217;i k\u0131nad\u0131.<br \/>\nFrans\u0131z kurulu\u015fu L&#8217;Oeuvre d&#8217;Orient, \u0130srail askerlerinin Yarun k\u00f6y\u00fcnde Rum Katolik dini tarikat\u0131 olan Salvatorian Rahibeleri&#8217;ne ait bir manast\u0131r\u0131 y\u0131kt\u0131\u011f\u0131n\u0131 bildirdi.<br \/>\nKurulu\u015f Cuma g\u00fcn\u00fc yapt\u0131\u011f\u0131 a\u00e7\u0131klamada, &#8220;L&#8217;Oeuvre d&#8217;Orient, bir ibadethaneye y\u00f6nelik bu kas\u0131tl\u0131 y\u0131k\u0131m eylemini ve sivil n\u00fcfusun geri d\u00f6n\u00fc\u015f\u00fcn\u00fc engellemeyi ama\u00e7layan g\u00fcney L\u00fcbnan&#8217;daki evlerin sistematik y\u0131k\u0131m\u0131n\u0131 \u015fiddetle k\u0131n\u0131yor&#8221; dedi.<br \/>\nYard\u0131m kurulu\u015fu, sald\u0131r\u0131n\u0131n Hristiyan miras\u0131na y\u00f6nelik daha geni\u015f bir sald\u0131r\u0131 modelinin par\u00e7as\u0131 oldu\u011funu belirterek, &#8220;2024&#8217;teki sava\u015f s\u0131ras\u0131nda, L\u00fcbnan miras\u0131n\u0131n bir par\u00e7as\u0131 olarak s\u0131n\u0131fland\u0131r\u0131lan Yarun ve Derdghaya k\u00f6ylerindeki Melkit kiliseleri gibi Hristiyan kutsal alanlar\u0131 da yok edildi&#8221; dedi.<br \/>\nNisan ay\u0131nda dola\u015fan g\u00f6r\u00fcnt\u00fclerde, g\u00fcney L\u00fcbnan&#8217;da bir \u0130srail askerinin bir kross \u00fczerindeki \u0130sa heykelini k\u0131rmak i\u00e7in k\u0131r\u0131c\u0131 kulland\u0131\u011f\u0131 g\u00f6r\u00fclm\u00fc\u015f, bu da d\u00fcnya genelindeki Hristiyan topluluklar\u0131 aras\u0131nda \u00f6fkeye yol a\u00e7m\u0131\u015ft\u0131.<br \/>\nB\u00f6lge genelinde Hristiyanlara y\u00f6nelik \u015fiddet olaylar\u0131 yo\u011funla\u015ft\u0131.<br \/>\n\u0130\u015fgal alt\u0131ndaki Do\u011fu Kud\u00fcs&#8217;te, bu hafta ba\u015f\u0131nda Siyon Da\u011f\u0131&#8217;ndaki Son Ak\u015fam Yeme\u011fi Salonu yak\u0131nlar\u0131nda bir rahibe sald\u0131r\u0131ya u\u011frad\u0131. 48 ya\u015f\u0131ndaki ara\u015ft\u0131rmac\u0131, y\u00fcz\u00fcnden ald\u0131\u011f\u0131 yaralar nedeniyle t\u0131bbi tedavi g\u00f6rd\u00fc.<br \/>\nK\u0131s\u0131tlamalar dini uygulamalara da yay\u0131ld\u0131. Ge\u00e7ti\u011fimiz ay, \u0130srail polisi Kud\u00fcs Latin Patri\u011fi Kardinal Pierbattista Pizzaballa ve di\u011fer din adamlar\u0131n\u0131n Kutsal Kabir Kilisesi&#8217;nde Palmiye Pazar\u0131 Ayini d\u00fczenlemesini engelledi, ancak uluslararas\u0131 bask\u0131n\u0131n ard\u0131ndan eri\u015fimi k\u0131smen yeniden sa\u011flad\u0131.<br \/>\nRossing E\u011fitim ve Diyalog Merkezi taraf\u0131ndan haz\u0131rlanan son bir rapor, Hristiyanlara y\u00f6nelik sald\u0131r\u0131larda keskin bir art\u0131\u015f\u0131 belgeleyerek &#8220;devam eden ve geni\u015fleyen bir y\u0131ld\u0131rma ve sald\u0131rganl\u0131k modeli&#8221; oldu\u011funu belirtti.<br \/>\nRaporda 2025 y\u0131l\u0131nda 155 olay kaydedildi; bunlar aras\u0131nda 61 fiziksel sald\u0131r\u0131, kilise m\u00fclk\u00fcne 52 sald\u0131r\u0131, 28 taciz vakas\u0131 ve 14 vandalize edilmi\u015f tabela olay\u0131 bulunuyordu. Rapor, bu rakamlar\u0131n sadece &#8220;buzda\u011f\u0131n\u0131n g\u00f6r\u00fcnen y\u00fcz\u00fc&#8221; oldu\u011funu s\u00f6yledi.<br \/>\n\u0130srail ordusu, Cumartesi g\u00fcn\u00fc ger\u00e7ekle\u015fen son sald\u0131r\u0131n\u0131n ard\u0131ndan yapt\u0131\u011f\u0131 a\u00e7\u0131klamada, b\u00f6lgedeki altyap\u0131y\u0131 hedef alan operasyonlar s\u0131ras\u0131nda Yarun&#8217;da bir &#8220;dini binaya&#8221; zarar verdi\u011fini belirtti.<br \/>\n\u0130srail, 17 Nisan&#8217;da L\u00fcbnan&#8217;a kar\u015f\u0131 alt\u0131 haftadan uzun s\u00fcren sava\u015f\u0131n\u0131 durdurmak i\u00e7in ilan edilen ate\u015fkese ra\u011fmen L\u00fcbnan&#8217;a y\u00f6nelik sald\u0131r\u0131lar\u0131n\u0131 s\u00fcrd\u00fcrd\u00fc.<br \/>\nL\u00fcbnan Ulusal Haber Ajans\u0131 Cumartesi g\u00fcn\u00fc yapt\u0131\u011f\u0131 a\u00e7\u0131klamada, 2 Mart ile 2 May\u0131s tarihleri aras\u0131nda \u0130srail g\u00fc\u00e7leri taraf\u0131ndan en az 2.659 ki\u015finin \u00f6ld\u00fcr\u00fcld\u00fc\u011f\u00fcn\u00fc ve 8.183 ki\u015finin yaraland\u0131\u011f\u0131n\u0131 bildirdi.<br \/>\n#\u0130srailSald\u0131r\u0131lar\u0131 #L\u00fcbnan #HristiyanMiras #Manast\u0131rY\u0131k\u0131m\u0131 #Kud\u00fcs #\u0130badethaneSald\u0131r\u0131s\u0131 #Sava\u015fSu\u00e7lar\u0131 #Filistin #Ortado\u011fu #Uluslararas\u0131Hukuk<\/p>\n","protected":false},"excerpt":{"rendered":"<p>Katolik bir yard\u0131m kurulu\u015fu, \u0130srail g\u00fc\u00e7lerinin g\u00fcney L\u00fcbnan&#8217;da bir manast\u0131r\u0131 y\u0131kt\u0131\u011f\u0131n\u0131 ve bunun bir ibadethaneye y\u00f6nelik kas\u0131tl\u0131 bir sald\u0131r\u0131 oldu\u011funu belirterek \u0130srail&#8217;i k\u0131nad\u0131. Frans\u0131z kurulu\u015fu L&#8217;Oeuvre d&#8217;Orient, \u0130srail askerlerinin Yarun k\u00f6y\u00fcnde Rum Katolik dini tarikat\u0131 olan Salvatorian Rahibeleri&#8217;ne ait bir manast\u0131r\u0131 y\u0131kt\u0131\u011f\u0131n\u0131 bildirdi. Kurulu\u015f Cuma g\u00fcn\u00fc yapt\u0131\u011f\u0131 a\u00e7\u0131klamada, &#8220;L&#8217;Oeuvre d&#8217;Orient, bir ibadethaneye y\u00f6nelik bu kas\u0131tl\u0131 [&hellip;]<\/p>\n","protected":false},"author":2,"featured_media":16164,"comment_status":"open","ping_status":"open","sticky":false,"template":"","format":"standard","meta":{"footnotes":""},"categories":[37],"tags":[],"class_list":["post-16163","post","type-post","status-publish","format-standard","has-post-thumbnail","hentry","category-orta-dogu-haberleri"],"_links":{"self":[{"href":"https:\/\/fajr.news\/index.php?rest_route=\/wp\/v2\/posts\/16163","targetHints":{"allow":["GET"]}}],"collection":[{"href":"https:\/\/fajr.news\/index.php?rest_route=\/wp\/v2\/posts"}],"about":[{"href":"https:\/\/fajr.news\/index.php?rest_route=\/wp\/v2\/types\/post"}],"author":[{"embeddable":true,"href":"https:\/\/fajr.news\/index.php?rest_route=\/wp\/v2\/users\/2"}],"replies":[{"embeddable":true,"href":"https:\/\/fajr.news\/index.php?rest_route=%2Fwp%2Fv2%2Fcomments&post=16163"}],"version-history":[{"count":0,"href":"https:\/\/fajr.news\/index.php?rest_route=\/wp\/v2\/posts\/16163\/revisions"}],"wp:featuredmedia":[{"embeddable":true,"href":"https:\/\/fajr.news\/index.php?rest_route=\/wp\/v2\/media\/16164"}],"wp:attachment":[{"href":"https:\/\/fajr.news\/index.php?rest_route=%2Fwp%2Fv2%2Fmedia&parent=16163"}],"wp:term":[{"taxonomy":"category","embeddable":true,"href":"https:\/\/fajr.news\/index.php?rest_route=%2Fwp%2Fv2%2Fcategories&post=16163"},{"taxonomy":"post_tag","embeddable":true,"href":"https:\/\/fajr.news\/index.php?rest_route=%2Fwp%2Fv2%2Ftags&post=16163"}],"curies":[{"name":"wp","href":"https:\/\/api.w.org\/{rel}","templated":true}]}}