{"id":16147,"date":"2026-05-03T10:10:22","date_gmt":"2026-05-03T06:40:22","guid":{"rendered":"https:\/\/fajr.news\/?p=16147"},"modified":"2026-05-03T10:10:22","modified_gmt":"2026-05-03T06:40:22","slug":"orta-dogu-krizi-milyonlarca-insanin-yardim-gida-ve-yakita-erisimini-daha-da-zorlastiriyor-bm-ajanslari","status":"publish","type":"post","link":"https:\/\/fajr.news\/?p=16147&lang=tr","title":{"rendered":"Orta Do\u011fu Krizi, Milyonlarca \u0130nsan\u0131n Yard\u0131m, G\u0131da ve Yak\u0131ta Eri\u015fimini Daha da Zorla\u015ft\u0131r\u0131yor \u2013 BM Ajanslar\u0131"},"content":{"rendered":"<article>\n<header>\n<h1>Orta Do\u011fu Krizi, Milyonlarca \u0130nsan\u0131n Yard\u0131m, G\u0131da ve Yak\u0131ta Eri\u015fimini Daha da Zorla\u015ft\u0131r\u0131yor<\/h1>\n<p><em>1 May\u0131s 2026 \u2013 Bar\u0131\u015f ve G\u00fcvenlik<\/em><\/p>\n<\/header>\n<section>\n<p>Orta Do\u011fu&#8217;da derinle\u015fen kriz, insani felaketi her ge\u00e7en g\u00fcn daha da a\u011f\u0131rla\u015ft\u0131r\u0131yor. Birle\u015fmi\u015f Milletler ajanslar\u0131 Cuma g\u00fcn\u00fc yapt\u0131klar\u0131 uyar\u0131da, yard\u0131m rotalar\u0131ndaki kesintilerin ve g\u0131da ile yak\u0131t fiyatlar\u0131ndaki fahi\u015f art\u0131\u015flar\u0131n, d\u00fcnya genelindeki en savunmas\u0131z milyonlarca insan\u0131n hayat\u0131n\u0131 ve haklar\u0131n\u0131 derinden etkiledi\u011fini belirtti.<\/p>\n<p>BM M\u00fclteciler Y\u00fcksek Komiserli\u011fi (UNHCR) S\u00f6zc\u00fcs\u00fc <em>Carlotta Wolf<\/em>, Cenevre&#8217;de gazetecilere yapt\u0131\u011f\u0131 a\u00e7\u0131klamada, H\u00fcrm\u00fcz Bo\u011faz\u0131 da dahil olmak \u00fczere K\u00f6rfez&#8217;deki kilit rotalar etraf\u0131nda artan g\u00fcvensizlik ve istikrars\u0131zl\u0131\u011f\u0131n, temel mallar\u0131n fiyatlar\u0131n\u0131 y\u00fckseltti\u011fini ve kritik malzemelerin teslimat\u0131n\u0131 geciktirdi\u011fini vurgulad\u0131.<\/p>\n<p>Wolf, &#8220;Artan ula\u015f\u0131m, g\u0131da ve yak\u0131t maliyetleri, zaten acil durumlarla bo\u011fu\u015fan insanlar\u0131, \u00f6zellikle de en a\u011f\u0131r darbeyi alan milyonlarca m\u00fclteci ve yerinden edilmi\u015f ki\u015fiyi orant\u0131s\u0131z bir \u015fekilde etkiliyor. Ayn\u0131 zamanda, yard\u0131m kurulu\u015flar\u0131n\u0131n zaman\u0131nda yard\u0131m ula\u015ft\u0131rma kabiliyetini de azalt\u0131yor,&#8221; ifadelerini kulland\u0131.<\/p>\n<\/section>\n<section>\n<h2>Yard\u0131m Malzemeleri Y\u00f6n De\u011fi\u015ftiriyor, Maliyetler Katlan\u0131yor<\/h2>\n<p>UNHCR, bu zorlu duruma uyum sa\u011flamak zorunda kalarak deniz kargolar\u0131n\u0131 yeniden y\u00f6nlendirdi\u011fini ve alternatif kara koridorlar\u0131na giderek daha fazla ba\u011f\u0131ml\u0131 hale geldi\u011fini a\u00e7\u0131klad\u0131. Bu durum, ula\u015f\u0131m s\u00fcrelerinin uzamas\u0131na ve ek maliyetlerin ortaya \u00e7\u0131kmas\u0131na neden oluyor.<\/p>\n<p>Krizin ba\u015flang\u0131c\u0131ndan bu yana, yard\u0131m malzemelerinin temin edildi\u011fi \u00fclkelerden gelen navlun oranlar\u0131 neredeyse <strong>y\u00fczde 18<\/strong> artt\u0131. UNHCR&#8217;nin k\u00fcresel nakliye sa\u011flay\u0131c\u0131lar\u0131n\u0131n kapasitesi ise 2026 y\u0131l\u0131n\u0131n ba\u015f\u0131ndan bu yana <strong>y\u00fczde 97&#8217;den y\u00fczde 77&#8217;ye<\/strong> d\u00fc\u015ft\u00fc.<\/p>\n<p>Wolf, &#8220;Baz\u0131 sevkiyatlar i\u00e7in maliyetler iki kattan fazla artt\u0131. \u00d6rne\u011fin, UNHCR&#8217;nin Dubai&#8217;deki k\u00fcresel stoklar\u0131ndan Sudan ve \u00c7ad operasyonlar\u0131m\u0131za g\u00f6nderilen yard\u0131m malzemelerinin nakliye maliyetleri bu duruma \u00f6rnek te\u015fkil ediyor,&#8221; dedi.<\/p>\n<p>UNHCR s\u00f6zc\u00fcs\u00fc, \u00f6zellikle bir\u00e7ok &#8220;trajik bir \u015fekilde ihmal edilmi\u015f&#8221; yerinden edilme krizine ev sahipli\u011fi yapan Afrika k\u0131tas\u0131ndaki durumdan derin endi\u015fe duydu\u011funu dile getirdi. Kenya&#8217;da, UNHCR&#8217;nin k\u00fcresel stoklar\u0131ndan birinin bulundu\u011fu yerde, yak\u0131t fiyatlar\u0131ndaki art\u0131\u015f, Etiyopya, Kongo Demokratik Cumhuriyeti ve G\u00fcney Sudan&#8217;daki b\u00fcy\u00fck yard\u0131m operasyonlar\u0131na y\u00f6nelik acil durum malzemeleri ta\u015f\u0131yan kamyonlar\u0131n bulunabilirli\u011fini olumsuz etkiledi.<\/p>\n<\/section>\n<section>\n<h2>Geciken Yard\u0131mlar ve Azalan Fonlar<\/h2>\n<p>Wolf, bu durumun &#8220;<strong>b\u00fcy\u00fck ihtiya\u00e7 i\u00e7indeki insanlar\u0131n yard\u0131mlar\u0131 gerekti\u011finden daha ge\u00e7 almas\u0131<\/strong>&#8221; anlam\u0131na geldi\u011fini belirtti. Ayr\u0131ca, UNHCR&#8217;nin d\u00fcnya genelindeki operasyonlar\u0131n\u0131n, talep edilen toplam 8.5 milyar dolar\u0131n yaln\u0131zca <strong>y\u00fczde 23&#8217;\u00fc<\/strong> oran\u0131nda finanse edildi\u011fini vurgulad\u0131.<\/p>\n<p>&#8220;Ula\u015f\u0131ma harcanan her ek dolar, ka\u00e7mak zorunda kalan insanlara sa\u011flayabilece\u011fimiz bir dolar daha az demektir&#8230; Hizmet etti\u011fimiz insanlar \u00fczerindeki etkisi \u015fimdiden hissediliyor,&#8221; diye ekledi.<\/p>\n<p>H\u00fcrm\u00fcz Bo\u011faz\u0131 \u00fczerinden g\u00fcbre ge\u00e7i\u015fine getirilen k\u0131s\u0131tlamalar da g\u0131da fiyatlar\u0131n\u0131 y\u00fckseltiyor ve enflasyon art\u0131yor. Bu da, acil durum ko\u015fullar\u0131nda hayatta kalma m\u00fccadelesi veren insanlar\u0131n, temel ihtiya\u00e7 maddelerini bile daha az kar\u015f\u0131layabildi\u011fi anlam\u0131na geliyor.<\/p>\n<p>BM Genel Sekreteri <em>Ant\u00f3nio Guterres<\/em> Per\u015fembe g\u00fcn\u00fc yapt\u0131\u011f\u0131 uyar\u0131da, H\u00fcrm\u00fcz Bo\u011faz\u0131&#8217;ndaki krizin on milyonlarca insan\u0131 yoksullu\u011fa itebilece\u011fini, k\u00fcresel a\u00e7l\u0131\u011f\u0131 k\u00f6t\u00fcle\u015ftirebilece\u011fini ve d\u00fcnya ekonomisi \u00fczerinde uzun s\u00fcreli olumsuz etkiler yaratabilece\u011fini belirtmi\u015fti.<\/p>\n<\/section>\n<section>\n<h2>Yak\u0131t K\u0131tl\u0131\u011f\u0131 Toplumlar\u0131 Bo\u011fuyor, \u0130nsan Haklar\u0131 \u0130hlal Ediliyor<\/h2>\n<p>BM \u0130nsan Haklar\u0131 Ofisi (OHCHR) S\u00f6zc\u00fcs\u00fc <em>Jeremy Laurence<\/em>, durumun ve \u00f6zellikle yak\u0131t eksikli\u011finin y\u0131k\u0131c\u0131 ve do\u011frudan insan haklar\u0131 \u00fczerindeki etkilerini vurgulad\u0131.<\/p>\n<p>Laurence, &#8220;Afrika&#8217;da, Asya&#8217;da veya Latin Amerika&#8217;da k\u00fc\u00e7\u00fck bir \u00e7ift\u00e7i, geni\u015f ailesini ge\u00e7indirmek i\u00e7in kulland\u0131\u011f\u0131 k\u00fc\u00e7\u00fck arazisindeki makinelerini \u00e7al\u0131\u015ft\u0131ram\u0131yor,&#8221; dedi. Dizel yak\u0131tla \u00e7al\u0131\u015fan jenerat\u00f6rler devre d\u0131\u015f\u0131 kal\u0131rken, okul otob\u00fcsleri \u00e7al\u0131\u015fam\u0131yor ve \u00e7ocuklar e\u011fitimden mahrum kal\u0131yor.<\/p>\n<p>S\u00f6zlerini, &#8220;Bu durum her zaman en savunmas\u0131zlar\u0131 ilk etkiler,&#8221; diyerek tamamlad\u0131.<\/p>\n<\/section>\n<footer>\n<p>#OrtaDo\u011fuKrizi #\u0130nsaniYard\u0131m #G\u0131daKrizi #Yak\u0131tK\u0131tl\u0131\u011f\u0131 #UNHCR #BM #H\u00fcrm\u00fczBo\u011faz\u0131 #K\u00fcreselA\u00e7l\u0131k #M\u00fclteciler #\u0130nsanHaklar\u0131<\/p>\n<\/footer>\n<\/article>\n","protected":false},"excerpt":{"rendered":"<p>Orta Do\u011fu Krizi, Milyonlarca \u0130nsan\u0131n Yard\u0131m, G\u0131da ve Yak\u0131ta Eri\u015fimini Daha da Zorla\u015ft\u0131r\u0131yor 1 May\u0131s 2026 \u2013 Bar\u0131\u015f ve G\u00fcvenlik Orta Do\u011fu&#8217;da derinle\u015fen kriz, insani felaketi her ge\u00e7en g\u00fcn daha da a\u011f\u0131rla\u015ft\u0131r\u0131yor. Birle\u015fmi\u015f Milletler ajanslar\u0131 Cuma g\u00fcn\u00fc yapt\u0131klar\u0131 uyar\u0131da, yard\u0131m rotalar\u0131ndaki kesintilerin ve g\u0131da ile yak\u0131t fiyatlar\u0131ndaki fahi\u015f art\u0131\u015flar\u0131n, d\u00fcnya genelindeki en savunmas\u0131z milyonlarca insan\u0131n [&hellip;]<\/p>\n","protected":false},"author":2,"featured_media":16148,"comment_status":"open","ping_status":"open","sticky":false,"template":"","format":"standard","meta":{"footnotes":""},"categories":[37],"tags":[],"class_list":["post-16147","post","type-post","status-publish","format-standard","has-post-thumbnail","hentry","category-orta-dogu-haberleri"],"_links":{"self":[{"href":"https:\/\/fajr.news\/index.php?rest_route=\/wp\/v2\/posts\/16147","targetHints":{"allow":["GET"]}}],"collection":[{"href":"https:\/\/fajr.news\/index.php?rest_route=\/wp\/v2\/posts"}],"about":[{"href":"https:\/\/fajr.news\/index.php?rest_route=\/wp\/v2\/types\/post"}],"author":[{"embeddable":true,"href":"https:\/\/fajr.news\/index.php?rest_route=\/wp\/v2\/users\/2"}],"replies":[{"embeddable":true,"href":"https:\/\/fajr.news\/index.php?rest_route=%2Fwp%2Fv2%2Fcomments&post=16147"}],"version-history":[{"count":0,"href":"https:\/\/fajr.news\/index.php?rest_route=\/wp\/v2\/posts\/16147\/revisions"}],"wp:featuredmedia":[{"embeddable":true,"href":"https:\/\/fajr.news\/index.php?rest_route=\/wp\/v2\/media\/16148"}],"wp:attachment":[{"href":"https:\/\/fajr.news\/index.php?rest_route=%2Fwp%2Fv2%2Fmedia&parent=16147"}],"wp:term":[{"taxonomy":"category","embeddable":true,"href":"https:\/\/fajr.news\/index.php?rest_route=%2Fwp%2Fv2%2Fcategories&post=16147"},{"taxonomy":"post_tag","embeddable":true,"href":"https:\/\/fajr.news\/index.php?rest_route=%2Fwp%2Fv2%2Ftags&post=16147"}],"curies":[{"name":"wp","href":"https:\/\/api.w.org\/{rel}","templated":true}]}}