{"id":16139,"date":"2026-05-03T10:04:32","date_gmt":"2026-05-03T06:34:32","guid":{"rendered":"https:\/\/fajr.news\/?p=16139"},"modified":"2026-05-03T10:04:32","modified_gmt":"2026-05-03T06:34:32","slug":"trump-iranin-abd-ile-savasi-sona-erdirme-teklifini-yetersiz-buldu","status":"publish","type":"post","link":"https:\/\/fajr.news\/?p=16139&lang=tr","title":{"rendered":"Trump, \u0130ran&#8217;\u0131n ABD ile Sava\u015f\u0131 Sona Erdirme Teklifini &#8216;Yetersiz&#8217; Buldu"},"content":{"rendered":"<h2>Trump&#8217;tan \u0130ran&#8217;\u0131n Bar\u0131\u015f Teklifine Ret: Gerilim T\u0131rman\u0131yor<\/h2>\n<p>Amerika Birle\u015fik Devletleri Ba\u015fkan\u0131 Donald Trump, \u0130ran&#8217;\u0131n iki \u00fclke aras\u0131ndaki sava\u015f\u0131 sona erdirmeye y\u00f6nelik m\u00fczakerelerdeki son teklifinden &#8216;memnun olmad\u0131\u011f\u0131n\u0131&#8217; belirterek, plan\u0131 teslim edildi\u011fi anda neredeyse reddetti\u011fini a\u00e7\u0131klad\u0131. Bu geli\u015fme, b\u00f6lgedeki gerilimi daha da art\u0131rma potansiyeli ta\u015f\u0131yor.<\/p>\n<p>\u0130ran&#8217;\u0131n resmi haber ajans\u0131 IRNA&#8217;n\u0131n bildirdi\u011fine g\u00f6re, \u0130ran, m\u00fczakereler i\u00e7in son teklifini Per\u015fembe gecesi Pakistan&#8217;daki arabuluculara iletmi\u015fti. Ancak Trump, Cuma g\u00fcn\u00fc Beyaz Saray&#8217;da gazetecilere yapt\u0131\u011f\u0131 a\u00e7\u0131klamada, &#8220;Bir anla\u015fma yapmak istiyorlar, ben bundan memnun de\u011filim, bu y\u00fczden ne olaca\u011f\u0131n\u0131 g\u00f6rece\u011fiz,&#8221; ifadelerini kulland\u0131. Bu a\u00e7\u0131klama, ABD&#8217;nin \u0130ran&#8217;dan beklentilerinin y\u00fcksek oldu\u011funu ve mevcut teklifi yetersiz buldu\u011funu g\u00f6steriyor.<\/p>\n<h3>H\u00fcrm\u00fcz Bo\u011faz\u0131&#8217;nda Kilitlenme ve Ekonomik Bask\u0131<\/h3>\n<p>ABD ile \u0130ran aras\u0131ndaki \u00fc\u00e7 haftal\u0131k k\u0131r\u0131lgan ate\u015fkesin hala s\u00fcrd\u00fc\u011f\u00fc g\u00f6r\u00fclse de, her iki \u00fclke de birbirlerini ihlallerle su\u00e7luyor. Ate\u015fkes \u0130ran&#8217;daki \u00e7at\u0131\u015fmalar\u0131 b\u00fcy\u00fck \u00f6l\u00e7\u00fcde durdurmu\u015f olsa da, <strong>ABD ve \u0130ran, d\u00fcnya ticaretinin be\u015fte birinin ge\u00e7ti\u011fi stratejik H\u00fcrm\u00fcz Bo\u011faz\u0131 \u00fczerinde bir \u00e7\u0131kmazda kilitlenmi\u015f durumda.<\/strong><\/p>\n<p>ABD donanmas\u0131n\u0131n \u0130ran tankerlerinin denize a\u00e7\u0131lmas\u0131n\u0131 engelleyen ablukas\u0131, \u0130ran ekonomisini sarsmaya devam ediyor. \u0130ran&#8217;\u0131n bo\u011faz \u00fczerindeki stratejik kontrol\u00fcn\u00fc s\u00fcrd\u00fcrmesiyle d\u00fcnya ekonomisi de bask\u0131 alt\u0131nda kal\u0131yor. Trump, bu hafta, Amerika&#8217;n\u0131n K\u00f6rfez&#8217;deki m\u00fcttefiklerinin petrol ve gaz ihracat\u0131 i\u00e7in kulland\u0131\u011f\u0131 kritik ge\u00e7i\u015f yolunu yeniden a\u00e7mak \u00fczere yeni bir plan \u00f6nerdi\u011fini belirtmi\u015fti. Ge\u00e7en hafta el\u00e7ilerinin Pakistan gezisini iptal etmesinin ard\u0131ndan m\u00fczakerelerin telefonla devam etti\u011fi biliniyor.<\/p>\n<h3>Trump&#8217;tan \u0130ran Liderli\u011fine Y\u00f6nelik Ele\u015ftiriler<\/h3>\n<p>Cuma g\u00fcn\u00fc Trump, \u0130ran liderli\u011finden duydu\u011fu hayal k\u0131r\u0131kl\u0131\u011f\u0131n\u0131 dile getirerek, liderli\u011fi &#8220;par\u00e7alanm\u0131\u015f&#8221; olarak nitelendirdi. &#8220;\u00c7ok kopuk bir liderlik var,&#8221; diyen Trump, &#8220;Hepsi bir anla\u015fma yapmak istiyor, ama hepsi karmakar\u0131\u015f\u0131k,&#8221; ifadelerini kulland\u0131. Per\u015fembe g\u00fcn\u00fc ABD Merkez Komutanl\u0131\u011f\u0131 (CENTCOM) ba\u015fkan\u0131 Amiral Brad Cooper ile yapt\u0131\u011f\u0131 brifikte, ABD&#8217;nin \u0130ran konusunda sadece iki se\u00e7ene\u011fi oldu\u011funu s\u00f6yledi\u011fini aktard\u0131:<\/p>\n<ul>\n<li>&#8220;Gidip onlar\u0131 cehenneme mi \u00e7evirelim ve sonsuza dek bitirelim mi?&#8221;<\/li>\n<li>&#8220;Yoksa bir anla\u015fma yapmaya m\u0131 \u00e7al\u0131\u015fal\u0131m?&#8221;<\/li>\n<\/ul>\n<p>Trump, \u0130ran liderli\u011finin bir \u00e7\u00f6z\u00fcm etraf\u0131nda birle\u015fme konusunda baz\u0131 ilerlemeler kaydetti\u011fine inand\u0131\u011f\u0131n\u0131 belirtse de, &#8220;Ad\u0131mlar att\u0131lar, ama oraya var\u0131p varamayacaklar\u0131ndan emin de\u011filim. B\u00fcy\u00fck bir anla\u015fmazl\u0131k var, \u0130ran&#8217;da birbirleriyle anla\u015fmakta b\u00fcy\u00fck sorun ya\u015f\u0131yorlar,&#8221; \u015feklinde konu\u015ftu.<\/p>\n<h3>\u0130ran&#8217;dan Yo\u011fun Diplomatik \u00c7abalar<\/h3>\n<p>\u0130ran D\u0131\u015fi\u015fleri Bakan\u0131 Abbas Araghchi, sosyal medya hesab\u0131ndan yap\u0131lan a\u00e7\u0131klamaya g\u00f6re, Cuma g\u00fcn\u00fc T\u00fcrkiye, M\u0131s\u0131r, Katar, Suudi Arabistan, Irak ve Azerbaycan&#8217;dan bir\u00e7ok b\u00f6lgesel mevkida\u015f\u0131yla yo\u011fun telefon g\u00f6r\u00fc\u015fmeleri yaparak, \u00fclkesinin sava\u015f\u0131 sona erdirme y\u00f6n\u00fcndeki son giri\u015fimleri hakk\u0131nda bilgi verdi. Avrupa Birli\u011fi d\u0131\u015f politika \u015fefi Kaja Kallas da Cuma g\u00fcn\u00fc Araghchi ile telefonla g\u00f6r\u00fc\u015ft\u00fc. Kallas&#8217;\u0131n ofisinden yap\u0131lan a\u00e7\u0131klamada, H\u00fcrm\u00fcz Bo\u011faz\u0131&#8217;n\u0131 yeniden a\u00e7maya y\u00f6nelik devam eden diplomatik \u00e7abalar\u0131 ve uzun vadeli g\u00fcvenlik d\u00fczenlemelerini ele ald\u0131klar\u0131 belirtildi. Kallas ayr\u0131ca AB&#8217;nin K\u00f6rfez&#8217;deki ortaklar\u0131yla da temas halinde.<\/p>\n<p>Pakistanl\u0131 yetkililer, \u0130ran ile ABD aras\u0131ndaki gerilimi azaltma \u00e7abalar\u0131n\u0131n devam etti\u011fini bildirdi. Pakistan Ba\u015fbakan\u0131 \u015eehbaz \u015eerif \u00c7ar\u015famba g\u00fcn\u00fc yapt\u0131\u011f\u0131 kabine toplant\u0131s\u0131nda, \u0130ran&#8217;dan hala bir yan\u0131t beklendi\u011fini s\u00f6yledi.<\/p>\n<h3>B\u00f6lgedeki Son Geli\u015fmeler ve Kay\u0131plar<\/h3>\n<p>Bu haftan\u0131n ba\u015flar\u0131nda Trump, Axios&#8217;a yapt\u0131\u011f\u0131 a\u00e7\u0131klamada, ABD donanmas\u0131n\u0131n \u0130ran limanlar\u0131na uygulad\u0131\u011f\u0131 ablukay\u0131 kald\u0131rmas\u0131 kar\u015f\u0131l\u0131\u011f\u0131nda bo\u011faz\u0131n yeniden a\u00e7\u0131lmas\u0131na y\u00f6nelik \u0130ran&#8217;\u0131n teklifini reddetti\u011fini s\u00f6ylemi\u015fti. \u0130ki b\u00f6lgesel yetkili, \u0130ran&#8217;\u0131n teklifinin \u00fclkenin n\u00fckleer program\u0131 \u00fczerindeki m\u00fczakereleri daha ileri bir tarihe erteleyece\u011fini belirtmi\u015fti. Trump&#8217;\u0131n sava\u015fa gitmesinin ba\u015fl\u0131ca nedenlerinden birinin, \u0130ran&#8217;\u0131n n\u00fckleer silah geli\u015ftirme yetene\u011fini engellemek oldu\u011funu s\u00f6yledi\u011fi biliniyor.<\/p>\n<p>IRNA ve di\u011fer \u0130ran medyas\u0131 Cuma g\u00fcn\u00fc, \u0130ran&#8217;a kar\u015f\u0131 sava\u015f s\u0131ras\u0131ndaki sald\u0131r\u0131lardan kalan bombalar\u0131n patlamas\u0131 sonucu 14 Devrim Muhaf\u0131zlar\u0131 \u00fcyesinin hayat\u0131n\u0131 kaybetti\u011fini bildirdi. \u0130ran&#8217;\u0131n g\u00fcvenlik birimlerine yak\u0131n oldu\u011fu d\u00fc\u015f\u00fcn\u00fclen Nournews web sitesinin bir raporunda, patlaman\u0131n Tahran&#8217;\u0131n kuzeybat\u0131s\u0131ndaki Zencan \u015fehrinin yak\u0131nlar\u0131nda meydana geldi\u011fi belirtildi. Bu, 7 Nisan&#8217;da ate\u015fkesin ba\u015flamas\u0131ndan bu yana hayat\u0131n\u0131 kaybeden en y\u00fcksek Devrim Muhaf\u0131zlar\u0131 \u00fcyesi say\u0131s\u0131yd\u0131. Raporda, m\u00fchimmat\u0131n \u00e7at\u0131\u015fmalar s\u0131ras\u0131nda at\u0131lan misket bombalar\u0131 ve hava may\u0131nlar\u0131n\u0131 i\u00e7erdi\u011fi belirtildi.<\/p>\n<p>Yetkililere g\u00f6re, 28 \u015eubat&#8217;ta sava\u015f\u0131n ba\u015flamas\u0131ndan bu yana \u0130ran&#8217;da en az 3.375 ki\u015fi, sava\u015f\u0131n ba\u015flamas\u0131ndan iki g\u00fcn sonra \u0130srail ile \u0130ran destekli militan grup Hizbullah aras\u0131nda yeni \u00e7at\u0131\u015fmalar\u0131n \u00e7\u0131kt\u0131\u011f\u0131 L\u00fcbnan&#8217;da ise 2.600&#8217;den fazla ki\u015fi hayat\u0131n\u0131 kaybetti. Ayr\u0131ca, \u0130srail&#8217;de 24 ki\u015fi ve K\u00f6rfez Arap \u00fclkelerinde 20&#8217;den fazla ki\u015fi ya\u015fam\u0131n\u0131 yitirdi. L\u00fcbnan&#8217;da on yedi \u0130srail askeri ve b\u00f6lge genelinde on \u00fc\u00e7 ABD askeri personelinin \u00f6ld\u00fcr\u00fcld\u00fc\u011f\u00fc bildirildi.<\/p>\n<h3>Narges Mohammadi&#8217;nin Sa\u011fl\u0131k Durumu<\/h3>\n<p>Bu arada, \u0130ran&#8217;\u0131n tutuklu Nobel Bar\u0131\u015f \u00d6d\u00fcl\u00fc sahibi Narges Mohammadi&#8217;nin sa\u011fl\u0131\u011f\u0131nda &#8220;felaket bir k\u00f6t\u00fcle\u015fme&#8221; ya\u015fanmas\u0131n\u0131n ard\u0131ndan Cuma g\u00fcn\u00fc acilen cezaevinden kuzeybat\u0131 \u0130ran&#8217;daki bir hastaneye sevk edildi\u011fi, vakf\u0131 taraf\u0131ndan a\u00e7\u0131kland\u0131. Narges Mohammadi Vakf\u0131, Nobel \u00f6d\u00fcll\u00fc ismin iki kez tamamen bilin\u00e7 kayb\u0131 ya\u015fad\u0131\u011f\u0131n\u0131 ve ciddi bir kalp krizi ge\u00e7irdi\u011fini belirtti. Olaydan birka\u00e7 g\u00fcn sonra kendisini ziyaret eden avukatlar\u0131na g\u00f6re, Mart sonunda kalp krizi ge\u00e7irdi\u011fine inan\u0131l\u0131yor. Vak\u0131f, hastaneye sevk i\u015fleminin, 12 Aral\u0131k&#8217;taki tutuklanmas\u0131ndan bu yana &#8220;140 g\u00fcnl\u00fck sistematik t\u0131bbi ihmalin ard\u0131ndan&#8221; ger\u00e7ekle\u015fti\u011fini ifade etti.<\/p>\n<p>#\u0130ran #ABD #Trump #H\u00fcrm\u00fczBo\u011faz\u0131 #Diplomasi #Ate\u015fkes #DevrimMuhaf\u0131zlar\u0131 #Ortado\u011fu #N\u00fckleerProgram #Gerilim<\/p>\n","protected":false},"excerpt":{"rendered":"<p>Trump&#8217;tan \u0130ran&#8217;\u0131n Bar\u0131\u015f Teklifine Ret: Gerilim T\u0131rman\u0131yor Amerika Birle\u015fik Devletleri Ba\u015fkan\u0131 Donald Trump, \u0130ran&#8217;\u0131n iki \u00fclke aras\u0131ndaki sava\u015f\u0131 sona erdirmeye y\u00f6nelik m\u00fczakerelerdeki son teklifinden &#8216;memnun olmad\u0131\u011f\u0131n\u0131&#8217; belirterek, plan\u0131 teslim edildi\u011fi anda neredeyse reddetti\u011fini a\u00e7\u0131klad\u0131. Bu geli\u015fme, b\u00f6lgedeki gerilimi daha da art\u0131rma potansiyeli ta\u015f\u0131yor. \u0130ran&#8217;\u0131n resmi haber ajans\u0131 IRNA&#8217;n\u0131n bildirdi\u011fine g\u00f6re, \u0130ran, m\u00fczakereler i\u00e7in son teklifini [&hellip;]<\/p>\n","protected":false},"author":2,"featured_media":16140,"comment_status":"open","ping_status":"open","sticky":false,"template":"","format":"standard","meta":{"footnotes":""},"categories":[31],"tags":[],"class_list":["post-16139","post","type-post","status-publish","format-standard","has-post-thumbnail","hentry","category-iran-haberleri"],"_links":{"self":[{"href":"https:\/\/fajr.news\/index.php?rest_route=\/wp\/v2\/posts\/16139","targetHints":{"allow":["GET"]}}],"collection":[{"href":"https:\/\/fajr.news\/index.php?rest_route=\/wp\/v2\/posts"}],"about":[{"href":"https:\/\/fajr.news\/index.php?rest_route=\/wp\/v2\/types\/post"}],"author":[{"embeddable":true,"href":"https:\/\/fajr.news\/index.php?rest_route=\/wp\/v2\/users\/2"}],"replies":[{"embeddable":true,"href":"https:\/\/fajr.news\/index.php?rest_route=%2Fwp%2Fv2%2Fcomments&post=16139"}],"version-history":[{"count":0,"href":"https:\/\/fajr.news\/index.php?rest_route=\/wp\/v2\/posts\/16139\/revisions"}],"wp:featuredmedia":[{"embeddable":true,"href":"https:\/\/fajr.news\/index.php?rest_route=\/wp\/v2\/media\/16140"}],"wp:attachment":[{"href":"https:\/\/fajr.news\/index.php?rest_route=%2Fwp%2Fv2%2Fmedia&parent=16139"}],"wp:term":[{"taxonomy":"category","embeddable":true,"href":"https:\/\/fajr.news\/index.php?rest_route=%2Fwp%2Fv2%2Fcategories&post=16139"},{"taxonomy":"post_tag","embeddable":true,"href":"https:\/\/fajr.news\/index.php?rest_route=%2Fwp%2Fv2%2Ftags&post=16139"}],"curies":[{"name":"wp","href":"https:\/\/api.w.org\/{rel}","templated":true}]}}