{"id":16131,"date":"2026-05-03T10:00:07","date_gmt":"2026-05-03T06:30:07","guid":{"rendered":"https:\/\/fajr.news\/?p=16131"},"modified":"2026-05-03T10:00:07","modified_gmt":"2026-05-03T06:30:07","slug":"orta-dogu-canli-1-mayis-gida-yakit-ve-yardim-sistemleri-uzerindeki-baski-artarak-devam-ediyor","status":"publish","type":"post","link":"https:\/\/fajr.news\/?p=16131&lang=tr","title":{"rendered":"ORTA DO\u011eU CANLI 1 MAYIS: G\u0131da, Yak\u0131t ve Yard\u0131m Sistemleri \u00dczerindeki Bask\u0131 Artarak Devam Ediyor"},"content":{"rendered":"<h1>ORTA DO\u011eU CANLI 1 MAYIS: G\u0131da, Yak\u0131t ve Yard\u0131m Sistemleri \u00dczerindeki Bask\u0131 Artarak Devam Ediyor<\/h1>\n<p><strong>1 May\u0131s 2026, Bar\u0131\u015f ve G\u00fcvenlik<\/strong><\/p>\n<p>Orta Do\u011fu&#8217;daki kriz derinle\u015ftik\u00e7e, d\u00fcnya genelinde g\u0131da, yak\u0131t ve yard\u0131m sistemleri \u00fczerindeki bask\u0131 her ge\u00e7en g\u00fcn artmaktad\u0131r. Y\u00fckselen petrol fiyatlar\u0131, tedarik zincirlerindeki aksakl\u0131klar ve artan nakliye maliyetleri, insani yard\u0131m operasyonlar\u0131n\u0131 ve temel mallara eri\u015fimi b\u00f6lgenin \u00e7ok \u00f6tesinde olumsuz etkilemektedir. Bu Cuma g\u00fcn\u00fc canl\u0131 g\u00fcncellemeler i\u00e7in bizimle kal\u0131n.<\/p>\n<h2><span style=\"color: #c0392b\">\u00d6ne \u00c7\u0131kan Ba\u015fl\u0131klar<\/span><\/h2>\n<ul>\n<li><strong>BM Genel Sekreteri K\u00fcresel Yans\u0131malar Konusunda Uyar\u0131yor:<\/strong> Birle\u015fmi\u015f Milletler Genel Sekreteri, Per\u015fembe g\u00fcn\u00fc New York&#8217;ta yapt\u0131\u011f\u0131 a\u00e7\u0131klamada, H\u00fcrm\u00fcz Bo\u011faz\u0131&#8217;ndaki aksakl\u0131klar\u0131n a\u00e7l\u0131\u011f\u0131, yoksullu\u011fu ve enflasyonu daha da t\u0131rmand\u0131rabilece\u011fi konusunda ciddi uyar\u0131larda bulundu.<\/li>\n<li><strong>Yard\u0131m Operasyonlar\u0131 B\u00fcy\u00fck Bask\u0131 Alt\u0131nda:<\/strong> UNHCR, krizle ba\u011flant\u0131l\u0131 olarak artan yak\u0131t ve nakliye maliyetlerinin, Orta Do\u011fu&#8217;nun \u00e7ok \u00f6tesinde teslimatlar\u0131 geciktirdi\u011fini ve maliyetleri y\u00fckseltti\u011fini belirtiyor.<\/li>\n<li><strong>Deniz Ta\u015f\u0131mac\u0131l\u0131\u011f\u0131na Y\u00f6nelik Sald\u0131r\u0131lar \u00c7evresel Riskleri Art\u0131r\u0131yor:<\/strong> IMO \u00fcyesi devletler, H\u00fcrm\u00fcz Bo\u011faz\u0131&#8217;ndaki gemilere y\u00f6nelik sald\u0131r\u0131lar\u0131 k\u0131nayarak, potansiyel b\u00fcy\u00fck \u00f6l\u00e7ekli deniz kirlili\u011fi ve ekosistemlere uzun vadeli zarar verme riskine dikkat \u00e7ekti.<\/li>\n<\/ul>\n<p><em>Yap\u0131m Ekibi: Vibhu Mishra, Matt Wells, Ana Carmo<\/em><\/p>\n<h3><span style=\"color: #27ae60\">Gazze&#8217;de Sivil Katliam Devam Ediyor<\/span><\/h3>\n<p>Birle\u015fmi\u015f Milletler insani yard\u0131m koordinasyon ofisi OCHA, Gazze&#8217;de devam eden silahl\u0131 sald\u0131r\u0131lar\u0131n ve hava operasyonlar\u0131n\u0131n sivil yerle\u015fim b\u00f6lgelerini hedef almaya devam etti\u011fini ve masum can kay\u0131plar\u0131na yol a\u00e7t\u0131\u011f\u0131n\u0131 rapor etti. Cebaliye Kamp\u0131&#8217;nda yerinden edilmi\u015f ailelere s\u0131\u011f\u0131nak sa\u011flayan bir BM okulu dahi silahl\u0131 sald\u0131r\u0131ya u\u011frad\u0131 ve iki ki\u015fi yaraland\u0131.<\/p>\n<p>BM Genel Sekreter Yard\u0131mc\u0131s\u0131 Farhan Haq, New York&#8217;ta gazetecilere yapt\u0131\u011f\u0131 a\u00e7\u0131klamada, &#8220;OCHA, uluslararas\u0131 insanc\u0131l hukuka g\u00f6re sivillerin ve sivil altyap\u0131n\u0131n korunmas\u0131 gerekti\u011fini bir kez daha yineliyor,&#8221; ifadelerini kulland\u0131. Ancak bu \u00e7a\u011fr\u0131lar, i\u015fgalci g\u00fc\u00e7lerin zulm\u00fcn\u00fc durdurmaya yetmiyor.<\/p>\n<p>Bu arada, ku\u015fatma alt\u0131ndaki Gazze \u015eeridi&#8217;ndeki \u00e7o\u011fu kanalizasyon pompa istasyonu \u00e7al\u0131\u015fm\u0131yor. Her g\u00fcn yakla\u015f\u0131k 40.000 metrek\u00fcp ar\u0131t\u0131lmam\u0131\u015f at\u0131k, yo\u011fun n\u00fcfuslu b\u00f6lgelere akarak halk sa\u011fl\u0131\u011f\u0131n\u0131 tehdit ediyor. Jenerat\u00f6rler ve yedek par\u00e7alar gibi temel malzemelere getirilen k\u0131s\u0131tlamalar, onar\u0131m \u00e7abalar\u0131n\u0131 engelliyor ve insani krizi daha da derinle\u015ftiriyor.<\/p>\n<h3><span style=\"color: #e67e22\">Bat\u0131 \u015eeria&#8217;da Zorla Tahliyeler ve \u0130\u015fgal Zulm\u00fc<\/span><\/h3>\n<p>Bat\u0131 \u015eeria&#8217;da, Siyonist rejim yetkilileri, Do\u011fu Kud\u00fcs&#8217;\u00fcn Batn el-Hava b\u00f6lgesindeki yedi aileye nihai tahliye tebligatlar\u0131 g\u00f6nderdi. Bu durum, yar\u0131s\u0131 \u00e7ocuk olmak \u00fczere 40&#8217;tan fazla ki\u015fiyi yerinden edilme riskiyle kar\u015f\u0131 kar\u015f\u0131ya b\u0131rak\u0131yor.<\/p>\n<p>2026 y\u0131l\u0131 ba\u015f\u0131ndan bu yana, bu mahalleden 30&#8217;u \u00e7ocuk olmak \u00fczere 17 aile zorla tahliye edildi. Bu insanl\u0131k d\u0131\u015f\u0131 uygulamalar, Filistin halk\u0131n\u0131n topraklar\u0131ndan kopar\u0131lma \u00e7abalar\u0131n\u0131n ac\u0131 bir g\u00f6stergesidir.<\/p>\n<p>Farhan Haq, &#8220;OCHA bir kez daha sivillerin korunmas\u0131 \u00e7a\u011fr\u0131s\u0131nda bulunuyor. Tahliyeler, y\u0131k\u0131mlar ve \u015fiddet; ciddi fiziksel, sosyal, ekonomik ve duygusal etkilere sahip olup, insani ihtiya\u00e7lar\u0131 daha da derinle\u015ftirmektedir,&#8221; diye ekledi. Bu s\u00f6zler, i\u015fgalin yaratt\u0131\u011f\u0131 y\u0131k\u0131m\u0131 g\u00f6zler \u00f6n\u00fcne seriyor.<\/p>\n<h3><span style=\"color: #3498db\">Sa\u011fl\u0131k Sistemleri \u00c7\u00f6k\u00fc\u015f\u00fcn E\u015fi\u011finde<\/span><\/h3>\n<p>D\u00fcnya Sa\u011fl\u0131k \u00d6rg\u00fct\u00fc (WHO), \u00e7at\u0131\u015fmalar\u0131n t\u0131rmanmas\u0131ndan bu yana 3 milyon dolardan fazla sa\u011fl\u0131k malzemesi ula\u015ft\u0131rd\u0131\u011f\u0131n\u0131 ve bu yard\u0131mlar\u0131n Gazze (M\u0131s\u0131r \u00fczerinden) ve Afganistan&#8217;da kara ve hava operasyonlar\u0131 arac\u0131l\u0131\u011f\u0131yla tahmini yedi milyon ki\u015fiye ula\u015ft\u0131\u011f\u0131n\u0131 bildirdi.<\/p>\n<p>Ajans, kronik rahats\u0131zl\u0131\u011f\u0131 olanlar da dahil olmak \u00fczere ek de\u011ferlendirmeler yapmaya devam ederken, sa\u011fl\u0131k hizmetlerine y\u00f6nelik sald\u0131r\u0131lar\u0131 takip ediyor ve acil deste\u011fe ihtiya\u00e7 duyan alanlar\u0131 belirliyor. WHO ayr\u0131ca, krizin uzun vadeli k\u00fcresel sa\u011fl\u0131k etkilerini de\u011ferlendirmeye ba\u015fl\u0131yor ve sa\u011fl\u0131k sistemleri \u00fczerindeki bask\u0131lar\u0131n yay\u0131ld\u0131\u011f\u0131 konusunda uyar\u0131yor.<\/p>\n<p>BM Proje Hizmetleri Ofisi (UNOPS) ba\u015fkan\u0131, g\u00fcbre ve ilgili ham maddelerin ge\u00e7i\u015fini kolayla\u015ft\u0131racak bir mekanizma \u00fczerine g\u00f6r\u00fc\u015fmeleri ilerletmek \u00fczere \u00f6n\u00fcm\u00fczdeki g\u00fcnlerde Orta Do\u011fu&#8217;ya seyahat edecek. Bu \u00e7aba, k\u00fcresel tedarik zincirlerindeki mevcut aksakl\u0131klar aras\u0131nda, \u00f6zellikle Afrika ve Asya&#8217;da daha geni\u015f bir g\u0131da g\u00fcvenli\u011fi krizini \u00f6nlemeyi ama\u00e7l\u0131yor.<\/p>\n<h3><span style=\"color: #9b59b6\">H\u00fcrm\u00fcz Bo\u011faz\u0131&#8217;ndaki Aksakl\u0131klar\u0131n K\u00fcresel Etkileri<\/span><\/h3>\n<p>Cenevre merkezli BM ticaret ve kalk\u0131nma kurulu\u015fu UNCTAD, H\u00fcrm\u00fcz Bo\u011faz\u0131&#8217;ndaki aksakl\u0131klar\u0131n k\u00fcresel etkilerini izlemek i\u00e7in bir g\u00f6sterge paneli geli\u015ftirdi. Bu platform, deniz ta\u015f\u0131mac\u0131l\u0131\u011f\u0131, enerji, g\u0131da ve finans piyasalar\u0131ndaki d\u00fczenli olarak g\u00fcncellenen g\u00f6stergeleri derleyerek, kullan\u0131c\u0131lar\u0131n \u015foklar\u0131n nas\u0131l geli\u015fti\u011fini izlemesine olanak tan\u0131yor.<\/p>\n<p>UNCTAD g\u00f6sterge paneli (28 Nisan itibar\u0131yla veriler), farkl\u0131 bask\u0131lar\u0131n nas\u0131l etkile\u015fime girdi\u011fini vurgulamak i\u00e7in tasarland\u0131; \u00f6rne\u011fin, daha y\u00fcksek enerji ve nakliye maliyetlerinin g\u0131da fiyatlar\u0131na ve \u00f6zellikle k\u0131r\u0131lgan ekonomilerde finansal gerilime nas\u0131l yol a\u00e7abilece\u011fi g\u00f6steriliyor.<\/p>\n<h3><span style=\"color: #f1c40f\">L\u00fcbnan ve \u0130ran&#8217;daki Sa\u011fl\u0131k Sistemleri Bask\u0131 Alt\u0131nda<\/span><\/h3>\n<p>D\u00fcnya Sa\u011fl\u0131k \u00d6rg\u00fct\u00fc, devam eden ate\u015fkes d\u00fczenlemelerine ra\u011fmen hem L\u00fcbnan hem de \u0130ran&#8217;daki sa\u011fl\u0131k sistemlerinin bask\u0131 alt\u0131nda kalmaya devam etti\u011fini belirtiyor.<\/p>\n<p>L\u00fcbnan&#8217;da bir\u00e7ok sa\u011fl\u0131k tesisi kapal\u0131 kalmaya devam ediyor ve eri\u015fim k\u0131s\u0131tlamalar\u0131 bak\u0131m\u0131 aksat\u0131yor, ancak t\u0131bbi malzeme tedariki \u015fu anda istikrarl\u0131. \u0130ran&#8217;da ise ila\u00e7 ve malzeme s\u0131k\u0131nt\u0131lar\u0131 sa\u011fl\u0131k hizmetlerini etkiliyor ve do\u011frudan \u00e7at\u0131\u015fma b\u00f6lgelerinin \u00f6tesinde daha geni\u015f etkiler ortaya \u00e7\u0131k\u0131yor. WHO, temel ve anne sa\u011fl\u0131\u011f\u0131 hizmetlerindeki aksakl\u0131klar\u0131n, \u00f6zellikle kad\u0131nlar ve \u00e7ocuklar i\u00e7in ciddi sonu\u00e7lar do\u011furabilece\u011fi konusunda uyar\u0131yor.<\/p>\n<p>BM D\u00fcnya Sa\u011fl\u0131k \u00d6rg\u00fct\u00fc (WHO), devam eden ate\u015fkes d\u00fczenlemelerine ra\u011fmen Orta Do\u011fu genelindeki sa\u011fl\u0131k durumunun k\u0131r\u0131lganl\u0131\u011f\u0131n\u0131 korudu\u011funu, sivilleri ve bak\u0131ma eri\u015fimi etkileyen t\u0131rmanma risklerinin devam etti\u011fini belirtiyor.<\/p>\n<p>Sa\u011fl\u0131k sistemleri, ila\u00e7 s\u0131k\u0131nt\u0131lar\u0131 ve aksayan hizmetler nedeniyle bask\u0131 alt\u0131nda. Temel ve anne sa\u011fl\u0131\u011f\u0131 hizmetlerinin kapanmas\u0131, \u00f6zellikle kad\u0131nlar ve \u00e7ocuklar i\u00e7in ciddi riskler olu\u015fturuyor. WHO, yerinden edilmeleri ve sa\u011fl\u0131k sistemi \u00fczerindeki bask\u0131lar\u0131 yak\u0131ndan izlerken, koordinasyon, risk de\u011ferlendirmesi ve savunmas\u0131z n\u00fcfuslara destek sa\u011flamay\u0131 \u00f6nceliklendiriyor.<\/p>\n<p><strong>#Filistin #Gazze #\u0130\u015fgal #Zul\u00fcm #\u0130nsaniKriz #OrtaDo\u011fu #BM #Sa\u011fl\u0131kSistemi #H\u00fcrm\u00fczBo\u011faz\u0131 #Bat\u0131\u015eeria<\/strong><\/p>\n","protected":false},"excerpt":{"rendered":"<p>ORTA DO\u011eU CANLI 1 MAYIS: G\u0131da, Yak\u0131t ve Yard\u0131m Sistemleri \u00dczerindeki Bask\u0131 Artarak Devam Ediyor 1 May\u0131s 2026, Bar\u0131\u015f ve G\u00fcvenlik Orta Do\u011fu&#8217;daki kriz derinle\u015ftik\u00e7e, d\u00fcnya genelinde g\u0131da, yak\u0131t ve yard\u0131m sistemleri \u00fczerindeki bask\u0131 her ge\u00e7en g\u00fcn artmaktad\u0131r. Y\u00fckselen petrol fiyatlar\u0131, tedarik zincirlerindeki aksakl\u0131klar ve artan nakliye maliyetleri, insani yard\u0131m operasyonlar\u0131n\u0131 ve temel mallara eri\u015fimi [&hellip;]<\/p>\n","protected":false},"author":2,"featured_media":16132,"comment_status":"open","ping_status":"open","sticky":false,"template":"","format":"standard","meta":{"footnotes":""},"categories":[37],"tags":[],"class_list":["post-16131","post","type-post","status-publish","format-standard","has-post-thumbnail","hentry","category-orta-dogu-haberleri"],"_links":{"self":[{"href":"https:\/\/fajr.news\/index.php?rest_route=\/wp\/v2\/posts\/16131","targetHints":{"allow":["GET"]}}],"collection":[{"href":"https:\/\/fajr.news\/index.php?rest_route=\/wp\/v2\/posts"}],"about":[{"href":"https:\/\/fajr.news\/index.php?rest_route=\/wp\/v2\/types\/post"}],"author":[{"embeddable":true,"href":"https:\/\/fajr.news\/index.php?rest_route=\/wp\/v2\/users\/2"}],"replies":[{"embeddable":true,"href":"https:\/\/fajr.news\/index.php?rest_route=%2Fwp%2Fv2%2Fcomments&post=16131"}],"version-history":[{"count":0,"href":"https:\/\/fajr.news\/index.php?rest_route=\/wp\/v2\/posts\/16131\/revisions"}],"wp:featuredmedia":[{"embeddable":true,"href":"https:\/\/fajr.news\/index.php?rest_route=\/wp\/v2\/media\/16132"}],"wp:attachment":[{"href":"https:\/\/fajr.news\/index.php?rest_route=%2Fwp%2Fv2%2Fmedia&parent=16131"}],"wp:term":[{"taxonomy":"category","embeddable":true,"href":"https:\/\/fajr.news\/index.php?rest_route=%2Fwp%2Fv2%2Fcategories&post=16131"},{"taxonomy":"post_tag","embeddable":true,"href":"https:\/\/fajr.news\/index.php?rest_route=%2Fwp%2Fv2%2Ftags&post=16131"}],"curies":[{"name":"wp","href":"https:\/\/api.w.org\/{rel}","templated":true}]}}