{"id":16107,"date":"2026-05-03T09:09:50","date_gmt":"2026-05-03T05:39:50","guid":{"rendered":"https:\/\/fajr.news\/?p=16107"},"modified":"2026-05-03T09:09:50","modified_gmt":"2026-05-03T05:39:50","slug":"orta-dogu-ulkeleri-hurmuzu-baypas-etmek-icin-yeni-lojistik-koridoruyla-ulasim-direncini-hedefliyor","status":"publish","type":"post","link":"https:\/\/fajr.news\/?p=16107&lang=tr","title":{"rendered":"Orta Do\u011fu \u00dclkeleri, H\u00fcrm\u00fcz&#8217;\u00fc Baypas Etmek \u0130\u00e7in Yeni Lojistik Koridoruyla Ula\u015f\u0131m Direncini Hedefliyor"},"content":{"rendered":"<p>Suudi Arabistan, T\u00fcrkiye ve BAE, Hint Okyanusu&#8217;nu Akdeniz&#8217;e ba\u011flayan \u00e7oklu d\u00fc\u011f\u00fcmlere sahip yeni bir ticaret mimarisi i\u00e7in \u00e7abalara \u00f6nc\u00fcl\u00fck ediyor. Orta Do\u011fu h\u00fck\u00fcmetleri, H\u00fcrm\u00fcz Bo\u011faz\u0131 ve K\u0131z\u0131ldeniz \u00fczerinden yap\u0131lan b\u00fcy\u00fck deniz ticaretindeki sava\u015f zaman\u0131 aksakl\u0131klar\u0131na gecikmi\u015f bir yan\u0131t olarak, onlarca y\u0131ll\u0131k kara petrol ve gaz boru hatt\u0131 \u00f6nerilerini yeniden g\u00fcndeme getiriyor ve acilen yeni demiryolu-deniz ta\u015f\u0131mac\u0131l\u0131\u011f\u0131 koridorlar\u0131 i\u00e7in planlar haz\u0131rl\u0131yor. ABD-\u0130srail ittifak\u0131 ile \u0130ran liderli\u011findeki Direni\u015f Ekseni aras\u0131ndaki \u00e7ok cepheli \u00e7at\u0131\u015fma sona erdikten sonra bile bu \u00f6nemli nakliye hatlar\u0131na ve ekonomik altyap\u0131ya y\u00f6nelik tehditlerin devam etmesi beklenirken, b\u00f6lgedeki di\u011fer h\u00fck\u00fcmetler \u2013 Suudi Arabistan, T\u00fcrkiye ve Birle\u015fik Arap Emirlikleri liderli\u011finde \u2013 Hint Okyanusu&#8217;nu Akdeniz&#8217;e ba\u011flayan \u00e7oklu d\u00fc\u011f\u00fcmlere sahip yeni bir ticaret mimarisi in\u015fa etmeyi hedefliyor. Bu yeni projeler, analistlerin Orta Do\u011fu lojisti\u011finde &#8220;yap\u0131sal bir de\u011fi\u015fim&#8221; olarak tan\u0131mlad\u0131\u011f\u0131, b\u00f6lgenin Basra K\u00f6rfezi&#8217;ndeki yerle\u015fik ancak savunmas\u0131z altyap\u0131s\u0131na olan ba\u011f\u0131ml\u0131l\u0131ktan uzakla\u015fmay\u0131 yans\u0131t\u0131yor. Paris merkezli Orta Do\u011fu odakl\u0131 jeoekonomik dan\u0131\u015fmanl\u0131k \u015firketi PoliSphere Advisory&#8217;nin kurucusu Robert Mogielnicki, &#8220;Sonunda yerle\u015fik altyap\u0131y\u0131 kullanmaya geri d\u00f6n\u00fclecek, ancak bu, bu arada ba\u015flayan yap\u0131sal de\u011fi\u015fimleri tamamen durdurmayacakt\u0131r&#8221; dedi. Ticari kargolar i\u00e7in \u00f6nerilen alternatif rotalar, Basra K\u00f6rfezi d\u0131\u015f\u0131ndaki BAE ve Umman limanlar\u0131ndan ba\u015flayarak, Suudi Arabistan \u00fczerinden demiryoluyla \u00dcrd\u00fcn&#8217;e ve oradan da M\u0131s\u0131r&#8217;\u0131n S\u00fcvey\u015f Kanal\u0131 veya Suriye&#8217;nin Lazkiye ve Tartus limanlar\u0131 \u00fczerinden devam edecek.<br \/>\n#OrtaDo\u011fuLojistik<br \/>\n#H\u00fcrm\u00fczBo\u011faz\u0131<br \/>\n#TicaretKoridoru<br \/>\n#SuudiArabistan<br \/>\n#T\u00fcrkiye<br \/>\n#BAE<br \/>\n#K\u0131z\u0131ldeniz<br \/>\n#DemiryoluDenizYolu<br \/>\n#S\u00fcvey\u015fKanal\u0131<br \/>\n#Jeoekonomi<\/p>\n","protected":false},"excerpt":{"rendered":"<p>Suudi Arabistan, T\u00fcrkiye ve BAE, Hint Okyanusu&#8217;nu Akdeniz&#8217;e ba\u011flayan \u00e7oklu d\u00fc\u011f\u00fcmlere sahip yeni bir ticaret mimarisi i\u00e7in \u00e7abalara \u00f6nc\u00fcl\u00fck ediyor. Orta Do\u011fu h\u00fck\u00fcmetleri, H\u00fcrm\u00fcz Bo\u011faz\u0131 ve K\u0131z\u0131ldeniz \u00fczerinden yap\u0131lan b\u00fcy\u00fck deniz ticaretindeki sava\u015f zaman\u0131 aksakl\u0131klar\u0131na gecikmi\u015f bir yan\u0131t olarak, onlarca y\u0131ll\u0131k kara petrol ve gaz boru hatt\u0131 \u00f6nerilerini yeniden g\u00fcndeme getiriyor ve acilen yeni demiryolu-deniz [&hellip;]<\/p>\n","protected":false},"author":2,"featured_media":16108,"comment_status":"open","ping_status":"open","sticky":false,"template":"","format":"standard","meta":{"footnotes":""},"categories":[37],"tags":[],"class_list":["post-16107","post","type-post","status-publish","format-standard","has-post-thumbnail","hentry","category-orta-dogu-haberleri"],"_links":{"self":[{"href":"https:\/\/fajr.news\/index.php?rest_route=\/wp\/v2\/posts\/16107","targetHints":{"allow":["GET"]}}],"collection":[{"href":"https:\/\/fajr.news\/index.php?rest_route=\/wp\/v2\/posts"}],"about":[{"href":"https:\/\/fajr.news\/index.php?rest_route=\/wp\/v2\/types\/post"}],"author":[{"embeddable":true,"href":"https:\/\/fajr.news\/index.php?rest_route=\/wp\/v2\/users\/2"}],"replies":[{"embeddable":true,"href":"https:\/\/fajr.news\/index.php?rest_route=%2Fwp%2Fv2%2Fcomments&post=16107"}],"version-history":[{"count":0,"href":"https:\/\/fajr.news\/index.php?rest_route=\/wp\/v2\/posts\/16107\/revisions"}],"wp:featuredmedia":[{"embeddable":true,"href":"https:\/\/fajr.news\/index.php?rest_route=\/wp\/v2\/media\/16108"}],"wp:attachment":[{"href":"https:\/\/fajr.news\/index.php?rest_route=%2Fwp%2Fv2%2Fmedia&parent=16107"}],"wp:term":[{"taxonomy":"category","embeddable":true,"href":"https:\/\/fajr.news\/index.php?rest_route=%2Fwp%2Fv2%2Fcategories&post=16107"},{"taxonomy":"post_tag","embeddable":true,"href":"https:\/\/fajr.news\/index.php?rest_route=%2Fwp%2Fv2%2Ftags&post=16107"}],"curies":[{"name":"wp","href":"https:\/\/api.w.org\/{rel}","templated":true}]}}