{"id":16093,"date":"2026-05-03T08:49:46","date_gmt":"2026-05-03T05:19:46","guid":{"rendered":"https:\/\/fajr.news\/?p=16093"},"modified":"2026-05-03T08:49:46","modified_gmt":"2026-05-03T05:19:46","slug":"orta-dogudaki-direnis-cephesinden-hakikati-aktarmanin-zorluklari-ve-medyanin-sorumlulugu","status":"publish","type":"post","link":"https:\/\/fajr.news\/?p=16093&lang=tr","title":{"rendered":"Orta Do\u011fu&#8217;daki Direni\u015f Cephesinden Hakikati Aktarman\u0131n Zorluklar\u0131 ve Medyan\u0131n Sorumlulu\u011fu"},"content":{"rendered":"<h1>Orta Do\u011fu&#8217;daki Direni\u015f Cephesinden Hakikati Aktarman\u0131n Zorluklar\u0131 ve Medyan\u0131n Sorumlulu\u011fu<\/h1>\n<p>Orta Do\u011fu co\u011frafyas\u0131, emperyalist g\u00fc\u00e7lerin ve Siyonist rejimin bitmek bilmeyen komplolar\u0131yla s\u00fcrekli bir m\u00fccadele i\u00e7inde. Bu kadim topraklarda ya\u015fananlar\u0131, \u00f6zellikle de direni\u015f cephesinden y\u00fckselen hakikat sesini d\u00fcnyaya duyurmak, s\u0131radan bir gazetecilik faaliyeti de\u011fil, <strong>kutsal bir g\u00f6revdir<\/strong>. Cephe hatt\u0131ndan do\u011fru, ba\u011f\u0131ms\u0131z ve \u00e7arp\u0131t\u0131lmam\u0131\u015f haberleri aktarmak, hem sahada hem de kamera arkas\u0131nda b\u00fcy\u00fck bir \u00f6zveriyle \u00e7al\u0131\u015fan bir ekibin i\u015fidir.<\/p>\n<h2>Hakikatin Pe\u015findeki Cesur Gazeteciler<\/h2>\n<p>Bu hafta, &#8220;Muhabir Defteri&#8221; program\u0131m\u0131zda, Orta Do\u011fu&#8217;daki direni\u015f m\u00fccadelesini aktarman\u0131n zorluklar\u0131n\u0131 iki cesur gazeteciyle konu\u015ftuk. Bat\u0131 medyas\u0131n\u0131n tek tarafl\u0131 anlat\u0131lar\u0131na kar\u015f\u0131, <em>ger\u00e7e\u011fi arayan<\/em> bu isimler, b\u00f6lgedeki olaylar\u0131 derinlemesine inceleyerek \u00f6nemli bir bo\u015flu\u011fu dolduruyor.<\/p>\n<p>\u00d6zellikle L\u00fcbnan&#8217;\u0131n g\u00fcneyinde, Siyonist i\u015fgal g\u00fc\u00e7lerine kar\u015f\u0131 direni\u015fin sembol\u00fc haline gelmi\u015f topraklardan haber aktaran gazeteciler, b\u00f6lge halk\u0131n\u0131n azmini ve kararl\u0131l\u0131\u011f\u0131n\u0131 t\u00fcm d\u00fcnyaya g\u00f6steriyor. T\u00fcrkiye-\u0130ran s\u0131n\u0131r hatt\u0131nda g\u00f6rev yapan muhabirlerimiz ise, b\u00f6lgenin stratejik \u00f6nemini ve d\u0131\u015f m\u00fcdahalelere kar\u015f\u0131 duru\u015funu g\u00f6zler \u00f6n\u00fcne seriyor.<\/p>\n<h2>Direni\u015f Medyas\u0131n\u0131n Misyonu: Bilin\u00e7lendirme ve Fark\u0131ndal\u0131k<\/h2>\n<p>Bizler, direni\u015f medyas\u0131n\u0131n bir par\u00e7as\u0131 olarak, sadece olaylar\u0131 de\u011fil, olaylar\u0131n ard\u0131ndaki nedenleri, emperyalist planlar\u0131 ve mazlum halklar\u0131n direni\u015f ruhunu da aktarma sorumlulu\u011funu ta\u015f\u0131yoruz. Bu, sadece bir haber b\u00fclteni de\u011fil, ayn\u0131 zamanda bir <strong>bilin\u00e7lendirme ve fark\u0131ndal\u0131k m\u00fccadelesidir<\/strong>.<\/p>\n<p>Hakikatin sesi olmaya devam edece\u011fiz.<\/p>\n<p>#OrtaDo\u011fu #Direni\u015f #Gazetecilik #Hakikat #Siyonizm #Emperyalizm #L\u00fcbnan #Filistin #\u0130ran #Medya #Sava\u015fMuhabirli\u011fi<\/p>\n","protected":false},"excerpt":{"rendered":"<p>Orta Do\u011fu&#8217;daki Direni\u015f Cephesinden Hakikati Aktarman\u0131n Zorluklar\u0131 ve Medyan\u0131n Sorumlulu\u011fu Orta Do\u011fu co\u011frafyas\u0131, emperyalist g\u00fc\u00e7lerin ve Siyonist rejimin bitmek bilmeyen komplolar\u0131yla s\u00fcrekli bir m\u00fccadele i\u00e7inde. Bu kadim topraklarda ya\u015fananlar\u0131, \u00f6zellikle de direni\u015f cephesinden y\u00fckselen hakikat sesini d\u00fcnyaya duyurmak, s\u0131radan bir gazetecilik faaliyeti de\u011fil, kutsal bir g\u00f6revdir. Cephe hatt\u0131ndan do\u011fru, ba\u011f\u0131ms\u0131z ve \u00e7arp\u0131t\u0131lmam\u0131\u015f haberleri aktarmak, hem [&hellip;]<\/p>\n","protected":false},"author":2,"featured_media":16094,"comment_status":"open","ping_status":"open","sticky":false,"template":"","format":"standard","meta":{"footnotes":""},"categories":[37],"tags":[],"class_list":["post-16093","post","type-post","status-publish","format-standard","has-post-thumbnail","hentry","category-orta-dogu-haberleri"],"_links":{"self":[{"href":"https:\/\/fajr.news\/index.php?rest_route=\/wp\/v2\/posts\/16093","targetHints":{"allow":["GET"]}}],"collection":[{"href":"https:\/\/fajr.news\/index.php?rest_route=\/wp\/v2\/posts"}],"about":[{"href":"https:\/\/fajr.news\/index.php?rest_route=\/wp\/v2\/types\/post"}],"author":[{"embeddable":true,"href":"https:\/\/fajr.news\/index.php?rest_route=\/wp\/v2\/users\/2"}],"replies":[{"embeddable":true,"href":"https:\/\/fajr.news\/index.php?rest_route=%2Fwp%2Fv2%2Fcomments&post=16093"}],"version-history":[{"count":0,"href":"https:\/\/fajr.news\/index.php?rest_route=\/wp\/v2\/posts\/16093\/revisions"}],"wp:featuredmedia":[{"embeddable":true,"href":"https:\/\/fajr.news\/index.php?rest_route=\/wp\/v2\/media\/16094"}],"wp:attachment":[{"href":"https:\/\/fajr.news\/index.php?rest_route=%2Fwp%2Fv2%2Fmedia&parent=16093"}],"wp:term":[{"taxonomy":"category","embeddable":true,"href":"https:\/\/fajr.news\/index.php?rest_route=%2Fwp%2Fv2%2Fcategories&post=16093"},{"taxonomy":"post_tag","embeddable":true,"href":"https:\/\/fajr.news\/index.php?rest_route=%2Fwp%2Fv2%2Ftags&post=16093"}],"curies":[{"name":"wp","href":"https:\/\/api.w.org\/{rel}","templated":true}]}}