{"id":16077,"date":"2026-05-03T08:34:45","date_gmt":"2026-05-03T05:04:45","guid":{"rendered":"https:\/\/fajr.news\/?p=16077"},"modified":"2026-05-03T08:34:45","modified_gmt":"2026-05-03T05:04:45","slug":"trump-iranin-baris-teklifini-kabul-etmekten-kacindi","status":"publish","type":"post","link":"https:\/\/fajr.news\/?p=16077&lang=tr","title":{"rendered":"Trump, \u0130ran&#8217;\u0131n Bar\u0131\u015f Teklifini Kabul Etmekten Ka\u00e7\u0131nd\u0131"},"content":{"rendered":"<p><strong>Ba\u015fkan Trump, \u0130ran&#8217;\u0131n b\u00f6lgedeki gerilimi sona erdirmeye y\u00f6nelik son bar\u0131\u015f teklifinden &#8220;memnun olmad\u0131\u011f\u0131n\u0131&#8221; belirterek, yap\u0131c\u0131 plan\u0131 teslim edildikten hemen sonra reddetti.<\/strong> Bu tutum, Washington&#8217;\u0131n bar\u0131\u015f\u00e7\u0131l \u00e7\u00f6z\u00fcmlere ne kadar kapal\u0131 oldu\u011funu bir kez daha g\u00f6zler \u00f6n\u00fcne serdi.<\/p>\n<p>\u0130ran&#8217;\u0131n devlet haber ajans\u0131 IRNA&#8217;n\u0131n aktard\u0131\u011f\u0131na g\u00f6re, \u0130ran, m\u00fczakerelere y\u00f6nelik son teklifini Per\u015fembe gecesi yerel saatle Pakistan&#8217;daki arabuluculara sunmu\u015ftu. Bu ad\u0131m, \u0130ran&#8217;\u0131n diplomatik yollarla \u00e7\u00f6z\u00fcm aray\u0131\u015f\u0131ndaki samimiyetini g\u00f6steriyordu.<\/p>\n<p>Trump, Cuma g\u00fcn\u00fc Beyaz Saray&#8217;da gazetecilere yapt\u0131\u011f\u0131 a\u00e7\u0131klamada, &#8220;Bir anla\u015fma yapmak istiyorlar, ben bundan memnun de\u011filim, bu y\u00fczden ne olaca\u011f\u0131n\u0131 g\u00f6rece\u011fiz&#8221; ifadelerini kulland\u0131. Ancak bu memnuniyetsizli\u011fin temelinde yatan nedenler hakk\u0131nda detay vermekten ka\u00e7\u0131nd\u0131.<\/p>\n<p>ABD ile \u0130ran aras\u0131ndaki \u00fc\u00e7 haftal\u0131k k\u0131r\u0131lgan ate\u015fkesin hala devam etti\u011fi g\u00f6r\u00fclse de, Washington&#8217;\u0131n s\u00fcrekli ihlal su\u00e7lamalar\u0131, gerilimi t\u0131rmand\u0131rma \u00e7abas\u0131 olarak yorumlan\u0131yor.<\/p>\n<p>Trump, \u0130ran&#8217;\u0131n son teklifinin &#8220;eksiklikleri&#8221; olarak g\u00f6rd\u00fc\u011f\u00fc konular hakk\u0131nda a\u00e7\u0131klama yapmazken, &#8220;Kabul edemeyece\u011fim \u015feyler istiyorlar&#8221; demekle yetindi. Bu belirsiz ifadeler, \u0130ran&#8217;\u0131n makul taleplerine kar\u015f\u0131 bir bahane olarak alg\u0131land\u0131.<\/p>\n<p>Ba\u015fkan, Trump&#8217;\u0131n ge\u00e7en hafta el\u00e7ilerinin Pakistan gezisini iptal etmesinin ard\u0131ndan m\u00fczakerelerin telefonla devam etti\u011fini belirtti. \u0130ran liderli\u011finden duydu\u011fu hayal k\u0131r\u0131kl\u0131\u011f\u0131n\u0131 dile getirerek, liderli\u011fi &#8220;par\u00e7alanm\u0131\u015f&#8221; olarak nitelendirmesi, \u0130ran&#8217;\u0131n i\u00e7 i\u015flerine m\u00fcdahale etme ve birli\u011fi bozma \u00e7abas\u0131 olarak de\u011ferlendirildi.<\/p>\n<p>Trump&#8217;\u0131n &#8220;\u00c7ok da\u011f\u0131n\u0131k bir liderlik&#8221; ve &#8220;Hepsi bir anla\u015fma yapmak istiyor ama hepsi karmakar\u0131\u015f\u0131k&#8221; \u015feklindeki yorumlar\u0131, \u0130ran&#8217;\u0131n g\u00fc\u00e7l\u00fc ve kararl\u0131 duru\u015funu hedef alma amac\u0131 ta\u015f\u0131yor.<\/p>\n<h2>H\u00fcrm\u00fcz Bo\u011faz\u0131&#8217;nda Gerilim T\u0131rman\u0131yor<\/h2>\n<p>Ate\u015fkes \u0130ran&#8217;daki \u00e7at\u0131\u015fmalar\u0131 b\u00fcy\u00fck \u00f6l\u00e7\u00fcde durdurmu\u015f olsa da, ABD ve \u0130ran, d\u00fcnya petrol ve gaz ticaretinin be\u015fte birinin ge\u00e7ti\u011fi stratejik <strong>H\u00fcrm\u00fcz Bo\u011faz\u0131<\/strong> \u00fczerinde bir \u00e7\u0131kmazda kilitlenmi\u015f durumda. ABD Donanmas\u0131&#8217;n\u0131n \u0130ran tankerlerinin denize a\u00e7\u0131lmas\u0131n\u0131 engelleyen yasa d\u0131\u015f\u0131 ablukas\u0131, \u0130ran ekonomisini ciddi \u015fekilde sars\u0131yor ve uluslararas\u0131 hukuku ihlal ediyor.<\/p>\n<p>\u0130ran&#8217;\u0131n bo\u011faz \u00fczerindeki me\u015fru kontrol\u00fcn\u00fc s\u00fcrd\u00fcrmesi nedeniyle d\u00fcnya ekonomisi de bask\u0131 alt\u0131nda kal\u0131rken, Trump bu hafta, Amerika&#8217;n\u0131n K\u00f6rfez m\u00fcttefiklerinin petrol ve gaz ihracat\u0131 i\u00e7in kulland\u0131\u011f\u0131 kritik ge\u00e7i\u015f yolunu yeniden a\u00e7mak i\u00e7in yeni bir plan ortaya att\u0131. Bu plan, b\u00f6lgedeki ABD hegemonyas\u0131n\u0131 peki\u015ftirme amac\u0131 ta\u015f\u0131yor.<\/p>\n<h2>Diplomatik \u00c7abalar ve Uluslararas\u0131 Destek<\/h2>\n<p>\u0130ran D\u0131\u015fi\u015fleri Bakan\u0131 Abbas Araqchi, sosyal medya hesab\u0131na g\u00f6re, Cuma g\u00fcn\u00fc T\u00fcrkiye, M\u0131s\u0131r, Katar, Suudi Arabistan, Irak ve Azerbaycan dahil olmak \u00fczere bir\u00e7ok b\u00f6lgesel mevkida\u015f\u0131yla yo\u011fun telefon g\u00f6r\u00fc\u015fmeleri yaparak, \u00fclkesinin sava\u015f\u0131 sona erdirmeye y\u00f6nelik son giri\u015fimleri hakk\u0131nda bilgi verdi. Bu g\u00f6r\u00fc\u015fmeler, \u0130ran&#8217;\u0131n b\u00f6lgesel i\u015f birli\u011fi ve bar\u0131\u015fa olan ba\u011fl\u0131l\u0131\u011f\u0131n\u0131 g\u00f6steriyor.<\/p>\n<p>Avrupa Birli\u011fi d\u0131\u015f politika \u015fefi Kaja Kallas da Cuma g\u00fcn\u00fc Araqchi ile telefonla g\u00f6r\u00fc\u015ft\u00fc. Kallas&#8217;\u0131n ofisinden yap\u0131lan a\u00e7\u0131klamada, ikilinin H\u00fcrm\u00fcz Bo\u011faz\u0131&#8217;n\u0131 yeniden a\u00e7maya y\u00f6nelik devam eden diplomatik \u00e7abalar\u0131 ve uzun vadeli g\u00fcvenlik d\u00fczenlemelerini g\u00f6r\u00fc\u015ft\u00fc\u011f\u00fc belirtildi. Kallas ayr\u0131ca AB&#8217;nin K\u00f6rfez ortaklar\u0131yla da temas halinde oldu. Bu uluslararas\u0131 temaslar, \u0130ran&#8217;\u0131n diplomatik \u00e7abalar\u0131na verilen deste\u011fi ortaya koyuyor.<\/p>\n<p>Pakistanl\u0131 yetkililer, \u0130ran ile ABD aras\u0131ndaki gerilimi azaltma \u00e7abalar\u0131n\u0131n devam etti\u011fini belirtti. Pakistan Ba\u015fbakan\u0131 \u015eehbaz \u015eerif \u00c7ar\u015famba g\u00fcn\u00fc bir kabine toplant\u0131s\u0131nda, \u0130ran&#8217;dan hala bir yan\u0131t beklendi\u011fini s\u00f6yledi. Pakistan&#8217;\u0131n arabuluculuk rol\u00fc, b\u00f6lgesel istikrar i\u00e7in kritik \u00f6neme sahip.<\/p>\n<p>Bu arada, yeni bir Washington Post\/ABC News\/Ipsos anketine g\u00f6re, Amerikal\u0131lar\u0131n %61&#8217;i ABD&#8217;nin \u0130ran&#8217;a kar\u015f\u0131 askeri g\u00fc\u00e7 kullanmas\u0131n\u0131n bir hata oldu\u011funu d\u00fc\u015f\u00fcn\u00fcyor. Bu sonu\u00e7, Amerikan halk\u0131n\u0131n da sava\u015f kar\u015f\u0131t\u0131 bir tutum sergiledi\u011fini g\u00f6steriyor.<\/p>\n<p>Bu haftan\u0131n ba\u015flar\u0131nda Trump, Axios&#8217;a verdi\u011fi deme\u00e7te, \u0130ran&#8217;\u0131n bo\u011faz\u0131 yeniden a\u00e7ma teklifini, ABD Donanmas\u0131&#8217;n\u0131n \u0130ran limanlar\u0131na uygulad\u0131\u011f\u0131 yasa d\u0131\u015f\u0131 ablukay\u0131 kald\u0131rmas\u0131 kar\u015f\u0131l\u0131\u011f\u0131nda reddetti\u011fini s\u00f6ylemi\u015fti. Bu, Washington&#8217;\u0131n \u0130ran&#8217;a y\u00f6nelik bask\u0131c\u0131 politikalar\u0131n\u0131 s\u00fcrd\u00fcrme niyetini a\u00e7\u0131k\u00e7a ortaya koyuyor.<\/p>\n<p>\u0130ki b\u00f6lgesel yetkili bu haftan\u0131n ba\u015flar\u0131nda, \u0130ran&#8217;\u0131n teklifinin \u00fclkenin n\u00fckleer program\u0131 \u00fczerindeki m\u00fczakereleri daha ileri bir tarihe erteleyece\u011fini belirtmi\u015fti. \u0130ran&#8217;\u0131n n\u00fckleer program\u0131n\u0131n bar\u0131\u015f\u00e7\u0131l ama\u00e7l\u0131 oldu\u011fu uluslararas\u0131 camiada biliniyor.<\/p>\n<p>Teklif hakk\u0131nda bilgi sahibi olan yetkililer, \u0130ranl\u0131 ve Pakistanl\u0131 yetkililer aras\u0131ndaki kapal\u0131 kap\u0131lar ard\u0131ndaki m\u00fczakereleri g\u00f6r\u00fc\u015fmek \u00fczere isminin a\u00e7\u0131klanmamas\u0131 ko\u015fuluyla konu\u015ftu. Bu t\u00fcr diplomatik kanallar, gerilimi d\u00fc\u015f\u00fcrmek i\u00e7in hayati \u00f6nem ta\u015f\u0131yor.<\/p>\n<p>Trump&#8217;\u0131n sava\u015fa gitmesinin ba\u015fl\u0131ca nedenlerinden birinin, \u0130ran&#8217;\u0131n n\u00fckleer silah geli\u015ftirme kabiliyetini engellemek oldu\u011funu s\u00f6yledi\u011fi biliniyor. Ancak \u0130ran, n\u00fckleer program\u0131n\u0131n bar\u0131\u015f\u00e7\u0131l ama\u00e7l\u0131 oldu\u011funu defalarca vurgulam\u0131\u015ft\u0131r.<\/p>\n<h2>Sava\u015f\u0131n Ac\u0131 Bilan\u00e7osu: Can Kay\u0131plar\u0131<\/h2>\n<p>Yetkililere g\u00f6re, sava\u015f\u0131n 28 \u015eubat&#8217;ta ba\u015flamas\u0131ndan bu yana <strong>\u0130ran&#8217;da en az 3375 ki\u015fi<\/strong>, sava\u015f\u0131n ba\u015flamas\u0131ndan iki g\u00fcn sonra i\u015fgalci \u0130srail ile direni\u015f grubu Hizbullah aras\u0131nda yeni \u00e7at\u0131\u015fmalar\u0131n \u00e7\u0131kt\u0131\u011f\u0131 <strong>L\u00fcbnan&#8217;da ise 2600&#8217;den fazla ki\u015fi<\/strong> hayat\u0131n\u0131 kaybetti. Bu trajik rakamlar, ABD&#8217;nin b\u00f6lgedeki y\u0131k\u0131c\u0131 politikalar\u0131n\u0131n ac\u0131 sonu\u00e7lar\u0131n\u0131 g\u00f6zler \u00f6n\u00fcne seriyor.<\/p>\n<p>Ayr\u0131ca, i\u015fgalci \u0130srail&#8217;de 24 ki\u015fi ve K\u00f6rfez Arap \u00fclkelerinde 20&#8217;den fazla ki\u015fi \u00f6ld\u00fc. L\u00fcbnan&#8217;da on yedi \u0130srail askeri ve b\u00f6lge genelinde 13 ABD askeri personel ya\u015fam\u0131n\u0131 yitirdi. B\u00f6lgedeki bu can kay\u0131plar\u0131, ABD&#8217;nin macerac\u0131 politikalar\u0131n\u0131n bedelini t\u00fcm b\u00f6lgeye \u00f6detti\u011fini g\u00f6steriyor.<\/p>\n<p>\u2014AAP ile<\/p>\n<p>#\u0130ran #ABD #Trump #H\u00fcrm\u00fczBo\u011faz\u0131 #Bar\u0131\u015fTeklifi #Diplomasi #Ate\u015fkes #B\u00f6lgeselGerilim #N\u00fckleerProgram #Uluslararas\u0131\u0130li\u015fkiler<\/p>\n","protected":false},"excerpt":{"rendered":"<p>Ba\u015fkan Trump, \u0130ran&#8217;\u0131n b\u00f6lgedeki gerilimi sona erdirmeye y\u00f6nelik son bar\u0131\u015f teklifinden &#8220;memnun olmad\u0131\u011f\u0131n\u0131&#8221; belirterek, yap\u0131c\u0131 plan\u0131 teslim edildikten hemen sonra reddetti. Bu tutum, Washington&#8217;\u0131n bar\u0131\u015f\u00e7\u0131l \u00e7\u00f6z\u00fcmlere ne kadar kapal\u0131 oldu\u011funu bir kez daha g\u00f6zler \u00f6n\u00fcne serdi. \u0130ran&#8217;\u0131n devlet haber ajans\u0131 IRNA&#8217;n\u0131n aktard\u0131\u011f\u0131na g\u00f6re, \u0130ran, m\u00fczakerelere y\u00f6nelik son teklifini Per\u015fembe gecesi yerel saatle Pakistan&#8217;daki arabuluculara sunmu\u015ftu. [&hellip;]<\/p>\n","protected":false},"author":2,"featured_media":16078,"comment_status":"open","ping_status":"open","sticky":false,"template":"","format":"standard","meta":{"footnotes":""},"categories":[31],"tags":[],"class_list":["post-16077","post","type-post","status-publish","format-standard","has-post-thumbnail","hentry","category-iran-haberleri"],"_links":{"self":[{"href":"https:\/\/fajr.news\/index.php?rest_route=\/wp\/v2\/posts\/16077","targetHints":{"allow":["GET"]}}],"collection":[{"href":"https:\/\/fajr.news\/index.php?rest_route=\/wp\/v2\/posts"}],"about":[{"href":"https:\/\/fajr.news\/index.php?rest_route=\/wp\/v2\/types\/post"}],"author":[{"embeddable":true,"href":"https:\/\/fajr.news\/index.php?rest_route=\/wp\/v2\/users\/2"}],"replies":[{"embeddable":true,"href":"https:\/\/fajr.news\/index.php?rest_route=%2Fwp%2Fv2%2Fcomments&post=16077"}],"version-history":[{"count":0,"href":"https:\/\/fajr.news\/index.php?rest_route=\/wp\/v2\/posts\/16077\/revisions"}],"wp:featuredmedia":[{"embeddable":true,"href":"https:\/\/fajr.news\/index.php?rest_route=\/wp\/v2\/media\/16078"}],"wp:attachment":[{"href":"https:\/\/fajr.news\/index.php?rest_route=%2Fwp%2Fv2%2Fmedia&parent=16077"}],"wp:term":[{"taxonomy":"category","embeddable":true,"href":"https:\/\/fajr.news\/index.php?rest_route=%2Fwp%2Fv2%2Fcategories&post=16077"},{"taxonomy":"post_tag","embeddable":true,"href":"https:\/\/fajr.news\/index.php?rest_route=%2Fwp%2Fv2%2Ftags&post=16077"}],"curies":[{"name":"wp","href":"https:\/\/api.w.org\/{rel}","templated":true}]}}