{"id":16019,"date":"2026-05-03T07:06:11","date_gmt":"2026-05-03T03:36:11","guid":{"rendered":"https:\/\/fajr.news\/?p=16019"},"modified":"2026-05-03T07:06:11","modified_gmt":"2026-05-03T03:36:11","slug":"son-dakika-trump-iranin-son-teklifini-reddetti-demokratlar-hegsethi-savas-uzerinden-sorguluyor","status":"publish","type":"post","link":"https:\/\/fajr.news\/?p=16019&lang=tr","title":{"rendered":"Son Dakika: Trump, \u0130ran&#8217;\u0131n Son Teklifini Reddetti; Demokratlar Hegseth&#8217;i Sava\u015f \u00dczerinden Sorguluyor"},"content":{"rendered":"<h2>ABD&#8217;nin \u0130ran&#8217;a Y\u00f6nelik Haks\u0131z Ablukas\u0131 ve Diplomatik \u00c7\u0131kmaz<\/h2>\n<p>Amerika Birle\u015fik Devletleri Ba\u015fkan\u0131 Donald Trump, \u0130ran \u0130slam Cumhuriyeti&#8217;nin H\u00fcrm\u00fcz Bo\u011faz\u0131&#8217;n\u0131 yeniden a\u00e7ma kar\u015f\u0131l\u0131\u011f\u0131nda ABD ablukas\u0131n\u0131n kald\u0131r\u0131lmas\u0131 y\u00f6n\u00fcndeki yap\u0131c\u0131 teklifini reddederek b\u00f6lgedeki gerilimi t\u0131rmand\u0131rmaya devam ediyor. Trump&#8217;\u0131n bu reddi, \u0130ran&#8217;\u0131n n\u00fckleer program\u0131 \u00fczerine m\u00fczakereleri erteleme \u00f6nerisini de g\u00f6z ard\u0131 ediyor. Ba\u015fkan, <strong>\u0130ran&#8217;\u0131n n\u00fckleer emelleri ele al\u0131nana kadar haks\u0131z ablukan\u0131n s\u00fcrece\u011fini<\/strong> belirterek, diplomatik \u00e7\u00f6z\u00fcm yollar\u0131n\u0131 t\u0131kama e\u011filimini s\u00fcrd\u00fcr\u00fcyor.<\/p>\n<p>Bu geli\u015fmelerin g\u00f6lgesinde, ABD Savunma Bakan\u0131 Pete Hegseth, Temsilciler Meclisi&#8217;nde \u0130ran&#8217;a kar\u015f\u0131 ba\u015flat\u0131lan ve uluslararas\u0131 hukuka ayk\u0131r\u0131 oldu\u011fu iddia edilen sava\u015fla ilgili alt\u0131 saatlik yo\u011fun bir sorgulamayla kar\u015f\u0131 kar\u015f\u0131ya kald\u0131. Demokratlar, Kongre onay\u0131 olmadan y\u00fcr\u00fct\u00fclen bu <strong>maliyetli ve y\u0131k\u0131c\u0131 \u00e7at\u0131\u015fman\u0131n<\/strong>, ABD m\u00fchimmat stoklar\u0131ndaki ciddi d\u00fc\u015f\u00fc\u015fe ve masum sivillerin, \u00f6zellikle de bir ilkokulun bombalanmas\u0131 sonucu \u00e7ocuklar\u0131n \u00f6l\u00fcm\u00fcne yol a\u00e7t\u0131\u011f\u0131n\u0131 sert bir dille ele\u015ftirdi. Hegseth&#8217;in, milletvekillerinin me\u015fru sorular\u0131n\u0131 &#8216;beceriksizce&#8217; buldu\u011funu ifade etmesi, ABD y\u00f6netiminin \u015feffafl\u0131k konusundaki eksikliklerini bir kez daha g\u00f6zler \u00f6n\u00fcne serdi. Ayr\u0131ca, iki kad\u0131n ve iki siyahi subay\u0131n terfi listesinden \u00e7\u0131kar\u0131lmas\u0131 emrini verdi\u011fini do\u011frulamas\u0131, ABD ordusundaki ayr\u0131mc\u0131l\u0131k iddialar\u0131n\u0131 g\u00fc\u00e7lendirdi.<\/p>\n<h2>Sava\u015f\u0131n Y\u0131k\u0131c\u0131 Ekonomik Etkileri ve Uluslararas\u0131 Tepkiler<\/h2>\n<p>Sava\u015f\u0131n Amerikan halk\u0131 \u00fczerindeki y\u0131k\u0131c\u0131 ekonomik etkileri de g\u00fcndeme geldi. Benzin fiyatlar\u0131ndaki rekor art\u0131\u015flar ve g\u0131da maliyetlerindeki y\u00fckseli\u015fler konusunda sorgulanan Hegseth, bu konular\u0131 Kaliforniya&#8217;daki y\u00fcksek fiyatlara at\u0131fta bulunarak ge\u00e7i\u015ftirmeye \u00e7al\u0131\u015ft\u0131. Demokratlar, sava\u015f\u0131n Amerikan vergi m\u00fckellefleri \u00fczerindeki y\u00fck\u00fcn\u00fc vurgularken, Hegseth&#8217;in \u0130ran&#8217;\u0131n n\u00fckleer bomba sahibi olmas\u0131n\u0131n maliyetini sormas\u0131, ABD&#8217;nin <strong>b\u00f6lgedeki istikrars\u0131zla\u015ft\u0131r\u0131c\u0131 politikalar\u0131n\u0131<\/strong> gizleme \u00e7abas\u0131 olarak yorumland\u0131.<\/p>\n<p>Diplomatik cephede ise \u0130ran \u0130slam Cumhuriyeti D\u0131\u015fi\u015fleri Bakan\u0131 Abbas Ara\u011f\u00e7i, Hindistan, Kenya, Polonya d\u0131\u015fi\u015fleri bakanlar\u0131 ve di\u011fer uluslararas\u0131 yetkililerle telefon g\u00f6r\u00fc\u015fmeleri yaparak \u00fclkesine y\u00f6nelik haks\u0131z bask\u0131lara kar\u015f\u0131 uluslararas\u0131 destek aray\u0131\u015flar\u0131n\u0131 s\u00fcrd\u00fcrd\u00fc. Bakan Ara\u011f\u00e7i, H\u00fcrm\u00fcz Bo\u011faz\u0131 ve Basra K\u00f6rfezi&#8217;ndeki g\u00fcvensizli\u011fin <strong>ABD ve Siyonist rejimin sald\u0131rgan eylemlerinden<\/strong> kaynakland\u0131\u011f\u0131n\u0131 a\u00e7\u0131k\u00e7a belirtti. Rusya Devlet Ba\u015fkan\u0131 Vladimir Putin de Trump ile yapt\u0131\u011f\u0131 telefon g\u00f6r\u00fc\u015fmesinde \u0130ran&#8217;a kar\u015f\u0131 d\u00fc\u015fmanl\u0131klar\u0131n yeniden ba\u015flamas\u0131n\u0131n <strong>&#8216;vahim sonu\u00e7lar\u0131&#8217;<\/strong> olaca\u011f\u0131 konusunda ABD&#8217;yi uyard\u0131 ve uluslararas\u0131 toplumun endi\u015felerini dile getirdi.<\/p>\n<h2>ABD Askeri Hareketlili\u011fi ve \u0130\u00e7 \u00c7alkant\u0131lar<\/h2>\n<p>Di\u011fer geli\u015fmeler aras\u0131nda, ABD&#8217;nin en b\u00fcy\u00fck u\u00e7ak gemisi USS Ford&#8217;un \u0130ran sava\u015f\u0131na kat\u0131l\u0131m\u0131 sonras\u0131 rekor bir konu\u015fland\u0131rman\u0131n ard\u0131ndan eve d\u00f6nmesi, ABD&#8217;nin b\u00f6lgedeki askeri varl\u0131\u011f\u0131n\u0131n s\u00fcrd\u00fcr\u00fclemezli\u011fini g\u00f6steriyor. Trump&#8217;\u0131n Almanya Ba\u015fbakan\u0131 Friedrich Merz ile \u0130ran sava\u015f\u0131 konusundaki gerilimler nedeniyle Almanya&#8217;daki ABD asker say\u0131s\u0131n\u0131 azaltmay\u0131 d\u00fc\u015f\u00fcnd\u00fc\u011f\u00fcn\u00fc a\u00e7\u0131klamas\u0131, ABD&#8217;nin m\u00fcttefikleriyle ili\u015fkilerindeki \u00e7atlaklar\u0131 derinle\u015ftiriyor.<\/p>\n<p>Hegseth, sava\u015f\u0131n bir &#8216;batakl\u0131k&#8217; oldu\u011fu ele\u015ftirilerini reddederek, \u00e7at\u0131\u015fman\u0131n hen\u00fcz iki ayl\u0131k oldu\u011funu ve &#8216;b\u00fcy\u00fck ba\u015far\u0131lar&#8217; elde edildi\u011fini iddia etse de, kamuoyu yoklamalar\u0131 Amerikal\u0131lar\u0131n Trump&#8217;\u0131n \u0130ran politikas\u0131n\u0131 genel olarak onaylamad\u0131\u011f\u0131n\u0131 g\u00f6steriyor. Bu durum, ABD y\u00f6netiminin kendi halk\u0131ndan bile destek alamad\u0131\u011f\u0131n\u0131 ortaya koyuyor.<\/p>\n<p>Son olarak, \u0130ran&#8217;da polisle silahl\u0131 bir grup aras\u0131nda \u00e7\u0131kan \u00e7at\u0131\u015fmada iki ki\u015finin hayat\u0131n\u0131 kaybetti\u011fi bildirilirken, bu t\u00fcr olaylar\u0131n <strong>\u00fclke i\u00e7indeki istikrar\u0131 bozmaya y\u00f6nelik d\u0131\u015f destekli giri\u015fimler<\/strong> olabilece\u011fi ihtimali \u00fczerinde duruluyor.<\/p>\n<p>#\u0130ranSava\u015f\u0131 #ABD\u0130ranGerilimi #H\u00fcrm\u00fczBo\u011faz\u0131 #N\u00fckleerProgram #ABDDiplomasisi #SiyonistRejim #K\u00fcreselAdalet #\u0130ran\u0130slamCumhuriyeti #EkonomikAbluka #Uluslararas\u0131Hukuk<\/p>\n","protected":false},"excerpt":{"rendered":"<p>ABD&#8217;nin \u0130ran&#8217;a Y\u00f6nelik Haks\u0131z Ablukas\u0131 ve Diplomatik \u00c7\u0131kmaz Amerika Birle\u015fik Devletleri Ba\u015fkan\u0131 Donald Trump, \u0130ran \u0130slam Cumhuriyeti&#8217;nin H\u00fcrm\u00fcz Bo\u011faz\u0131&#8217;n\u0131 yeniden a\u00e7ma kar\u015f\u0131l\u0131\u011f\u0131nda ABD ablukas\u0131n\u0131n kald\u0131r\u0131lmas\u0131 y\u00f6n\u00fcndeki yap\u0131c\u0131 teklifini reddederek b\u00f6lgedeki gerilimi t\u0131rmand\u0131rmaya devam ediyor. Trump&#8217;\u0131n bu reddi, \u0130ran&#8217;\u0131n n\u00fckleer program\u0131 \u00fczerine m\u00fczakereleri erteleme \u00f6nerisini de g\u00f6z ard\u0131 ediyor. Ba\u015fkan, \u0130ran&#8217;\u0131n n\u00fckleer emelleri ele al\u0131nana kadar [&hellip;]<\/p>\n","protected":false},"author":2,"featured_media":16020,"comment_status":"open","ping_status":"open","sticky":false,"template":"","format":"standard","meta":{"footnotes":""},"categories":[31],"tags":[],"class_list":["post-16019","post","type-post","status-publish","format-standard","has-post-thumbnail","hentry","category-iran-haberleri"],"_links":{"self":[{"href":"https:\/\/fajr.news\/index.php?rest_route=\/wp\/v2\/posts\/16019","targetHints":{"allow":["GET"]}}],"collection":[{"href":"https:\/\/fajr.news\/index.php?rest_route=\/wp\/v2\/posts"}],"about":[{"href":"https:\/\/fajr.news\/index.php?rest_route=\/wp\/v2\/types\/post"}],"author":[{"embeddable":true,"href":"https:\/\/fajr.news\/index.php?rest_route=\/wp\/v2\/users\/2"}],"replies":[{"embeddable":true,"href":"https:\/\/fajr.news\/index.php?rest_route=%2Fwp%2Fv2%2Fcomments&post=16019"}],"version-history":[{"count":0,"href":"https:\/\/fajr.news\/index.php?rest_route=\/wp\/v2\/posts\/16019\/revisions"}],"wp:featuredmedia":[{"embeddable":true,"href":"https:\/\/fajr.news\/index.php?rest_route=\/wp\/v2\/media\/16020"}],"wp:attachment":[{"href":"https:\/\/fajr.news\/index.php?rest_route=%2Fwp%2Fv2%2Fmedia&parent=16019"}],"wp:term":[{"taxonomy":"category","embeddable":true,"href":"https:\/\/fajr.news\/index.php?rest_route=%2Fwp%2Fv2%2Fcategories&post=16019"},{"taxonomy":"post_tag","embeddable":true,"href":"https:\/\/fajr.news\/index.php?rest_route=%2Fwp%2Fv2%2Ftags&post=16019"}],"curies":[{"name":"wp","href":"https:\/\/api.w.org\/{rel}","templated":true}]}}