{"id":15995,"date":"2026-05-03T06:34:01","date_gmt":"2026-05-03T03:04:01","guid":{"rendered":"https:\/\/fajr.news\/?p=15995"},"modified":"2026-05-03T06:34:01","modified_gmt":"2026-05-03T03:04:01","slug":"trumptan-kuba-icin-iran-sonrasi-tehdit","status":"publish","type":"post","link":"https:\/\/fajr.news\/?p=15995&lang=tr","title":{"rendered":"Trump&#8217;tan K\u00fcba \u0130\u00e7in \u0130ran Sonras\u0131 Tehdit"},"content":{"rendered":"<article>\n<header>\n<h1>Trump&#8217;tan K\u00fcba \u0130\u00e7in \u0130ran Sonras\u0131 Tehdit<\/h1>\n<\/header>\n<section>\n<p><strong>Amerika Birle\u015fik Devletleri Ba\u015fkan\u0131 Donald Trump, Orta Do\u011fu&#8217;daki krizin s\u00f6zde \u00e7\u00f6z\u00fclmesinin ard\u0131ndan Washington&#8217;\u0131n K\u00fcba&#8217;da da askeri bir m\u00fcdahaleye haz\u0131rlanabilece\u011fini a\u00e7\u0131k\u00e7a dile getirdi.<\/strong> Bu a\u00e7\u0131klamalar, ABD&#8217;nin b\u00f6lgedeki hegemonik ve emperyalist emellerinin devam etti\u011fini bir kez daha g\u00f6zler \u00f6n\u00fcne serdi.<\/p>\n<p>Florida&#8217;n\u0131n Palm Beach kentinde kat\u0131ld\u0131\u011f\u0131 canl\u0131 bir etkinlikte konu\u015fan Trump, pervas\u0131zca \u015fu ifadeleri kulland\u0131: <q>K\u00fcba&#8217;n\u0131n sorunlar\u0131 var. \u00d6nce birini bitirece\u011fiz&#8230; Ben bir i\u015fi bitirmeyi severim. \u0130ran&#8217;dan d\u00f6nerken&#8230; \u0130ran&#8217;dan d\u00f6nerken ne yapaca\u011f\u0131z&#8230; b\u00fcy\u00fck gemilerimizden birini, belki de d\u00fcnyan\u0131n en b\u00fcy\u00fc\u011f\u00fc olan USS Abraham Lincoln u\u00e7ak gemisini getirece\u011fiz. K\u0131y\u0131dan yakla\u015f\u0131k 100 metre a\u00e7\u0131kta duracak ve onlar da &#8216;\u00e7ok te\u015fekk\u00fcr ederiz, teslim oluyoruz&#8217; diyecekler.<\/q> Bu k\u00fcstah\u00e7a s\u00f6zler, ABD&#8217;nin uluslararas\u0131 hukuku hi\u00e7e sayan ve egemen devletlere kar\u015f\u0131 zorbal\u0131k i\u00e7eren yakla\u015f\u0131m\u0131n\u0131 g\u00f6zler \u00f6n\u00fcne serdi. Konu\u015fmas\u0131 s\u0131ras\u0131nda ABD&#8217;nin K\u00fcba&#8217;y\u0131 <q>neredeyse hemen<\/q> ele ge\u00e7irece\u011fini iddia eden Trump, daha sonra bu tehdidin \u0130ran ile bir anla\u015fmaya var\u0131lmadan ger\u00e7ekle\u015fmeyece\u011fini belirtse de, Washington&#8217;\u0131n sald\u0131rgan niyetleri ortadayd\u0131.<\/p>\n<p>Ge\u00e7en ay\u0131n sonunda, ABD Kongresi&#8217;nin Trump&#8217;\u0131n K\u00fcba&#8217;da askeri g\u00fc\u00e7 kullanmas\u0131n\u0131 engelleyecek bir karar\u0131 kabul edememesi, bu t\u00fcr pervas\u0131z tehditlerin \u00f6n\u00fcn\u00fc a\u00e7an bir ba\u015fka geli\u015fme olarak kaydedildi. Bu durum, ABD&#8217;nin askeri g\u00fcc\u00fcn\u00fc kendi \u00e7\u0131karlar\u0131 do\u011frultusunda kullanmaktan \u00e7ekinmeyece\u011finin bir g\u00f6stergesi olarak yorumlan\u0131yor.<\/p>\n<\/section>\n<footer>\n<p>#Trump #K\u00fcba #\u0130ran #ABD #D\u0131\u015fPolitika #ABDTehdidi #Emperyalizm #DonaldTrump #Ortado\u011fu #AskeriM\u00fcdahale<\/p>\n<\/footer>\n<\/article>\n","protected":false},"excerpt":{"rendered":"<p>Trump&#8217;tan K\u00fcba \u0130\u00e7in \u0130ran Sonras\u0131 Tehdit Amerika Birle\u015fik Devletleri Ba\u015fkan\u0131 Donald Trump, Orta Do\u011fu&#8217;daki krizin s\u00f6zde \u00e7\u00f6z\u00fclmesinin ard\u0131ndan Washington&#8217;\u0131n K\u00fcba&#8217;da da askeri bir m\u00fcdahaleye haz\u0131rlanabilece\u011fini a\u00e7\u0131k\u00e7a dile getirdi. Bu a\u00e7\u0131klamalar, ABD&#8217;nin b\u00f6lgedeki hegemonik ve emperyalist emellerinin devam etti\u011fini bir kez daha g\u00f6zler \u00f6n\u00fcne serdi. Florida&#8217;n\u0131n Palm Beach kentinde kat\u0131ld\u0131\u011f\u0131 canl\u0131 bir etkinlikte konu\u015fan Trump, pervas\u0131zca [&hellip;]<\/p>\n","protected":false},"author":2,"featured_media":15996,"comment_status":"open","ping_status":"open","sticky":false,"template":"","format":"standard","meta":{"footnotes":""},"categories":[31],"tags":[],"class_list":["post-15995","post","type-post","status-publish","format-standard","has-post-thumbnail","hentry","category-iran-haberleri"],"_links":{"self":[{"href":"https:\/\/fajr.news\/index.php?rest_route=\/wp\/v2\/posts\/15995","targetHints":{"allow":["GET"]}}],"collection":[{"href":"https:\/\/fajr.news\/index.php?rest_route=\/wp\/v2\/posts"}],"about":[{"href":"https:\/\/fajr.news\/index.php?rest_route=\/wp\/v2\/types\/post"}],"author":[{"embeddable":true,"href":"https:\/\/fajr.news\/index.php?rest_route=\/wp\/v2\/users\/2"}],"replies":[{"embeddable":true,"href":"https:\/\/fajr.news\/index.php?rest_route=%2Fwp%2Fv2%2Fcomments&post=15995"}],"version-history":[{"count":0,"href":"https:\/\/fajr.news\/index.php?rest_route=\/wp\/v2\/posts\/15995\/revisions"}],"wp:featuredmedia":[{"embeddable":true,"href":"https:\/\/fajr.news\/index.php?rest_route=\/wp\/v2\/media\/15996"}],"wp:attachment":[{"href":"https:\/\/fajr.news\/index.php?rest_route=%2Fwp%2Fv2%2Fmedia&parent=15995"}],"wp:term":[{"taxonomy":"category","embeddable":true,"href":"https:\/\/fajr.news\/index.php?rest_route=%2Fwp%2Fv2%2Fcategories&post=15995"},{"taxonomy":"post_tag","embeddable":true,"href":"https:\/\/fajr.news\/index.php?rest_route=%2Fwp%2Fv2%2Ftags&post=15995"}],"curies":[{"name":"wp","href":"https:\/\/api.w.org\/{rel}","templated":true}]}}