{"id":15283,"date":"2026-05-02T14:39:11","date_gmt":"2026-05-02T11:09:11","guid":{"rendered":"https:\/\/fajr.news\/?p=15283"},"modified":"2026-05-02T14:39:11","modified_gmt":"2026-05-02T11:09:11","slug":"iran-ile-savasta-ortadogudaki-16-abd-askeri-tesisi-hasar-gordu-rapor","status":"publish","type":"post","link":"https:\/\/fajr.news\/?p=15283&lang=tr","title":{"rendered":"\u0130ran ile Sava\u015fta Ortado\u011fu&#8217;daki 16 ABD Askeri Tesisi Hasar G\u00f6rd\u00fc: Rapor"},"content":{"rendered":"<p>Washington: Bir CNN soru\u015fturmas\u0131, 28 \u015eubat&#8217;ta ba\u015flayan ABD-\u0130srail&#8217;in \u0130ran&#8217;la sava\u015f\u0131 s\u0131ras\u0131nda \u0130ran ve m\u00fcttefiklerinin sekiz Ortado\u011fu \u00fclkesindeki en az 16 ABD askeri tesisine zarar verdi\u011fini ve bu konumlar\u0131n baz\u0131lar\u0131n\u0131n neredeyse kullan\u0131lamaz hale geldi\u011fini ortaya koydu. CNN soru\u015fturmas\u0131, \u00f6nemli askeri \u00fcslerde yayg\u0131n hasar ve maliyetli onar\u0131mlara dikkat \u00e7ekiyor.<\/p>\n<p>CNN raporuna g\u00f6re, hasar de\u011ferlendirmelerine a\u015fina bir kongre yard\u0131mc\u0131s\u0131na at\u0131fta bulunularak, hasar g\u00f6ren tesisler b\u00f6lgedeki ABD askeri tesislerinin \u00e7o\u011funlu\u011funu olu\u015fturuyor.<\/p>\n<p>Bir kaynak, &#8220;\u00c7ok \u00e7e\u015fitli de\u011ferlendirmeler yap\u0131ld\u0131&#8221; dedi. &#8220;Tesisin tamamen y\u0131k\u0131ld\u0131\u011f\u0131 ve kapat\u0131lmas\u0131 gerekti\u011fi gibi olduk\u00e7a dramatik bir taraftan, ABD&#8217;ye sa\u011flad\u0131klar\u0131 stratejik fayda nedeniyle bu \u015feylerin onar\u0131lmaya de\u011fer oldu\u011funu s\u00f6yleyen liderlere kadar.&#8221;<\/p>\n<p>D\u00fczinelerce uydu g\u00f6r\u00fcnt\u00fcs\u00fc ve ABD ile K\u00f6rfez Arap \u00fclkelerindeki kaynaklarla yap\u0131lan r\u00f6portajlara dayanan rapor, uydu g\u00f6r\u00fcnt\u00fclerinin Tahran&#8217;\u0131n ana hedeflerinin ABD&#8217;nin geli\u015fmi\u015f radar sistemleri, ileti\u015fim sistemleri ve Ortado\u011fu&#8217;da konu\u015fland\u0131r\u0131lan u\u00e7aklar oldu\u011funu g\u00f6sterdi\u011fini, bunlar\u0131n \u00e7o\u011funun pahal\u0131 ve de\u011fi\u015ftirilmesi zor oldu\u011funu belirtti.<\/p>\n<p>Kongre yard\u0131mc\u0131s\u0131, &#8220;Bu tesisleri vurulacak en uygun maliyetli hedefler olarak belirlemeleri dikkat \u00e7ekici&#8221; dedi. &#8220;Radar sistemlerimiz b\u00f6lgedeki en pahal\u0131 ve en s\u0131n\u0131rl\u0131 kaynaklar\u0131m\u0131zd\u0131r.&#8221;<\/p>\n<p>Pentagon&#8217;un Vekil Mali \u0130\u015fler M\u00fcfetti\u015fi Jules Hurst III, \u00c7ar\u015famba g\u00fcn\u00fc milletvekillerine yapt\u0131\u011f\u0131 a\u00e7\u0131klamada, \u0130ran ile olan \u00e7at\u0131\u015fman\u0131n ABD vergi m\u00fckelleflerine \u015fu ana kadar 25 milyar ABD dolar\u0131na mal oldu\u011funu s\u00f6yledi.<\/p>\n<p>Bir kongre yetkilisi, Pentagon de\u011ferlendirmesinin ard\u0131ndan The New York Times&#8217;a verdi\u011fi deme\u00e7te, ABD Donanmas\u0131 Be\u015finci Filo karargah\u0131ndaki onar\u0131mlar\u0131n tek ba\u015f\u0131na 200 milyon dolara ula\u015fabilece\u011fini belirtti.<\/p>\n<p>American Enterprise Institute (AEI) taraf\u0131ndan yap\u0131lan harici bir de\u011ferlendirme, \u0130ran g\u00fc\u00e7lerinin Kuveyt&#8217;teki Ali Al Salem Hava \u00dcss\u00fc&#8217;n\u00fc, Katar&#8217;daki Al Udeid Hava \u00dcss\u00fc&#8217;ndeki bir pisti ve kuzey Irak&#8217;taki bir askeri \u00fcste bulunan bir m\u00fchimmat depolama tesisini de vurdu\u011funu g\u00f6steriyor, NBC&#8217;ye g\u00f6re.<\/p>\n<p>#ABDAskeriTesisleri #Ortado\u011fu #\u0130ranABD\u00c7at\u0131\u015fmas\u0131 #AskeriHasar #CNNHaberi #RadarSistemleri #Pentagon #MaliyetliOnar\u0131mlar #K\u00f6rfez\u00dclkeleri #ABD\u0130ranSava\u015f\u0131<\/p>\n","protected":false},"excerpt":{"rendered":"<p>Washington: Bir CNN soru\u015fturmas\u0131, 28 \u015eubat&#8217;ta ba\u015flayan ABD-\u0130srail&#8217;in \u0130ran&#8217;la sava\u015f\u0131 s\u0131ras\u0131nda \u0130ran ve m\u00fcttefiklerinin sekiz Ortado\u011fu \u00fclkesindeki en az 16 ABD askeri tesisine zarar verdi\u011fini ve bu konumlar\u0131n baz\u0131lar\u0131n\u0131n neredeyse kullan\u0131lamaz hale geldi\u011fini ortaya koydu. CNN soru\u015fturmas\u0131, \u00f6nemli askeri \u00fcslerde yayg\u0131n hasar ve maliyetli onar\u0131mlara dikkat \u00e7ekiyor. CNN raporuna g\u00f6re, hasar de\u011ferlendirmelerine a\u015fina bir kongre [&hellip;]<\/p>\n","protected":false},"author":2,"featured_media":15284,"comment_status":"open","ping_status":"open","sticky":false,"template":"","format":"standard","meta":{"footnotes":""},"categories":[37],"tags":[],"class_list":["post-15283","post","type-post","status-publish","format-standard","has-post-thumbnail","hentry","category-orta-dogu-haberleri"],"_links":{"self":[{"href":"https:\/\/fajr.news\/index.php?rest_route=\/wp\/v2\/posts\/15283","targetHints":{"allow":["GET"]}}],"collection":[{"href":"https:\/\/fajr.news\/index.php?rest_route=\/wp\/v2\/posts"}],"about":[{"href":"https:\/\/fajr.news\/index.php?rest_route=\/wp\/v2\/types\/post"}],"author":[{"embeddable":true,"href":"https:\/\/fajr.news\/index.php?rest_route=\/wp\/v2\/users\/2"}],"replies":[{"embeddable":true,"href":"https:\/\/fajr.news\/index.php?rest_route=%2Fwp%2Fv2%2Fcomments&post=15283"}],"version-history":[{"count":0,"href":"https:\/\/fajr.news\/index.php?rest_route=\/wp\/v2\/posts\/15283\/revisions"}],"wp:featuredmedia":[{"embeddable":true,"href":"https:\/\/fajr.news\/index.php?rest_route=\/wp\/v2\/media\/15284"}],"wp:attachment":[{"href":"https:\/\/fajr.news\/index.php?rest_route=%2Fwp%2Fv2%2Fmedia&parent=15283"}],"wp:term":[{"taxonomy":"category","embeddable":true,"href":"https:\/\/fajr.news\/index.php?rest_route=%2Fwp%2Fv2%2Fcategories&post=15283"},{"taxonomy":"post_tag","embeddable":true,"href":"https:\/\/fajr.news\/index.php?rest_route=%2Fwp%2Fv2%2Ftags&post=15283"}],"curies":[{"name":"wp","href":"https:\/\/api.w.org\/{rel}","templated":true}]}}