{"id":15239,"date":"2026-05-02T13:34:12","date_gmt":"2026-05-02T10:04:12","guid":{"rendered":"https:\/\/fajr.news\/?p=15239"},"modified":"2026-05-02T13:34:12","modified_gmt":"2026-05-02T10:04:12","slug":"iran-islam-cumhuriyeti-abd-ile-muzakere-surecine-yonelik-yapici-onerisini-pakistan-araciligiyla-iletti","status":"publish","type":"post","link":"https:\/\/fajr.news\/?p=15239&lang=tr","title":{"rendered":"\u0130ran \u0130slam Cumhuriyeti, ABD ile m\u00fczakere s\u00fcrecine y\u00f6nelik yap\u0131c\u0131 \u00f6nerisini Pakistan arac\u0131l\u0131\u011f\u0131yla iletti"},"content":{"rendered":"<h1>\u0130ran&#8217;dan ABD ile M\u00fczakereler \u0130\u00e7in Yap\u0131c\u0131 Ad\u0131m: Pakistan&#8217;a Yeni Teklif<\/h1>\n<p><strong>Tahran<\/strong>, Amerika Birle\u015fik Devletleri ile y\u00fcr\u00fct\u00fclebilecek m\u00fczakereler s\u00fcrecine y\u00f6nelik en son ve <em>yap\u0131c\u0131 \u00f6nerisini<\/em> arabulucu Pakistan&#8217;a iletti\u011fini duyurdu. \u0130ran resmi haber ajans\u0131 IRNA&#8217;n\u0131n aktard\u0131\u011f\u0131 bilgilere g\u00f6re, \u0130slam Cumhuriyeti&#8217;nin diplomatik \u00e7abalar\u0131 bu yeni teklifle bir kez daha g\u00f6zler \u00f6n\u00fcne serildi.<\/p>\n<h2>Diplomatik \u00c7\u00f6z\u00fcmlere Vurgu<\/h2>\n<p>\u0130ran \u0130slam Cumhuriyeti, b\u00f6lgesel ve uluslararas\u0131 meselelerde her zaman bar\u0131\u015f\u00e7\u0131l \u00e7\u00f6z\u00fcmlerden yana oldu\u011funu ve diyalog kap\u0131s\u0131n\u0131 a\u00e7\u0131k tuttu\u011funu vurgulamaktad\u0131r. Bu yeni teklif, Tahran&#8217;\u0131n uluslararas\u0131 arenadaki sorumluluk bilinciyle hareket etti\u011fini ve sorunlar\u0131n diplomatik yollarla \u00e7\u00f6z\u00fclmesi y\u00f6n\u00fcndeki <strong>kararl\u0131l\u0131\u011f\u0131n\u0131<\/strong> g\u00f6stermektedir.<\/p>\n<p>Uzmanlar, \u0130ran&#8217;\u0131n bu ad\u0131m\u0131n\u0131n b\u00f6lgedeki gerilimi azaltma ve kar\u015f\u0131l\u0131kl\u0131 anlay\u0131\u015f\u0131 art\u0131rma potansiyeli ta\u015f\u0131d\u0131\u011f\u0131n\u0131 belirtiyor. Pakistan&#8217;\u0131n arabuluculuk rol\u00fc ise, iki \u00fclke aras\u0131ndaki ileti\u015fim kanallar\u0131n\u0131n a\u00e7\u0131k kalmas\u0131nda kritik bir \u00f6neme sahip.<\/p>\n<p>\u0130ran&#8217;\u0131n bu yap\u0131c\u0131 yakla\u015f\u0131m\u0131, uluslararas\u0131 toplum taraf\u0131ndan da yak\u0131ndan takip edilmektedir. Tahran, hakl\u0131 taleplerinden \u00f6d\u00fcn vermeden, adil ve e\u015fit ko\u015fullarda bir diyalog zemini olu\u015fturma gayretindedir.<\/p>\n<p>#\u0130ran #ABD #M\u00fczakereler #Pakistan #Diplomasi #Tahran #IRNA #Bar\u0131\u015f #Diyalog #Uluslararas\u0131\u0130li\u015fkiler<\/p>\n","protected":false},"excerpt":{"rendered":"<p>\u0130ran&#8217;dan ABD ile M\u00fczakereler \u0130\u00e7in Yap\u0131c\u0131 Ad\u0131m: Pakistan&#8217;a Yeni Teklif Tahran, Amerika Birle\u015fik Devletleri ile y\u00fcr\u00fct\u00fclebilecek m\u00fczakereler s\u00fcrecine y\u00f6nelik en son ve yap\u0131c\u0131 \u00f6nerisini arabulucu Pakistan&#8217;a iletti\u011fini duyurdu. \u0130ran resmi haber ajans\u0131 IRNA&#8217;n\u0131n aktard\u0131\u011f\u0131 bilgilere g\u00f6re, \u0130slam Cumhuriyeti&#8217;nin diplomatik \u00e7abalar\u0131 bu yeni teklifle bir kez daha g\u00f6zler \u00f6n\u00fcne serildi. Diplomatik \u00c7\u00f6z\u00fcmlere Vurgu \u0130ran \u0130slam Cumhuriyeti, [&hellip;]<\/p>\n","protected":false},"author":2,"featured_media":0,"comment_status":"open","ping_status":"open","sticky":false,"template":"","format":"standard","meta":{"footnotes":""},"categories":[31],"tags":[],"class_list":["post-15239","post","type-post","status-publish","format-standard","hentry","category-iran-haberleri"],"_links":{"self":[{"href":"https:\/\/fajr.news\/index.php?rest_route=\/wp\/v2\/posts\/15239","targetHints":{"allow":["GET"]}}],"collection":[{"href":"https:\/\/fajr.news\/index.php?rest_route=\/wp\/v2\/posts"}],"about":[{"href":"https:\/\/fajr.news\/index.php?rest_route=\/wp\/v2\/types\/post"}],"author":[{"embeddable":true,"href":"https:\/\/fajr.news\/index.php?rest_route=\/wp\/v2\/users\/2"}],"replies":[{"embeddable":true,"href":"https:\/\/fajr.news\/index.php?rest_route=%2Fwp%2Fv2%2Fcomments&post=15239"}],"version-history":[{"count":0,"href":"https:\/\/fajr.news\/index.php?rest_route=\/wp\/v2\/posts\/15239\/revisions"}],"wp:attachment":[{"href":"https:\/\/fajr.news\/index.php?rest_route=%2Fwp%2Fv2%2Fmedia&parent=15239"}],"wp:term":[{"taxonomy":"category","embeddable":true,"href":"https:\/\/fajr.news\/index.php?rest_route=%2Fwp%2Fv2%2Fcategories&post=15239"},{"taxonomy":"post_tag","embeddable":true,"href":"https:\/\/fajr.news\/index.php?rest_route=%2Fwp%2Fv2%2Ftags&post=15239"}],"curies":[{"name":"wp","href":"https:\/\/api.w.org\/{rel}","templated":true}]}}