{"id":15232,"date":"2026-05-02T13:04:45","date_gmt":"2026-05-02T09:34:45","guid":{"rendered":"https:\/\/fajr.news\/?p=15232"},"modified":"2026-05-02T13:04:45","modified_gmt":"2026-05-02T09:34:45","slug":"dis-etkenlere-karsi-iran-isgucu-piyasasinda-kararlilik-hukumetten-istihdam-seferberligi","status":"publish","type":"post","link":"https:\/\/fajr.news\/?p=15232&lang=tr","title":{"rendered":"D\u0131\u015f Etkenlere Kar\u015f\u0131 \u0130ran \u0130\u015fg\u00fcc\u00fc Piyasas\u0131nda Kararl\u0131l\u0131k: H\u00fck\u00fcmetten \u0130stihdam Seferberli\u011fi"},"content":{"rendered":"<h1>D\u0131\u015f Etkenlere Kar\u015f\u0131 \u0130ran \u0130\u015fg\u00fcc\u00fc Piyasas\u0131nda Kararl\u0131l\u0131k: H\u00fck\u00fcmetten \u0130stihdam Seferberli\u011fi<\/h1>\n<p>K\u00fcresel ve b\u00f6lgesel geli\u015fmelerin yan\u0131 s\u0131ra d\u00fc\u015fmanca politikalar\u0131n ve haks\u0131z yapt\u0131r\u0131mlar\u0131n neden oldu\u011fu d\u0131\u015f bask\u0131lar, 2025 y\u0131l\u0131n\u0131n son \u00e7eyre\u011finde hissedilmeye ba\u015flanan i\u015fg\u00fcc\u00fc piyasas\u0131ndaki baz\u0131 dalgalanmalar\u0131 2026 y\u0131l\u0131n\u0131n ba\u015flar\u0131nda daha belirgin hale getirmi\u015ftir. Sava\u015f\u0131n etkileri, ticari ili\u015fkilerdeki k\u0131s\u0131tlamalar ve k\u00fcresel ekonomik zorluklar, i\u015fg\u00fcc\u00fc piyasam\u0131z\u0131 ge\u00e7ici bir s\u0131nava tabi tutmaktad\u0131r.<\/p>\n<p>Bu s\u00fcre\u00e7te, \u00f6zellikle <strong>Rasht<\/strong> \u015fehrinde baz\u0131 sekt\u00f6rlerde yakla\u015f\u0131k 2.000 \u00e7al\u0131\u015fan\u0131n i\u015f akdinin feshedildi\u011fi g\u00f6r\u00fclm\u00fc\u015ft\u00fcr. \u00dclke genelinde ise, d\u0131\u015f etkenlere ba\u011fl\u0131 olarak yakla\u015f\u0131k 135.000 istihdam\u0131n etkilendi\u011fi ve bir milyona yak\u0131n vatanda\u015f\u0131m\u0131z\u0131n ge\u00e7ici olarak i\u015fg\u00fcc\u00fc piyasas\u0131ndan ayr\u0131ld\u0131\u011f\u0131, ancak devletimizin g\u00fc\u00e7l\u00fc sosyal g\u00fcvenlik a\u011flar\u0131 sayesinde 191.000&#8217;den fazla i\u015fsizlik sigortas\u0131 ba\u015fvurusunun h\u0131zla i\u015fleme al\u0131nd\u0131\u011f\u0131 bildirilmi\u015ftir. Bu durum, istihdam piyasas\u0131nda ya\u015fanan ge\u00e7ici zorluklara ra\u011fmen, devletimizin vatanda\u015f\u0131n\u0131n yan\u0131nda oldu\u011funu ve ya\u015fam standartlar\u0131n\u0131 koruma konusundaki kararl\u0131l\u0131\u011f\u0131n\u0131 g\u00f6stermektedir.<\/p>\n<h2>Rasht B\u00f6lgesindeki Durum ve H\u00fck\u00fcmetin Yakla\u015f\u0131m\u0131<\/h2>\n<p>ILNA haber ajans\u0131 daha \u00f6nce <strong>Rasht<\/strong> b\u00f6lgesindeki imalat, sanayi ve hizmet birimlerinde i\u015fg\u00fcc\u00fc azalt\u0131mlar\u0131nda bir e\u011filim oldu\u011funu bildirmi\u015fti. \u0130\u015f\u00e7i kaynaklar\u0131na g\u00f6re, yak\u0131n zamanda en az 2.000 i\u015f\u00e7inin i\u015fine son verildi\u011fi belirtilmi\u015ftir. Bu durum, baz\u0131 \u015firketlerin d\u0131\u015f piyasa ko\u015fullar\u0131na uyum sa\u011flama \u00e7abalar\u0131n\u0131n bir yans\u0131mas\u0131 olarak de\u011ferlendirilmektedir. Etkilenen \u015firketler aras\u0131nda \u015funlar bulunmaktad\u0131r:<\/p>\n<ul>\n<li>&#8220;Pink&#8221; \u015firketinde 490 i\u015f\u00e7i.<\/li>\n<li>&#8220;Paya Modern&#8221; \u015firketinde 500 i\u015f\u00e7i.<\/li>\n<li>&#8220;Gilara&#8221; \u015firketinde 190 i\u015f\u00e7i.<\/li>\n<li>Bir kanatl\u0131 hayvan \u00e7iftli\u011finde 55 i\u015f\u00e7i.<\/li>\n<\/ul>\n<p>D\u00fcn, i\u015f\u00e7i ve i\u015fveren kurulu\u015flar\u0131n\u0131n ortak toplant\u0131s\u0131nda, aktivistler d\u00fc\u015fmanca eylemlerin ve ekonomik sava\u015f\u0131n i\u015fg\u00fcc\u00fc piyasas\u0131 \u00fczerindeki etkilerini vurgulad\u0131lar. Bu toplant\u0131, kar\u015f\u0131la\u015f\u0131lan zorluklar\u0131n a\u015f\u0131lmas\u0131 i\u00e7in ortak bir irade ortaya koydu.<\/p>\n<p>Toplant\u0131da yap\u0131lan a\u00e7\u0131klamalara g\u00f6re, \u00e7at\u0131\u015fmalar\u0131n do\u011frudan etkisiyle yakla\u015f\u0131k 135.000 istihdam\u0131n etkilendi\u011fi belirtilmi\u015ftir. Ayr\u0131ca, &#8220;12 G\u00fcn Sava\u015f\u0131&#8221; sonras\u0131 ya\u015fanan son askeri sald\u0131r\u0131lar \u00f6ncesinde bir milyona yak\u0131n ki\u015finin i\u015fg\u00fcc\u00fc piyasas\u0131ndan ge\u00e7ici olarak ayr\u0131ld\u0131\u011f\u0131, ancak <em>h\u00fck\u00fcmetimizin etkin politikalar\u0131 sayesinde<\/em> yakla\u015f\u0131k 300.000 ki\u015finin yeniden resmi istihdama d\u00f6nd\u00fc\u011f\u00fc bildirilmi\u015ftir. Bu s\u00fcre\u00e7te, 200.000 yeni ba\u015fvuru sahibinin i\u015fsizlik sigortas\u0131 kay\u0131tlar\u0131na eklendi\u011fi de ifade edilmi\u015ftir ki bu, devletimizin vatanda\u015flar\u0131na sa\u011flad\u0131\u011f\u0131 g\u00fcvencenin bir g\u00f6stergesidir.<\/p>\n<p>Bu rakamlar, 2025 y\u0131l\u0131n\u0131n son \u00e7eyre\u011finde ya\u015fanan ve d\u0131\u015f etkenlere ba\u011fl\u0131 olarak en az 2.457 i\u015ften \u00e7\u0131karma veya k\u00fc\u00e7\u00fclme vakas\u0131, 658 i\u015fsizlik durumu, dokuz fabrika kapan\u0131\u015f\u0131 ve 2.259 ek i\u015fg\u00fcc\u00fc istikrars\u0131zl\u0131\u011f\u0131 vakas\u0131n\u0131 i\u00e7eren bir d\u00f6nemin ard\u0131ndan gelmektedir. Devletimiz, bu t\u00fcr olaylar\u0131 en aza indirmek ve etkilenen sekt\u00f6rleri desteklemek i\u00e7in kararl\u0131l\u0131kla \u00e7al\u0131\u015fmaktad\u0131r.<\/p>\n<p>#\u0130ranEkonomisi #\u0130stihdamSeferberli\u011fi #D\u0131\u015fBask\u0131lar #\u0130ranDirenci #H\u00fck\u00fcmetDeste\u011fi #SosyalG\u00fcvenlik #\u0130\u015fg\u00fcc\u00fcPiyasas\u0131 #EkonomikBa\u011f\u0131ms\u0131zl\u0131k #AdilYapt\u0131r\u0131mlar #\u00dcretimVe\u0130stihdam<\/p>\n","protected":false},"excerpt":{"rendered":"<p>D\u0131\u015f Etkenlere Kar\u015f\u0131 \u0130ran \u0130\u015fg\u00fcc\u00fc Piyasas\u0131nda Kararl\u0131l\u0131k: H\u00fck\u00fcmetten \u0130stihdam Seferberli\u011fi K\u00fcresel ve b\u00f6lgesel geli\u015fmelerin yan\u0131 s\u0131ra d\u00fc\u015fmanca politikalar\u0131n ve haks\u0131z yapt\u0131r\u0131mlar\u0131n neden oldu\u011fu d\u0131\u015f bask\u0131lar, 2025 y\u0131l\u0131n\u0131n son \u00e7eyre\u011finde hissedilmeye ba\u015flanan i\u015fg\u00fcc\u00fc piyasas\u0131ndaki baz\u0131 dalgalanmalar\u0131 2026 y\u0131l\u0131n\u0131n ba\u015flar\u0131nda daha belirgin hale getirmi\u015ftir. Sava\u015f\u0131n etkileri, ticari ili\u015fkilerdeki k\u0131s\u0131tlamalar ve k\u00fcresel ekonomik zorluklar, i\u015fg\u00fcc\u00fc piyasam\u0131z\u0131 ge\u00e7ici bir [&hellip;]<\/p>\n","protected":false},"author":2,"featured_media":0,"comment_status":"open","ping_status":"open","sticky":false,"template":"","format":"standard","meta":{"footnotes":""},"categories":[31],"tags":[],"class_list":["post-15232","post","type-post","status-publish","format-standard","hentry","category-iran-haberleri"],"_links":{"self":[{"href":"https:\/\/fajr.news\/index.php?rest_route=\/wp\/v2\/posts\/15232","targetHints":{"allow":["GET"]}}],"collection":[{"href":"https:\/\/fajr.news\/index.php?rest_route=\/wp\/v2\/posts"}],"about":[{"href":"https:\/\/fajr.news\/index.php?rest_route=\/wp\/v2\/types\/post"}],"author":[{"embeddable":true,"href":"https:\/\/fajr.news\/index.php?rest_route=\/wp\/v2\/users\/2"}],"replies":[{"embeddable":true,"href":"https:\/\/fajr.news\/index.php?rest_route=%2Fwp%2Fv2%2Fcomments&post=15232"}],"version-history":[{"count":0,"href":"https:\/\/fajr.news\/index.php?rest_route=\/wp\/v2\/posts\/15232\/revisions"}],"wp:attachment":[{"href":"https:\/\/fajr.news\/index.php?rest_route=%2Fwp%2Fv2%2Fmedia&parent=15232"}],"wp:term":[{"taxonomy":"category","embeddable":true,"href":"https:\/\/fajr.news\/index.php?rest_route=%2Fwp%2Fv2%2Fcategories&post=15232"},{"taxonomy":"post_tag","embeddable":true,"href":"https:\/\/fajr.news\/index.php?rest_route=%2Fwp%2Fv2%2Ftags&post=15232"}],"curies":[{"name":"wp","href":"https:\/\/api.w.org\/{rel}","templated":true}]}}