{"id":15198,"date":"2026-05-02T12:11:04","date_gmt":"2026-05-02T08:41:04","guid":{"rendered":"https:\/\/fajr.news\/?p=15198"},"modified":"2026-05-02T12:11:04","modified_gmt":"2026-05-02T08:41:04","slug":"orta-dogu-savasi-canli-trump-abd-kongresine-irandaki-dusmanliklarin-sona-erdigini-soyledi","status":"publish","type":"post","link":"https:\/\/fajr.news\/?p=15198&lang=tr","title":{"rendered":"Orta Do\u011fu sava\u015f\u0131 canl\u0131: Trump, ABD Kongresi&#8217;ne \u0130ran&#8217;daki d\u00fc\u015fmanl\u0131klar\u0131n &#8216;sona erdi\u011fini&#8217; s\u00f6yledi"},"content":{"rendered":"<p>Canl\u0131<br \/>\nABD Ba\u015fkan\u0131 Donald Trump Cuma g\u00fcn\u00fc ABD&#8217;li \u00fcst d\u00fczey milletvekillerine, ABD ile \u0130ran aras\u0131ndaki \u00e7at\u0131\u015fmalar\u0131n Nisan ay\u0131ndaki ate\u015fkesle sona erdi\u011fini bildirdi. Ba\u015fkan&#8217;\u0131n Temsilciler Meclisi Ba\u015fkan\u0131 Mike Johnson ve Senato Ge\u00e7ici Ba\u015fkan\u0131 Chuck Grassley&#8217;e g\u00f6nderdi\u011fi mektuplar, sava\u015f i\u00e7in Kongre onay\u0131n\u0131n al\u0131nmas\u0131 i\u00e7in belirlenen 60 g\u00fcnl\u00fck s\u00fcrenin dolmas\u0131n\u0131n ard\u0131ndan geldi. En son geli\u015fmeler i\u00e7in canl\u0131 blogumuzu takip edin.<br \/>\nAlmanya Savunma Bakan\u0131, ABD askerlerinin Almanya&#8217;dan \u00e7ekilmesinin beklendi\u011fini ve Avrupa&#8217;n\u0131n kendi g\u00fcvenli\u011fini sa\u011flamak i\u00e7in daha fazlas\u0131n\u0131 yapmas\u0131 gerekti\u011fini s\u00f6yledi.<br \/>\nBoris Pistorius, bakanl\u0131\u011f\u0131 taraf\u0131ndan AFP&#8217;ye g\u00f6nderilen bir a\u00e7\u0131klamada, &#8220;ABD askerlerinin Avrupa&#8217;dan ve Almanya&#8217;dan \u00e7ekilmesi bekleniyordu&#8221; dedi. &#8220;Biz Avrupal\u0131lar g\u00fcvenli\u011fimiz i\u00e7in daha fazla sorumluluk almal\u0131y\u0131z&#8221; diye ekledi.<br \/>\nPentagon Cuma g\u00fcn\u00fc, ABD&#8217;nin \u00f6n\u00fcm\u00fczdeki y\u0131l Almanya&#8217;dan yakla\u015f\u0131k 5.000 askerin \u00e7ekilmesi emrini verdi\u011fini do\u011frulad\u0131.<br \/>\nNobel Bar\u0131\u015f \u00d6d\u00fcl\u00fc sahibi Narges Mohammadi&#8217;nin, ailesi taraf\u0131ndan y\u00f6netilen bir vakf\u0131n a\u00e7\u0131klamas\u0131na g\u00f6re, &#8220;sa\u011fl\u0131\u011f\u0131nda felaket bir k\u00f6t\u00fcle\u015fme&#8221; ve &#8220;kalp krizi&#8221; ge\u00e7irmesinin ard\u0131ndan \u0130ran&#8217;da bir hastanede oldu\u011fu belirtildi.<br \/>\nMohammadi&#8217;ye 2023 \u00f6d\u00fcl\u00fcn\u00fc veren Norve\u00e7 Nobel Komitesi sekreteri Per\u015fembe g\u00fcn\u00fc, \u0130ranl\u0131 insan haklar\u0131 aktivistinin hapishanede kalp krizi ge\u00e7irmesinin ard\u0131ndan durumunun k\u00f6t\u00fcle\u015fti\u011fi y\u00f6n\u00fcndeki endi\u015felerini dile getirdi.<br \/>\n50&#8217;li ya\u015flar\u0131ndaki Mohammadi, \u0130ran&#8217;da kad\u0131n haklar\u0131n\u0131 ilerletme ve \u00f6l\u00fcm cezas\u0131n\u0131 kald\u0131rma kampanyas\u0131 nedeniyle hapisteyken \u00f6d\u00fcl\u00fc kazanm\u0131\u015ft\u0131.<br \/>\nNarges Mohammadi Vakf\u0131 Cuma g\u00fcn\u00fc web sitesinde yapt\u0131\u011f\u0131 a\u00e7\u0131klamada, aktivistin &#8220;sa\u011fl\u0131\u011f\u0131nda felaket bir k\u00f6t\u00fcle\u015fme, iki kez tam bilin\u00e7 kayb\u0131 ve \u015fiddetli bir kalp krizi ge\u00e7irmesinin ard\u0131ndan bug\u00fcn acilen Zencan&#8217;daki bir hastaneye nakledildi\u011fini&#8221; belirtti.<br \/>\n&#8220;Bu nakil, cezaevi doktorlar\u0131n\u0131n durumunun yerinde y\u00f6netilemeyece\u011fini belirlemesi \u00fczerine ka\u00e7\u0131n\u0131lmaz bir zorunluluk olarak yap\u0131ld\u0131, oysa kendisinin Tahran&#8217;daki uzman ekibi taraf\u0131ndan tedavi edilmesi y\u00f6n\u00fcnde s\u00fcrekli t\u0131bbi tavsiyeler bulunuyordu.&#8221;<br \/>\n\u0130ran medyas\u0131, \u0130srail ad\u0131na casusluk yapmakla su\u00e7lanan iki ki\u015finin idam edildi\u011fini bildirdi; bunlardan biri, merkezi \u0130sfahan eyaletindeki Natanz n\u00fckleer tesisinin yak\u0131nlar\u0131nda istihbarat toplamakla su\u00e7lan\u0131yordu.<br \/>\nYarg\u0131 kaynaklar\u0131n\u0131n aktard\u0131\u011f\u0131na g\u00f6re, Yaghoub Karimpour ve Nasser Bakarzadeh, \u0130srail ve casusluk te\u015fkilat\u0131 Mossad ile istihbarat i\u015fbirli\u011fi yapmaktan su\u00e7lu bulunmalar\u0131n\u0131n ard\u0131ndan as\u0131ld\u0131.<br \/>\nKarimpour&#8217;un hassas bilgileri bir Mossad subay\u0131na iletti\u011fi, Bakarzadeh&#8217;in ise h\u00fck\u00fcmet ve dini \u015fahsiyetler ile Natanz b\u00f6lgesi de dahil olmak \u00fczere kilit yerler hakk\u0131nda bilgi toplamakla su\u00e7land\u0131\u011f\u0131 belirtildi.<br \/>\nBir \u0130ranl\u0131 askeri yetkili, bar\u0131\u015f g\u00f6r\u00fc\u015fmelerinin durma noktas\u0131na gelmesi ve Ba\u015fkan Donald Trump&#8217;\u0131n \u0130ran&#8217;\u0131n m\u00fczakerelerdeki son teklifini ele\u015ftirmesi nedeniyle ABD ile yeniden bir \u00e7at\u0131\u015fman\u0131n &#8220;muhtemel&#8221; oldu\u011funu s\u00f6yledi.<br \/>\n\u0130ran&#8217;\u0131n Fars haber ajans\u0131n\u0131n aktard\u0131\u011f\u0131na g\u00f6re, askeri merkezi komuta merkezi Hatem-\u00fcl Enbiya&#8217;dan Muhammed Cafer Asadi, &#8220;\u0130ran ile ABD aras\u0131nda yeniden bir \u00e7at\u0131\u015fma muhtemeldir ve kan\u0131tlar ABD&#8217;nin hi\u00e7bir s\u00f6z\u00fcne veya anla\u015fmas\u0131na ba\u011fl\u0131 kalmad\u0131\u011f\u0131n\u0131 g\u00f6stermi\u015ftir&#8221; dedi.<br \/>\nPentagon Cuma g\u00fcn\u00fc yapt\u0131\u011f\u0131 a\u00e7\u0131klamada, ABD Savunma Bakan\u0131 Pete Hegseth&#8217;in \u00f6n\u00fcm\u00fczdeki y\u0131l i\u00e7inde Almanya&#8217;dan yakla\u015f\u0131k 5.000 askerin \u00e7ekilmesi emrini verdi\u011fini s\u00f6yledi.<br \/>\nTrump, Pazartesi g\u00fcn\u00fc \u0130ran&#8217;\u0131n Washington&#8217;\u0131 m\u00fczakere masas\u0131nda &#8220;a\u015fa\u011f\u0131lad\u0131\u011f\u0131n\u0131&#8221; s\u00f6yleyen Almanya Ba\u015fbakan\u0131 Friedrich Merz&#8217;i yeniden ele\u015ftirdi. Trump, Merz&#8217;in &#8220;\u0130ran&#8217;\u0131n N\u00fckleer Silaha sahip olmas\u0131n\u0131n sorun olmad\u0131\u011f\u0131n\u0131 d\u00fc\u015f\u00fcnd\u00fc\u011f\u00fcn\u00fc. Ne hakk\u0131nda konu\u015ftu\u011funu bilmiyor!&#8221; dedi.<br \/>\n\u00c7ar\u015famba g\u00fcn\u00fc, Amerikal\u0131 lider Washington&#8217;\u0131n Almanya&#8217;daki ABD askerlerinin &#8220;olas\u0131 azalt\u0131lmas\u0131n\u0131 inceledi\u011fini ve g\u00f6zden ge\u00e7irdi\u011fini&#8221; ve &#8220;k\u0131sa bir s\u00fcre i\u00e7inde&#8221; karar verece\u011fini s\u00f6yledi.<br \/>\nPentagon s\u00f6zc\u00fcs\u00fc Sean Parnell Cuma g\u00fcn\u00fc yapt\u0131\u011f\u0131 a\u00e7\u0131klamada, &#8220;\u00c7ekilmenin \u00f6n\u00fcm\u00fczdeki alt\u0131 ila on iki ay i\u00e7inde tamamlanmas\u0131n\u0131 bekliyoruz&#8221; dedi.<br \/>\nABD Ba\u015fkan\u0131 Donald Trump Cuma g\u00fcn\u00fc ABD&#8217;li \u00fcst d\u00fczey milletvekillerine, \u00e7at\u0131\u015fman\u0131n \u00fc\u00e7\u00fcnc\u00fc ay\u0131na girmesiyle Kongre&#8217;den yetki alma bask\u0131s\u0131 alt\u0131na girdikten sonra \u0130ran&#8217;daki d\u00fc\u015fmanl\u0131klar\u0131n sona erdi\u011fini s\u00f6yledi.<br \/>\nTemsilciler Meclisi Ba\u015fkan\u0131 Mike Johnson ve Senato Ge\u00e7ici Ba\u015fkan\u0131 Chuck Grassley&#8217;e yazd\u0131\u011f\u0131 mektuplarda, &#8220;7 Nisan 2026&#8217;dan bu yana ABD Kuvvetleri ile \u0130ran aras\u0131nda herhangi bir ate\u015f al\u0131\u015fveri\u015fi olmam\u0131\u015ft\u0131r. 28 \u015eubat 2026&#8217;da ba\u015flayan d\u00fc\u015fmanl\u0131klar sona ermi\u015ftir&#8221; diye yazd\u0131.<br \/>\nABD Ba\u015fkan\u0131 Donald Trump Cuma g\u00fcn\u00fc, haftalar s\u00fcren ate\u015fkese ra\u011fmen bar\u0131\u015f g\u00f6r\u00fc\u015fmelerinin donmu\u015f kalmas\u0131 nedeniyle yeni bir \u0130ran m\u00fczakere teklifinden &#8220;memnun olmad\u0131\u011f\u0131n\u0131&#8221; s\u00f6yledi.<br \/>\nIRNA haber ajans\u0131, \u0130ran&#8217;\u0131n tasla\u011f\u0131 Per\u015fembe ak\u015fam\u0131 arabulucu Pakistan&#8217;a teslim etti\u011fini bildirdi, ancak i\u00e7eri\u011fi hakk\u0131nda ayr\u0131nt\u0131 vermedi.<br \/>\nTrump gazetecilere verdi\u011fi deme\u00e7te, &#8220;\u015eu anda sunduklar\u0131ndan memnun de\u011filim&#8221; dedi ve durmu\u015f g\u00f6r\u00fc\u015fmelerin \u0130ran liderli\u011fi i\u00e7indeki &#8220;muazzam anla\u015fmazl\u0131\u011f\u0131n&#8221; bir sonucu oldu\u011funu iddia etti.<br \/>\n&#8220;Gidip onlar\u0131 cehenneme mi yollayal\u0131m ve sonsuza dek bitirelim mi \u2013 yoksa bir anla\u015fma yapmaya m\u0131 \u00e7al\u0131\u015fal\u0131m?&#8221; diye ekledi ve &#8220;insani temelde&#8221; ilk se\u00e7ene\u011fi &#8220;tercih etmeyece\u011fini&#8221; s\u00f6yledi.<br \/>\nABD Hazine Bakanl\u0131\u011f\u0131, nakliyecileri H\u00fcrm\u00fcz Bo\u011faz\u0131&#8217;ndan ge\u00e7i\u015f i\u00e7in, hay\u0131rseverlik \u015feklinde bile olsa, ge\u00e7i\u015f \u00fccreti \u00f6dememeleri konusunda uyard\u0131.<br \/>\n(FRANCE 24, AFP, AP ve Reuters ile)<br \/>\n#Trump #\u0130ran #ABD\u0130ranGerilimi #ABDAsker\u00c7ekme #NargesMohammadi #NobelBar\u0131\u015f\u00d6d\u00fcl\u00fc #\u0130ran\u0130damlar\u0131 #Ortado\u011fu #Bar\u0131\u015fG\u00f6r\u00fc\u015fmeleri #H\u00fcrm\u00fczBo\u011faz\u0131<\/p>\n","protected":false},"excerpt":{"rendered":"<p>Canl\u0131 ABD Ba\u015fkan\u0131 Donald Trump Cuma g\u00fcn\u00fc ABD&#8217;li \u00fcst d\u00fczey milletvekillerine, ABD ile \u0130ran aras\u0131ndaki \u00e7at\u0131\u015fmalar\u0131n Nisan ay\u0131ndaki ate\u015fkesle sona erdi\u011fini bildirdi. Ba\u015fkan&#8217;\u0131n Temsilciler Meclisi Ba\u015fkan\u0131 Mike Johnson ve Senato Ge\u00e7ici Ba\u015fkan\u0131 Chuck Grassley&#8217;e g\u00f6nderdi\u011fi mektuplar, sava\u015f i\u00e7in Kongre onay\u0131n\u0131n al\u0131nmas\u0131 i\u00e7in belirlenen 60 g\u00fcnl\u00fck s\u00fcrenin dolmas\u0131n\u0131n ard\u0131ndan geldi. En son geli\u015fmeler i\u00e7in canl\u0131 blogumuzu [&hellip;]<\/p>\n","protected":false},"author":2,"featured_media":15199,"comment_status":"open","ping_status":"open","sticky":false,"template":"","format":"standard","meta":{"footnotes":""},"categories":[37],"tags":[],"class_list":["post-15198","post","type-post","status-publish","format-standard","has-post-thumbnail","hentry","category-orta-dogu-haberleri"],"_links":{"self":[{"href":"https:\/\/fajr.news\/index.php?rest_route=\/wp\/v2\/posts\/15198","targetHints":{"allow":["GET"]}}],"collection":[{"href":"https:\/\/fajr.news\/index.php?rest_route=\/wp\/v2\/posts"}],"about":[{"href":"https:\/\/fajr.news\/index.php?rest_route=\/wp\/v2\/types\/post"}],"author":[{"embeddable":true,"href":"https:\/\/fajr.news\/index.php?rest_route=\/wp\/v2\/users\/2"}],"replies":[{"embeddable":true,"href":"https:\/\/fajr.news\/index.php?rest_route=%2Fwp%2Fv2%2Fcomments&post=15198"}],"version-history":[{"count":0,"href":"https:\/\/fajr.news\/index.php?rest_route=\/wp\/v2\/posts\/15198\/revisions"}],"wp:featuredmedia":[{"embeddable":true,"href":"https:\/\/fajr.news\/index.php?rest_route=\/wp\/v2\/media\/15199"}],"wp:attachment":[{"href":"https:\/\/fajr.news\/index.php?rest_route=%2Fwp%2Fv2%2Fmedia&parent=15198"}],"wp:term":[{"taxonomy":"category","embeddable":true,"href":"https:\/\/fajr.news\/index.php?rest_route=%2Fwp%2Fv2%2Fcategories&post=15198"},{"taxonomy":"post_tag","embeddable":true,"href":"https:\/\/fajr.news\/index.php?rest_route=%2Fwp%2Fv2%2Ftags&post=15198"}],"curies":[{"name":"wp","href":"https:\/\/api.w.org\/{rel}","templated":true}]}}