{"id":15190,"date":"2026-05-02T12:04:04","date_gmt":"2026-05-02T08:34:04","guid":{"rendered":"https:\/\/fajr.news\/?p=15190"},"modified":"2026-05-02T12:04:04","modified_gmt":"2026-05-02T08:34:04","slug":"trump-iranin-son-baris-onerisinden-memnun-olmadigini-soyledi","status":"publish","type":"post","link":"https:\/\/fajr.news\/?p=15190&lang=tr","title":{"rendered":"Trump, \u0130ran&#8217;\u0131n son bar\u0131\u015f \u00f6nerisinden &#8216;memnun olmad\u0131\u011f\u0131n\u0131&#8217; s\u00f6yledi"},"content":{"rendered":"<p>Devlet medyas\u0131na g\u00f6re, \u0130ran, Pakistanl\u0131 yetkililer arac\u0131l\u0131\u011f\u0131yla ABD&#8217;ye yeni bir bar\u0131\u015f \u00f6nerisi g\u00f6nderdi. Trump, bu \u00f6neriden &#8216;memnun olmad\u0131\u011f\u0131n\u0131&#8217; belirtti. Trump y\u00f6netimi, ABD&#8217;nin kongre deste\u011fi i\u00e7in 60 g\u00fcnl\u00fck s\u00fcreyi doldurmas\u0131yla sava\u015f\u0131n &#8216;sona erdi\u011fini&#8217; iddia etti. \u0130srail, ate\u015fkes anla\u015fmas\u0131n\u0131n uzat\u0131lmas\u0131na ra\u011fmen L\u00fcbnan&#8217;\u0131 vurmaya devam ediyor. \u0130ran&#8217;\u0131n dini lideri ise yapt\u0131\u011f\u0131 a\u00e7\u0131klamada n\u00fckleer yeteneklerini koruyaca\u011f\u0131na yemin etti.<\/p>\n<p>ABD Ba\u015fkan\u0131 Donald Trump, \u0130ran&#8217;\u0131n son bar\u0131\u015f \u00f6nerisinden &#8216;memnun olmad\u0131\u011f\u0131n\u0131&#8217; s\u00f6yleyerek, plan\u0131 neredeyse teslim edildi\u011fi anda reddetti.<\/p>\n<p>\u0130ran&#8217;\u0131n devlet haber ajans\u0131 IRNA&#8217;ya g\u00f6re, \u0130ran \u00f6neriyi Per\u015fembe gecesi Pakistan&#8217;daki arabuluculara iletti.<\/p>\n<p>Cuma g\u00fcn\u00fc Beyaz Saray&#8217;dan Florida&#8217;ya gitmek \u00fczere ayr\u0131l\u0131rken gazetecilere konu\u015fan Trump, &#8216;Bir anla\u015fma yapmak istiyorlar, ben bundan memnun de\u011filim, bu y\u00fczden ne olaca\u011f\u0131n\u0131 g\u00f6rece\u011fiz,&#8217; dedi.<\/p>\n<p>ABD ile \u0130ran aras\u0131ndaki \u00fc\u00e7 haftal\u0131k k\u0131r\u0131lgan ate\u015fkes, her iki \u00fclkenin de ihlal su\u00e7lamalar\u0131yla kar\u015f\u0131 kar\u015f\u0131ya kalmas\u0131na ra\u011fmen hala devam ediyor gibi g\u00f6r\u00fcn\u00fcyor.<\/p>\n<p>Trump, son \u00f6nerinin eksikliklerini ne olarak g\u00f6rd\u00fc\u011f\u00fcne dair ayr\u0131nt\u0131 vermedi. &#8216;Kabul edemeyece\u011fim \u015feyler istiyorlar,&#8217; diye ekledi.<\/p>\n<p>Ba\u015fkan Trump, ge\u00e7en hafta Pakistan&#8217;a yap\u0131lmas\u0131 planlanan el\u00e7iler gezisini iptal ettikten sonra m\u00fczakerelerin telefonla devam etti\u011fini belirtti. \u0130ran liderli\u011finden duydu\u011fu hayal k\u0131r\u0131kl\u0131\u011f\u0131n\u0131 dile getirerek, liderli\u011fi par\u00e7alanm\u0131\u015f olarak nitelendirdi.<\/p>\n<p>&#8216;\u00c7ok kopuk bir liderlik,&#8217; dedi. &#8216;Hepsi bir anla\u015fma yapmak istiyor ama hepsi darmada\u011f\u0131n\u0131k.&#8217;<\/p>\n<p>ABD, \u0130ran&#8217;\u0131n H\u00fcrm\u00fcz Bo\u011faz\u0131&#8217;ndaki suyolunu neredeyse tamamen d\u00fcnyaya kapatmas\u0131na yan\u0131t olarak, 13 Nisan&#8217;dan bu yana \u0130ran limanlar\u0131na deniz ablukas\u0131 uyguluyor.<\/p>\n<p>Cuma g\u00fcn\u00fc, k\u00fcresel g\u00f6sterge Brent ham petrol\u00fcn varil fiyat\u0131 yakla\u015f\u0131k 111 dolar (yakla\u015f\u0131k 81.41 sterlin) civar\u0131ndayd\u0131.<\/p>\n<p>Daha \u00f6nce, Trump y\u00f6netimi, kongre onay\u0131 i\u00e7in yasal bir son tarihe ula\u015f\u0131lmas\u0131yla sava\u015f\u0131n fiilen sona erdi\u011fini iddia etmi\u015fti.<\/p>\n<p>1973 tarihli Sava\u015f Yetkileri Karar\u0131 uyar\u0131nca, ABD ba\u015fkan\u0131, Kongre sava\u015f ilan etmedik\u00e7e veya askeri g\u00fc\u00e7 kullan\u0131m\u0131na izin vermedik\u00e7e ya da 30 g\u00fcnl\u00fck bir uzatma talep edilmedik\u00e7e, askeri bir harekat\u0131 60 g\u00fcn sonra sonland\u0131rmak zorundad\u0131r.<\/p>\n<p>Trump, sava\u015f\u0131 2 Mart&#8217;ta resmen yasa yap\u0131c\u0131lara bildirmi\u015fti, bu da 60 g\u00fcnl\u00fck s\u00fcrenin 1 May\u0131s&#8217;ta sona erece\u011fi anlam\u0131na geliyordu.<\/p>\n<p>Ancak, AP&#8217;ye isminin a\u00e7\u0131klanmamas\u0131 ko\u015fuluyla konu\u015fan \u00fcst d\u00fczey bir y\u00f6netim yetkilisi, ABD ve \u0130ran&#8217;\u0131n 7 Nisan&#8217;dan bu yana kar\u015f\u0131l\u0131kl\u0131 ate\u015f a\u00e7mamas\u0131 nedeniyle sava\u015f\u0131n &#8216;sona erdi\u011fini&#8217; s\u00f6yledi.<\/p>\n<p>&#8216;Sava\u015f yetkileri karar\u0131 ama\u00e7lar\u0131 do\u011frultusunda, 28 \u015eubat Cumartesi g\u00fcn\u00fc ba\u015flayan d\u00fc\u015fmanl\u0131klar sona ermi\u015ftir,&#8217; dediler.<\/p>\n<p>ABD Savunma Bakan\u0131 Pete Hegseth de Per\u015fembe g\u00fcnk\u00fc bir duru\u015fmada, Trump y\u00f6netiminin ate\u015fkes nedeniyle &#8217;60 g\u00fcnl\u00fck s\u00fcrenin duraklad\u0131\u011f\u0131 veya durdu\u011fu&#8217; y\u00f6n\u00fcnde bir anlay\u0131\u015fa sahip oldu\u011funu belirtti.<\/p>\n<p>Bir\u00e7ok Cumhuriyet\u00e7i, sava\u015f\u0131n ba\u015flang\u0131c\u0131nda Kongre&#8217;nin m\u00fcdahale etmesi i\u00e7in 1 May\u0131s&#8217;ta bir son tarih olaca\u011f\u0131n\u0131 vurgulam\u0131\u015ft\u0131, ancak yasa yap\u0131c\u0131lar bir haftal\u0131k ara verdi\u011fi i\u00e7in herhangi bir eylem planlanmad\u0131.<\/p>\n<p>Per\u015fembe g\u00fcn\u00fc Senato&#8217;da \u0130ran&#8217;daki sava\u015f\u0131 durdurmaya y\u00f6nelik alt\u0131nc\u0131 teklif reddedildi, iki Cumhuriyet\u00e7i lehte oy kulland\u0131.<\/p>\n<p>\u0130ran n\u00fckleer yeteneklerini koruyaca\u011f\u0131na yemin etti.<\/p>\n<p>\u0130ran&#8217;\u0131n son bar\u0131\u015f \u00f6nerisinin ne i\u00e7erdi\u011fi hen\u00fcz belli de\u011fil, ancak \u0130ran&#8217;\u0131n dini lideri Per\u015fembe g\u00fcn\u00fc \u0130slam Cumhuriyeti&#8217;nin n\u00fckleer ve f\u00fcze yeteneklerini koruyaca\u011f\u0131na yemin etti; bu, uluslar aras\u0131ndaki \u00f6nemli bir anla\u015fmazl\u0131k noktas\u0131.<\/p>\n<p>Devlet televizyonu sunucusu taraf\u0131ndan okunan bir a\u00e7\u0131klamada, Ayetullah Mojtaba Hamenei, ABD&#8217;nin Basra K\u00f6rfezi&#8217;nde ait oldu\u011fu tek yerin &#8216;sular\u0131n\u0131n dibi&#8217; oldu\u011funu s\u00f6yledi.<\/p>\n<p>Hamenei, &#8216;\u00dclke i\u00e7indeki ve d\u0131\u015f\u0131ndaki doksan milyon gururlu ve onurlu \u0130ranl\u0131, \u0130ran&#8217;\u0131n kimlik temelli, manevi, insani, bilimsel, end\u00fcstriyel ve teknolojik kapasitelerinin tamam\u0131n\u0131 &#8211; nanoteknoloji ve biyoteknolojiden n\u00fckleer ve f\u00fcze yeteneklerine kadar &#8211; ulusal olarak g\u00f6rmektedir,&#8217; dedi.<\/p>\n<p>Hamenei, sava\u015f\u0131n a\u00e7\u0131l\u0131\u015f hava sald\u0131r\u0131lar\u0131nda babas\u0131n\u0131n \u00f6ld\u00fcr\u00fclmesinin ard\u0131ndan dini liderli\u011fi devrald\u0131\u011f\u0131ndan beri kamuoyunda g\u00f6r\u00fclmedi.<\/p>\n<p>Hamenei&#8217;nin yard\u0131mc\u0131s\u0131 Muhsin Kumi, Cuma g\u00fcn\u00fc liderlik yapamayacak kadar iyi olmad\u0131\u011f\u0131 y\u00f6n\u00fcndeki haberleri yalanlayarak, aksini iddia etmenin &#8216;d\u00fc\u015fman\u0131n bir hilesi&#8217; oldu\u011funu belirtti.<\/p>\n<p>\u0130slam Devrim Muhaf\u0131zlar\u0131&#8217;na ba\u011fl\u0131 Fars Haber Ajans\u0131&#8217;na konu\u015fan Kumi, &#8216;\u015eu anda sa\u011fl\u0131\u011f\u0131 m\u00fckemmel ve i\u015fleri aktif olarak y\u00f6netiyor. M\u00fczakerelerle ilgili konular\u0131 ve saha operasyonlar\u0131n\u0131 do\u011frudan denetimi alt\u0131nda y\u00fcr\u00fct\u00fcyor,&#8217; dedi.<\/p>\n<p>\u0130srail-L\u00fcbnan sald\u0131r\u0131lar\u0131 ate\u015fkese ra\u011fmen devam ediyor.<\/p>\n<p>\u0130srail Cuma g\u00fcn\u00fc g\u00fcney L\u00fcbnan&#8217;a birka\u00e7 hava sald\u0131r\u0131s\u0131 d\u00fczenleyerek en az 10 ki\u015fiyi \u00f6ld\u00fcr\u00fcrken, militan Hizbullah grubu kuzey \u0130srail&#8217;e roket ve insans\u0131z hava ara\u00e7lar\u0131 f\u0131rlatt\u0131\u011f\u0131n\u0131 ve iki askerin yaraland\u0131\u011f\u0131n\u0131 bildirdi.<\/p>\n<p>Bu t\u00fcr sald\u0131r\u0131lar, 17 Nisan&#8217;dan bu yana y\u00fcr\u00fcrl\u00fckte olan ate\u015fkese ra\u011fmen devam etti.<\/p>\n<p>\u0130srail ordusu Cuma \u00f6\u011fleden sonra g\u00fcneydeki Nebatiye \u015fehri yak\u0131nlar\u0131ndaki L\u00fcbnan k\u00f6y\u00fc Habboush sakinlerini tahliye etmeye \u00e7a\u011f\u0131rarak, Hizbullah tesislerine yak\u0131n olanlar\u0131n tehlikede olaca\u011f\u0131 uyar\u0131s\u0131nda bulundu. Sa\u011fl\u0131k Bakanl\u0131\u011f\u0131, uyar\u0131 s\u0131ras\u0131nda Habboush&#8217;a d\u00fczenlenen hava sald\u0131r\u0131s\u0131nda aralar\u0131nda bir kad\u0131n ve bir \u00e7ocu\u011fun da bulundu\u011fu alt\u0131 ki\u015finin \u00f6ld\u00fc\u011f\u00fcn\u00fc ve sekiz ki\u015finin yaraland\u0131\u011f\u0131n\u0131 bildirdi.<\/p>\n<p>Devlet haber ajans\u0131 Ulusal Haber Ajans\u0131, di\u011fer \u00fc\u00e7 g\u00fcney k\u00f6y\u00fcne d\u00fczenlenen sald\u0131r\u0131larda d\u00f6rt ki\u015finin \u00f6ld\u00fc\u011f\u00fcn\u00fc bildirdi.<\/p>\n<p>Cuma \u00f6\u011fleden sonra itibar\u0131yla Hizbullah, \u0130srail askeri mevzilerine insans\u0131z hava ara\u00e7lar\u0131 ve roketler f\u0131rlatt\u0131\u011f\u0131n\u0131 belirten alt\u0131 a\u00e7\u0131klama yay\u0131nlad\u0131.<\/p>\n<p>#Trump #\u0130ran #Bar\u0131\u015f\u00d6nerisi #ABD\u0130ranGerilimi #N\u00fckleerProgram #H\u00fcrm\u00fczBo\u011faz\u0131 #\u0130srailL\u00fcbnan #Ate\u015fkes #Ortado\u011fu #K\u00fcreselSiyaset<\/p>\n","protected":false},"excerpt":{"rendered":"<p>Devlet medyas\u0131na g\u00f6re, \u0130ran, Pakistanl\u0131 yetkililer arac\u0131l\u0131\u011f\u0131yla ABD&#8217;ye yeni bir bar\u0131\u015f \u00f6nerisi g\u00f6nderdi. Trump, bu \u00f6neriden &#8216;memnun olmad\u0131\u011f\u0131n\u0131&#8217; belirtti. Trump y\u00f6netimi, ABD&#8217;nin kongre deste\u011fi i\u00e7in 60 g\u00fcnl\u00fck s\u00fcreyi doldurmas\u0131yla sava\u015f\u0131n &#8216;sona erdi\u011fini&#8217; iddia etti. \u0130srail, ate\u015fkes anla\u015fmas\u0131n\u0131n uzat\u0131lmas\u0131na ra\u011fmen L\u00fcbnan&#8217;\u0131 vurmaya devam ediyor. \u0130ran&#8217;\u0131n dini lideri ise yapt\u0131\u011f\u0131 a\u00e7\u0131klamada n\u00fckleer yeteneklerini koruyaca\u011f\u0131na yemin etti. ABD [&hellip;]<\/p>\n","protected":false},"author":2,"featured_media":15191,"comment_status":"open","ping_status":"open","sticky":false,"template":"","format":"standard","meta":{"footnotes":""},"categories":[31],"tags":[],"class_list":["post-15190","post","type-post","status-publish","format-standard","has-post-thumbnail","hentry","category-iran-haberleri"],"_links":{"self":[{"href":"https:\/\/fajr.news\/index.php?rest_route=\/wp\/v2\/posts\/15190","targetHints":{"allow":["GET"]}}],"collection":[{"href":"https:\/\/fajr.news\/index.php?rest_route=\/wp\/v2\/posts"}],"about":[{"href":"https:\/\/fajr.news\/index.php?rest_route=\/wp\/v2\/types\/post"}],"author":[{"embeddable":true,"href":"https:\/\/fajr.news\/index.php?rest_route=\/wp\/v2\/users\/2"}],"replies":[{"embeddable":true,"href":"https:\/\/fajr.news\/index.php?rest_route=%2Fwp%2Fv2%2Fcomments&post=15190"}],"version-history":[{"count":0,"href":"https:\/\/fajr.news\/index.php?rest_route=\/wp\/v2\/posts\/15190\/revisions"}],"wp:featuredmedia":[{"embeddable":true,"href":"https:\/\/fajr.news\/index.php?rest_route=\/wp\/v2\/media\/15191"}],"wp:attachment":[{"href":"https:\/\/fajr.news\/index.php?rest_route=%2Fwp%2Fv2%2Fmedia&parent=15190"}],"wp:term":[{"taxonomy":"category","embeddable":true,"href":"https:\/\/fajr.news\/index.php?rest_route=%2Fwp%2Fv2%2Fcategories&post=15190"},{"taxonomy":"post_tag","embeddable":true,"href":"https:\/\/fajr.news\/index.php?rest_route=%2Fwp%2Fv2%2Ftags&post=15190"}],"curies":[{"name":"wp","href":"https:\/\/api.w.org\/{rel}","templated":true}]}}