{"id":15174,"date":"2026-05-02T11:43:29","date_gmt":"2026-05-02T08:13:29","guid":{"rendered":"https:\/\/fajr.news\/?p=15174"},"modified":"2026-05-02T11:43:29","modified_gmt":"2026-05-02T08:13:29","slug":"air-india-temmuz-ayina-kadar-yaklasik-100-yurt-ici-ve-yurt-disi-ucusunu-iptal-ediyor-ceo-campbell-wilson","status":"publish","type":"post","link":"https:\/\/fajr.news\/?p=15174&lang=tr","title":{"rendered":"Air India, Temmuz Ay\u0131na Kadar Yakla\u015f\u0131k 100 Yurt \u0130\u00e7i ve Yurt D\u0131\u015f\u0131 U\u00e7u\u015funu \u0130ptal Ediyor: CEO Campbell Wilson"},"content":{"rendered":"<p><strong>Air India<\/strong>, artan <strong>jet yak\u0131t\u0131 fiyatlar\u0131<\/strong> ve hava sahas\u0131 k\u0131s\u0131tlamalar\u0131 nedeniyle bir\u00e7ok yurt d\u0131\u015f\u0131 rotas\u0131n\u0131n i\u015fletilmesini a\u015f\u0131r\u0131 derecede pahal\u0131 hale getirmesiyle, zaten zarar eden havayolu \u015firketinin <strong>krizini<\/strong> derinle\u015ftirerek, Temmuz ay\u0131na kadar yakla\u015f\u0131k 100 yurt i\u00e7i ve yurt d\u0131\u015f\u0131 u\u00e7u\u015funu iptal etmeye haz\u0131rlan\u0131yor. Air India CEO&#8217;su ve genel m\u00fcd\u00fcr\u00fc Campbell Wilson Cuma g\u00fcn\u00fc \u00e7al\u0131\u015fanlar\u0131na yapt\u0131\u011f\u0131 a\u00e7\u0131klamada, \u015firketin Nisan ve May\u0131s aylar\u0131nda belirli yurt d\u0131\u015f\u0131 operasyonlar\u0131n\u0131 zaten azaltt\u0131\u011f\u0131n\u0131, ancak k\u00f6t\u00fcle\u015fen k\u00fcresel ko\u015fullar\u0131n ek kesintilerin art\u0131k Haziran ve Temmuz aylar\u0131na kadar uzayaca\u011f\u0131 anlam\u0131na geldi\u011fini belirtti.<\/p>\n<p>Wilson, personele g\u00f6nderdi\u011fi mesajda, &#8220;Nisan ve May\u0131s aylar\u0131 i\u00e7in baz\u0131 u\u00e7u\u015flar\u0131 azaltt\u0131k&#8230; <strong>jet yak\u0131t\u0131 fiyatlar\u0131ndaki devasa art\u0131\u015f<\/strong>, hava sahas\u0131 kapan\u0131\u015flar\u0131 ve daha uzun u\u00e7u\u015f rotalar\u0131yla birle\u015fti\u011finde, bir\u00e7ok uluslararas\u0131 u\u00e7u\u015fumuzun i\u015fletilmesini k\u00e2rs\u0131z hale getirdi,&#8221; ifadelerini kulland\u0131.<\/p>\n<p>ET&#8217;ye g\u00f6re, g\u00fcnl\u00fck yakla\u015f\u0131k 1.100 u\u00e7u\u015f ger\u00e7ekle\u015ftiren \u015firket, Haziran ay\u0131nda Avrupa, Kuzey Amerika, Avustralya ve Singapur&#8217;a olan operasyonlar\u0131n\u0131 azaltacak. \u00c7at\u0131\u015fman\u0131n neden oldu\u011fu hava sahas\u0131 k\u0131s\u0131tlamalar\u0131, havayolunu bir\u00e7ok uluslararas\u0131 hatta u\u00e7u\u015flar\u0131 y\u00f6nlendirmeye zorlayarak seyahat s\u00fcrelerini ve yak\u0131t t\u00fcketimini art\u0131rd\u0131. Wilson, bu fakt\u00f6rlerin birle\u015fiminin zarar eden havayolu i\u00e7in son derece zorlu bir i\u015fletme ortam\u0131 yaratt\u0131\u011f\u0131n\u0131 vurgulad\u0131.<\/p>\n<p>Temmuz ay\u0131na kadar seferleri daha da azaltmaktan ba\u015fka \u00e7ok az alternatif kald\u0131\u011f\u0131n\u0131 s\u00f6yledi. &#8220;M\u00fc\u015fterilerimizin planlar\u0131nda ve m\u00fcrettebat\u0131m\u0131z\u0131n g\u00f6revlendirmelerinde ya\u015fanan aksakl\u0131klardan b\u00fcy\u00fck \u00fcz\u00fcnt\u00fc duyuyoruz ve Orta Do\u011fu&#8217;daki durumun d\u00fczelmesini &#8211; ve <strong>H\u00fcrm\u00fcz Bo\u011faz\u0131<\/strong>&#8216;n\u0131n a\u00e7\u0131lmas\u0131n\u0131 &#8211; umuyoruz ki daha normal bir duruma d\u00f6nebilelim,&#8221; diye ekledi.<\/p>\n<p>Wilson, bu y\u0131l\u0131n sonlar\u0131nda g\u00f6revinden ayr\u0131laca\u011f\u0131n\u0131 zaten duyurmu\u015ftu. Air India Grubu&#8217;nun, k\u00fcresel yak\u0131t piyasalar\u0131 de\u011fi\u015fkenli\u011fini korurken i\u015fi \u00fczerindeki bask\u0131n\u0131n boyutunu vurgulayarak, 31 Mart 2026&#8217;da sona eren mali y\u0131l i\u00e7in 22.000 crore rupiyi a\u015fan zararlar bildirdi\u011fi tahmin ediliyor.<\/p>\n<p><strong>Artan yak\u0131t fiyatlar\u0131<\/strong>, operasyonlar\u0131n k\u0131s\u0131tlanmas\u0131na yol a\u00e7\u0131yor.<\/p>\n<p>Air India&#8217;n\u0131n <strong>krizi<\/strong>, Hindistan&#8217;\u0131n devlete ait petrol pazarlama \u015firketleri \u00fczerinde de a\u011f\u0131r bask\u0131 olu\u015fturan daha geni\u015f bir <strong>petrol fiyat \u015fokuyla<\/strong> birlikte derinle\u015fiyor. Finans gazetesine g\u00f6re, k\u00fcresel ortalama jet yak\u0131t\u0131 fiyatlar\u0131 24 Nisan&#8217;da sona eren haftada varil ba\u015f\u0131na 179,46 dolara f\u0131rlad\u0131; bu, \u015eubat sonunda 99,40 dolardan %80&#8217;lik \u015fa\u015f\u0131rt\u0131c\u0131 bir art\u0131\u015fa i\u015faret ediyor. Ham petrol fiyatlar\u0131 da Per\u015fembe g\u00fcn\u00fc ABD Ba\u015fkan\u0131 Donald Trump&#8217;\u0131n \u0130ran&#8217;a y\u00f6nelik geni\u015fletilmi\u015f bir deniz ablukas\u0131 sinyali vermesinin ard\u0131ndan varil ba\u015f\u0131na 126 dolar\u0131 a\u015ft\u0131 ve <strong>H\u00fcrm\u00fcz Bo\u011faz\u0131<\/strong>&#8216;nda uzun s\u00fcreli bir kesinti korkular\u0131n\u0131 art\u0131rd\u0131. K\u00f6rfez Sava\u015f\u0131&#8217;n\u0131n 28 \u015eubat&#8217;ta ba\u015flamas\u0131ndan bu yana, yak\u0131t g\u00f6stergeleri keskin bir \u015fekilde y\u00fckseldi. Nisan ay\u0131ndaki ortalama dizel fiyatlar\u0131 \u015eubat ay\u0131na g\u00f6re %119 daha y\u00fcksekken, benzin %69, LPG %40&#8217;\u0131n \u00fczerinde artt\u0131 ve havac\u0131l\u0131k t\u00fcrbin yak\u0131t\u0131 fiyatlar\u0131 iki kat\u0131na \u00e7\u0131kt\u0131.<\/p>\n<p>Ham petroldeki bu keskin s\u0131\u00e7rama, benzin, dizel, havac\u0131l\u0131k t\u00fcrbin yak\u0131t\u0131 ve LPG&#8217;deki artan maliyetlerle m\u00fccadele eden petrol \u015firketlerinin zararlar\u0131n\u0131 daha da art\u0131rd\u0131.<\/p>\n<p>Konuya yak\u0131n kaynaklara g\u00f6re, bir\u00e7ok eyaletteki oylaman\u0131n tamamlanmas\u0131n\u0131n ard\u0131ndan, petrol pazarlama \u015firketleri daha y\u00fcksek k\u00fcresel maliyetleri t\u00fcketicilere yans\u0131tmak amac\u0131yla yurt i\u00e7i <strong>yak\u0131t fiyatlar\u0131nda<\/strong> daha h\u0131zl\u0131 bir art\u0131\u015f i\u00e7in bask\u0131 yap\u0131yor.<\/p>\n<p>Bu bask\u0131ya ra\u011fmen, h\u00fck\u00fcmetin fiyat art\u0131\u015flar\u0131n\u0131 derhal onaylamakta isteksiz oldu\u011fu g\u00f6zlemleniyor. Petrol ve Do\u011fal Gaz Bakanl\u0131\u011f\u0131 ortak sekreteri Sujata Sharma Per\u015fembe g\u00fcn\u00fc yapt\u0131\u011f\u0131 a\u00e7\u0131klamada, &#8220;Uluslararas\u0131 fiyatlar de\u011fi\u015fken oldu ve keskin bir \u015fekilde y\u00fckseldi, ancak h\u00fck\u00fcmetin \u00e7abas\u0131 t\u00fcketicilerin en az sorunla kar\u015f\u0131la\u015fmas\u0131n\u0131 sa\u011flamak oldu &#8211; bu y\u00fczden fiyatlar\u0131m\u0131z istikrarl\u0131,&#8221; dedi. Sharma, &#8220;(Petrol pazarlama \u015firketleri \u00fczerindeki) etkisi zamanla belli olacak,&#8221; diye ekledi.<\/p>\n<p>Hafta ba\u015f\u0131nda Sharma, 1 May\u0131s&#8217;tan itibaren <strong>yak\u0131t fiyatlar\u0131n\u0131<\/strong> art\u0131rma teklifi olmad\u0131\u011f\u0131n\u0131 da belirtmi\u015fti. Tart\u0131\u015fmalardan haberdar olan ki\u015filer, y\u00fcksek ham petrol fiyatlar\u0131n\u0131n devam etmesi halinde petrol \u015firketlerinin nihayetinde ya perakende fiyat art\u0131\u015flar\u0131na ya da h\u00fck\u00fcmet tazminat\u0131na ihtiya\u00e7 duyabilece\u011fini ifade etti. Ancak, LPG ve g\u00fcbre s\u00fcbvansiyonlar\u0131n\u0131n zaten artmas\u0131yla, daha fazla eksik tahsilat\u0131 absorbe etmek kamu maliyesi \u00fczerinde ek bask\u0131 olu\u015fturabilir.<\/p>\n<p>Premium yak\u0131tlar, d\u00f6kme dizel ve uluslararas\u0131 u\u00e7u\u015flar i\u00e7in ATF fiyatlar\u0131 yukar\u0131 y\u00f6nl\u00fc ayarlanm\u0131\u015f olsa da, normal benzin ve dizel pompa fiyatlar\u0131 de\u011fi\u015fmeden kal\u0131rken, yurt i\u00e7i ATF sadece k\u0131smen art\u0131r\u0131ld\u0131.<\/p>\n<p>TOI \u0130\u015f Masas\u0131, The Times of India okuyucular\u0131na d\u00fcnyan\u0131n d\u00f6rt bir yan\u0131ndan en son ve en alakal\u0131 i\u015f haberlerini sunmaya kendini adam\u0131\u015f, dikkatli ve \u00f6zverili bir gazeteci ekibidir. TOI \u0130\u015f Masas\u0131&#8217;n\u0131n birincil odak noktas\u0131, k\u00fcresel i\u015f d\u00fcnyas\u0131 manzaras\u0131n\u0131 dikkatle izlemek, geni\u015f bir end\u00fcstri yelpazesini, piyasalar\u0131, ekonomik e\u011filimleri, derinlemesine analizleri, \u00f6zel raporlar\u0131 ve i\u015fletmeleri ve ekonomileri etkileyen son dakika haberlerini kapsamak. De\u011ferli i\u00e7g\u00f6r\u00fcler ve g\u00fcncellemeler sa\u011flama misyonuyla, masa, TOI okuyucular\u0131n\u0131n s\u00fcrekli de\u011fi\u015fen ve dinamik ticaret d\u00fcnyas\u0131 hakk\u0131nda iyi bilgilendirilmesini ve i\u015f d\u00fcnyas\u0131n\u0131n karma\u015f\u0131kl\u0131klar\u0131nda yol alabilmesini sa\u011flar.<\/p>\n<p>#AirIndia #U\u00e7u\u015f\u0130ptalleri #Yak\u0131tFiyatlar\u0131 #Havac\u0131l\u0131kKrizi #HavaYolu\u015eirketleri #K\u00fcreselEkonomi #H\u00fcrm\u00fczBo\u011faz\u0131 #HindistanEkonomisi #PetrolFiyatlar\u0131 #Uluslararas\u0131U\u00e7u\u015flar<\/p>\n","protected":false},"excerpt":{"rendered":"<p>Air India, artan jet yak\u0131t\u0131 fiyatlar\u0131 ve hava sahas\u0131 k\u0131s\u0131tlamalar\u0131 nedeniyle bir\u00e7ok yurt d\u0131\u015f\u0131 rotas\u0131n\u0131n i\u015fletilmesini a\u015f\u0131r\u0131 derecede pahal\u0131 hale getirmesiyle, zaten zarar eden havayolu \u015firketinin krizini derinle\u015ftirerek, Temmuz ay\u0131na kadar yakla\u015f\u0131k 100 yurt i\u00e7i ve yurt d\u0131\u015f\u0131 u\u00e7u\u015funu iptal etmeye haz\u0131rlan\u0131yor. Air India CEO&#8217;su ve genel m\u00fcd\u00fcr\u00fc Campbell Wilson Cuma g\u00fcn\u00fc \u00e7al\u0131\u015fanlar\u0131na yapt\u0131\u011f\u0131 a\u00e7\u0131klamada, [&hellip;]<\/p>\n","protected":false},"author":2,"featured_media":15175,"comment_status":"open","ping_status":"open","sticky":false,"template":"","format":"standard","meta":{"footnotes":""},"categories":[37],"tags":[],"class_list":["post-15174","post","type-post","status-publish","format-standard","has-post-thumbnail","hentry","category-orta-dogu-haberleri"],"_links":{"self":[{"href":"https:\/\/fajr.news\/index.php?rest_route=\/wp\/v2\/posts\/15174","targetHints":{"allow":["GET"]}}],"collection":[{"href":"https:\/\/fajr.news\/index.php?rest_route=\/wp\/v2\/posts"}],"about":[{"href":"https:\/\/fajr.news\/index.php?rest_route=\/wp\/v2\/types\/post"}],"author":[{"embeddable":true,"href":"https:\/\/fajr.news\/index.php?rest_route=\/wp\/v2\/users\/2"}],"replies":[{"embeddable":true,"href":"https:\/\/fajr.news\/index.php?rest_route=%2Fwp%2Fv2%2Fcomments&post=15174"}],"version-history":[{"count":0,"href":"https:\/\/fajr.news\/index.php?rest_route=\/wp\/v2\/posts\/15174\/revisions"}],"wp:featuredmedia":[{"embeddable":true,"href":"https:\/\/fajr.news\/index.php?rest_route=\/wp\/v2\/media\/15175"}],"wp:attachment":[{"href":"https:\/\/fajr.news\/index.php?rest_route=%2Fwp%2Fv2%2Fmedia&parent=15174"}],"wp:term":[{"taxonomy":"category","embeddable":true,"href":"https:\/\/fajr.news\/index.php?rest_route=%2Fwp%2Fv2%2Fcategories&post=15174"},{"taxonomy":"post_tag","embeddable":true,"href":"https:\/\/fajr.news\/index.php?rest_route=%2Fwp%2Fv2%2Ftags&post=15174"}],"curies":[{"name":"wp","href":"https:\/\/api.w.org\/{rel}","templated":true}]}}